{"id":74449,"date":"2025-03-05T11:20:50","date_gmt":"2025-03-05T11:20:50","guid":{"rendered":"https:\/\/revistadospneus.com\/pt\/?p=74449"},"modified":"2025-03-05T11:20:50","modified_gmt":"2025-03-05T11:20:50","slug":"hankook-inicia-expansao-de-nova-fabrica-na-europa","status":"publish","type":"post","link":"https:\/\/revistadospneus.com\/pt\/2025\/03\/05\/hankook-inicia-expansao-de-nova-fabrica-na-europa\/","title":{"rendered":"Hankook inicia expans\u00e3o de nova f\u00e1brica na Europa"},"content":{"rendered":"<p><strong><img loading=\"lazy\" decoding=\"async\" class=\"alignnone size-full wp-image-74454\" src=\"https:\/\/revistadospneus.com\/pt\/wp-content\/uploads\/2025\/03\/Hankook-inicia-expansao-de-nova-fabrica-na-Europa.jpg\" alt=\"03 - Hankook inicia expansao de nova fabrica na Europa\" width=\"1024\" height=\"581\" srcset=\"https:\/\/revistadospneus.com\/pt\/wp-content\/uploads\/2025\/03\/Hankook-inicia-expansao-de-nova-fabrica-na-Europa.jpg 1024w, https:\/\/revistadospneus.com\/pt\/wp-content\/uploads\/2025\/03\/Hankook-inicia-expansao-de-nova-fabrica-na-Europa-300x170.jpg 300w, https:\/\/revistadospneus.com\/pt\/wp-content\/uploads\/2025\/03\/Hankook-inicia-expansao-de-nova-fabrica-na-Europa-150x85.jpg 150w, https:\/\/revistadospneus.com\/pt\/wp-content\/uploads\/2025\/03\/Hankook-inicia-expansao-de-nova-fabrica-na-Europa-768x436.jpg 768w\" sizes=\"auto, (max-width: 1024px) 100vw, 1024px\" \/><\/strong><\/p>\n<p><strong>A constru\u00e7\u00e3o da nova f\u00e1brica da <a href=\"https:\/\/www.hankooktire.com\/\" target=\"_blank\" rel=\"noopener\">Hankook<\/a> em R\u00e1calm\u00e1s, na H\u00fangria, j\u00e1 come\u00e7ou e estar\u00e1 conclu\u00edda em 2027<\/strong><\/p>\n<p>O fabricante de pneus premium Hankook come\u00e7ou a trabalhar na expans\u00e3o da sua unidade de produ\u00e7\u00e3o europeia em R\u00e1calm\u00e1s, na Hungria. Durante a fase de constru\u00e7\u00e3o, que se prolongar\u00e1 at\u00e9 2027, ser\u00e1 criada uma nova linha de produ\u00e7\u00e3o de pneus para cami\u00f5es e autocarros com uma capacidade de at\u00e9 800.000 unidades por ano.<\/p>\n<p>No futuro, a nova f\u00e1brica da Hankook ir\u00e1 produzir produtos premium para transporte de longa dist\u00e2ncia e aplica\u00e7\u00f5es mistas, SmartLine AL\/DL 50 e SmartFlex AL\/DL 51, bem como pneus da nova s\u00e9rie e-SMART desenvolvidos especialmente para ve\u00edculos comerciais el\u00e9tricos.<\/p>\n<p>\u201cA Hankook est\u00e1 a satisfazer as necessidades dos seus clientes europeus ao oferecer novos produtos para todas as \u00e1reas de aplica\u00e7\u00e3o, desde o transporte regional e de longa dist\u00e2ncia at\u00e9 \u00e0 utiliza\u00e7\u00e3o em estaleiros de constru\u00e7\u00e3o e condi\u00e7\u00f5es de inverno\u201d, referiu o fabricante.<\/p>\n<p>&#8220;Estamos muito satisfeitos com o progresso. Ap\u00f3s recebermos as licen\u00e7as necess\u00e1rias, pudemos iniciar os trabalhos de constru\u00e7\u00e3o conforme planeado e os trabalhos de escava\u00e7\u00e3o preparat\u00f3ria j\u00e1 est\u00e3o em curso\u201d, afirmou Jongho Park, presidente e diretor de opera\u00e7\u00f5es da Hankook Tire Europe.<\/p>\n<p>&#8220;Quando a nova linha de produ\u00e7\u00e3o estiver conclu\u00edda, produziremos pneus para cami\u00f5es e autocarros para o mercado europeu na Europa, poupando, assim, nas rotas de transporte. Com este investimento, estamos a refor\u00e7ar a localiza\u00e7\u00e3o da Europa e a criar novos postos de trabalho&#8221;, continuou.<\/p>\n<p>A f\u00e1brica de pneus h\u00fangara est\u00e1 em funcionamento desde 2007 e representa o pilar estrat\u00e9gico da Hankook para a sua expans\u00e3o na Europa. A f\u00e1brica europeia disp\u00f5e de instala\u00e7\u00f5es de produ\u00e7\u00e3o de \u00faltima gera\u00e7\u00e3o e tem atualmente uma capacidade de produ\u00e7\u00e3o de 17 milh\u00f5es de pneus para autom\u00f3veis de passageiros e ve\u00edculos comerciais ligeiros.<\/p>\n<p>Os novos centros de produ\u00e7\u00e3o est\u00e3o tamb\u00e9m a incorporar as mais modernas tecnologias na produ\u00e7\u00e3o de pneus, como materiais sustent\u00e1veis, regenerativos e reciclados, bem como fabrico aditivo 3D para a cria\u00e7\u00e3o de moldes de piso. A f\u00e1brica h\u00fangara possui a cobi\u00e7ada certifica\u00e7\u00e3o ISCC PLUS (International Sustainability &amp; Carbon Certification), que destaca o conceito geral de sustentabilidade do local de produ\u00e7\u00e3o.<\/p>\n<p>A Hankook vai investir cerca de 540 milh\u00f5es de euros no projeto de expans\u00e3o at\u00e9 2027 e criar\u00e1 tamb\u00e9m 450 novos postos de trabalho. Atualmente, a Hankook possui oito unidades de produ\u00e7\u00e3o em todo o mundo, com uma capacidade total de aproximadamente 100 milh\u00f5es de pneus por ano.<\/p>\n<!-- AddThis Advanced Settings generic via filter on the_content --><!-- AddThis Share Buttons generic via filter on the_content -->","protected":false},"excerpt":{"rendered":"<p>A constru\u00e7\u00e3o da nova f\u00e1brica da Hankook em R\u00e1calm\u00e1s,&#8230;<!-- AddThis Advanced Settings generic via filter on get_the_excerpt --><!-- AddThis Share Buttons generic via filter on get_the_excerpt --><\/p>\n","protected":false},"author":13,"featured_media":74454,"comment_status":"closed","ping_status":"closed","sticky":false,"template":"","format":"standard","meta":{"footnotes":""},"categories":[29],"tags":[4179,4178,4177,2622,935,2164],"class_list":["post-74449","post","type-post","status-publish","format-standard","has-post-thumbnail","hentry","category-empresas","tag-100-milhoes-de-pneus","tag-450-novos-postos-de-trabalho","tag-540-milhoes-de-euros","tag-certificacao-iscc-plus","tag-hankook","tag-nova-fabrica"],"yoast_head":"<!-- This site is optimized with the Yoast SEO plugin v27.4 - https:\/\/yoast.com\/product\/yoast-seo-wordpress\/ -->\n<title>Hankook inicia expans\u00e3o de nova f\u00e1brica na Europa - Revista dos Pneus<\/title>\n<meta name=\"description\" content=\"A constru\u00e7\u00e3o da nova f\u00e1brica da Hankook em R\u00e1calm\u00e1s, na H\u00fangria, j\u00e1 come\u00e7ou e estar\u00e1 conclu\u00edda em meados de 2027\" \/>\n<meta name=\"robots\" content=\"index, follow, max-snippet:-1, max-image-preview:large, max-video-preview:-1\" \/>\n<link rel=\"canonical\" href=\"https:\/\/revistadospneus.com\/pt\/2025\/03\/05\/hankook-inicia-expansao-de-nova-fabrica-na-europa\/\" \/>\n<meta property=\"og:locale\" content=\"pt_PT\" \/>\n<meta property=\"og:type\" content=\"article\" \/>\n<meta property=\"og:title\" content=\"Hankook inicia expans\u00e3o de nova f\u00e1brica na Europa - Revista dos Pneus\" \/>\n<meta property=\"og:description\" content=\"A constru\u00e7\u00e3o da nova f\u00e1brica da Hankook em R\u00e1calm\u00e1s, na H\u00fangria, j\u00e1 come\u00e7ou e estar\u00e1 conclu\u00edda em meados de 2027\" \/>\n<meta property=\"og:url\" content=\"https:\/\/revistadospneus.com\/pt\/2025\/03\/05\/hankook-inicia-expansao-de-nova-fabrica-na-europa\/\" \/>\n<meta property=\"og:site_name\" content=\"Revista dos Pneus\" \/>\n<meta property=\"article:publisher\" content=\"https:\/\/www.facebook.com\/revistapneus\" \/>\n<meta property=\"article:published_time\" content=\"2025-03-05T11:20:50+00:00\" \/>\n<meta property=\"og:image\" content=\"https:\/\/revistadospneus.com\/pt\/wp-content\/uploads\/2025\/03\/Hankook-inicia-expansao-de-nova-fabrica-na-Europa.jpg\" \/>\n\t<meta property=\"og:image:width\" content=\"1024\" \/>\n\t<meta property=\"og:image:height\" content=\"581\" \/>\n\t<meta property=\"og:image:type\" content=\"image\/jpeg\" \/>\n<meta name=\"author\" content=\"Reda\u00e7\u00e3o RP\" \/>\n<meta name=\"twitter:card\" content=\"summary_large_image\" \/>\n<meta name=\"twitter:creator\" content=\"@revistapneus\" \/>\n<meta name=\"twitter:site\" content=\"@revistapneus\" \/>\n<meta name=\"twitter:label1\" content=\"Escrito por\" \/>\n\t<meta name=\"twitter:data1\" content=\"Reda\u00e7\u00e3o RP\" \/>\n\t<meta name=\"twitter:label2\" content=\"Tempo estimado de leitura\" \/>\n\t<meta name=\"twitter:data2\" content=\"3 minutos\" \/>\n<script type=\"application\/ld+json\" class=\"yoast-schema-graph\">{\"@context\":\"https:\\\/\\\/schema.org\",\"@graph\":[{\"@type\":\"Article\",\"@id\":\"https:\\\/\\\/revistadospneus.com\\\/pt\\\/2025\\\/03\\\/05\\\/hankook-inicia-expansao-de-nova-fabrica-na-europa\\\/#article\",\"isPartOf\":{\"@id\":\"https:\\\/\\\/revistadospneus.com\\\/pt\\\/2025\\\/03\\\/05\\\/hankook-inicia-expansao-de-nova-fabrica-na-europa\\\/\"},\"author\":{\"name\":\"Reda\u00e7\u00e3o RP\",\"@id\":\"https:\\\/\\\/revistadospneus.com\\\/pt\\\/#\\\/schema\\\/person\\\/9c602809538a614c26e5569d14ed6442\"},\"headline\":\"Hankook inicia expans\u00e3o de nova f\u00e1brica na Europa\",\"datePublished\":\"2025-03-05T11:20:50+00:00\",\"mainEntityOfPage\":{\"@id\":\"https:\\\/\\\/revistadospneus.com\\\/pt\\\/2025\\\/03\\\/05\\\/hankook-inicia-expansao-de-nova-fabrica-na-europa\\\/\"},\"wordCount\":468,\"publisher\":{\"@id\":\"https:\\\/\\\/revistadospneus.com\\\/pt\\\/#organization\"},\"image\":{\"@id\":\"https:\\\/\\\/revistadospneus.com\\\/pt\\\/2025\\\/03\\\/05\\\/hankook-inicia-expansao-de-nova-fabrica-na-europa\\\/#primaryimage\"},\"thumbnailUrl\":\"https:\\\/\\\/revistadospneus.com\\\/pt\\\/wp-content\\\/uploads\\\/2025\\\/03\\\/Hankook-inicia-expansao-de-nova-fabrica-na-Europa.jpg\",\"keywords\":[\"100 milh\u00f5es de pneus\",\"450 novos postos de trabalho\",\"540 milh\u00f5es de euros\",\"certifica\u00e7\u00e3o ISCC PLUS\",\"Hankook\",\"nova f\u00e1brica\"],\"articleSection\":[\"Empresas\"],\"inLanguage\":\"pt-PT\"},{\"@type\":\"WebPage\",\"@id\":\"https:\\\/\\\/revistadospneus.com\\\/pt\\\/2025\\\/03\\\/05\\\/hankook-inicia-expansao-de-nova-fabrica-na-europa\\\/\",\"url\":\"https:\\\/\\\/revistadospneus.com\\\/pt\\\/2025\\\/03\\\/05\\\/hankook-inicia-expansao-de-nova-fabrica-na-europa\\\/\",\"name\":\"Hankook inicia expans\u00e3o de nova f\u00e1brica na Europa - Revista dos Pneus\",\"isPartOf\":{\"@id\":\"https:\\\/\\\/revistadospneus.com\\\/pt\\\/#website\"},\"primaryImageOfPage\":{\"@id\":\"https:\\\/\\\/revistadospneus.com\\\/pt\\\/2025\\\/03\\\/05\\\/hankook-inicia-expansao-de-nova-fabrica-na-europa\\\/#primaryimage\"},\"image\":{\"@id\":\"https:\\\/\\\/revistadospneus.com\\\/pt\\\/2025\\\/03\\\/05\\\/hankook-inicia-expansao-de-nova-fabrica-na-europa\\\/#primaryimage\"},\"thumbnailUrl\":\"https:\\\/\\\/revistadospneus.com\\\/pt\\\/wp-content\\\/uploads\\\/2025\\\/03\\\/Hankook-inicia-expansao-de-nova-fabrica-na-Europa.jpg\",\"datePublished\":\"2025-03-05T11:20:50+00:00\",\"description\":\"A constru\u00e7\u00e3o da nova f\u00e1brica da Hankook em R\u00e1calm\u00e1s, na H\u00fangria, j\u00e1 come\u00e7ou e estar\u00e1 conclu\u00edda em meados de 2027\",\"breadcrumb\":{\"@id\":\"https:\\\/\\\/revistadospneus.com\\\/pt\\\/2025\\\/03\\\/05\\\/hankook-inicia-expansao-de-nova-fabrica-na-europa\\\/#breadcrumb\"},\"inLanguage\":\"pt-PT\",\"potentialAction\":[{\"@type\":\"ReadAction\",\"target\":[\"https:\\\/\\\/revistadospneus.com\\\/pt\\\/2025\\\/03\\\/05\\\/hankook-inicia-expansao-de-nova-fabrica-na-europa\\\/\"]}]},{\"@type\":\"ImageObject\",\"inLanguage\":\"pt-PT\",\"@id\":\"https:\\\/\\\/revistadospneus.com\\\/pt\\\/2025\\\/03\\\/05\\\/hankook-inicia-expansao-de-nova-fabrica-na-europa\\\/#primaryimage\",\"url\":\"https:\\\/\\\/revistadospneus.com\\\/pt\\\/wp-content\\\/uploads\\\/2025\\\/03\\\/Hankook-inicia-expansao-de-nova-fabrica-na-Europa.jpg\",\"contentUrl\":\"https:\\\/\\\/revistadospneus.com\\\/pt\\\/wp-content\\\/uploads\\\/2025\\\/03\\\/Hankook-inicia-expansao-de-nova-fabrica-na-Europa.jpg\",\"width\":1024,\"height\":581,\"caption\":\"03 - Hankook inicia expansao de nova fabrica na Europa\"},{\"@type\":\"BreadcrumbList\",\"@id\":\"https:\\\/\\\/revistadospneus.com\\\/pt\\\/2025\\\/03\\\/05\\\/hankook-inicia-expansao-de-nova-fabrica-na-europa\\\/#breadcrumb\",\"itemListElement\":[{\"@type\":\"ListItem\",\"position\":1,\"name\":\"In\u00edcio\",\"item\":\"https:\\\/\\\/revistadospneus.com\\\/pt\\\/\"},{\"@type\":\"ListItem\",\"position\":2,\"name\":\"Hankook inicia expans\u00e3o de nova f\u00e1brica na Europa\"}]},{\"@type\":\"WebSite\",\"@id\":\"https:\\\/\\\/revistadospneus.com\\\/pt\\\/#website\",\"url\":\"https:\\\/\\\/revistadospneus.com\\\/pt\\\/\",\"name\":\"Revista dos Pneus\",\"description\":\"Revista independente de pneus e servi\u00e7os r\u00e1pidos\",\"publisher\":{\"@id\":\"https:\\\/\\\/revistadospneus.com\\\/pt\\\/#organization\"},\"potentialAction\":[{\"@type\":\"SearchAction\",\"target\":{\"@type\":\"EntryPoint\",\"urlTemplate\":\"https:\\\/\\\/revistadospneus.com\\\/pt\\\/?s={search_term_string}\"},\"query-input\":{\"@type\":\"PropertyValueSpecification\",\"valueRequired\":true,\"valueName\":\"search_term_string\"}}],\"inLanguage\":\"pt-PT\"},{\"@type\":\"Organization\",\"@id\":\"https:\\\/\\\/revistadospneus.com\\\/pt\\\/#organization\",\"name\":\"Revista dos Pneus\",\"url\":\"https:\\\/\\\/revistadospneus.com\\\/pt\\\/\",\"logo\":{\"@type\":\"ImageObject\",\"inLanguage\":\"pt-PT\",\"@id\":\"https:\\\/\\\/revistadospneus.com\\\/pt\\\/#\\\/schema\\\/logo\\\/image\\\/\",\"url\":\"https:\\\/\\\/revistadospneus.com\\\/pt\\\/wp-content\\\/uploads\\\/logo2-1.png\",\"contentUrl\":\"https:\\\/\\\/revistadospneus.com\\\/pt\\\/wp-content\\\/uploads\\\/logo2-1.png\",\"width\":216,\"height\":70,\"caption\":\"Revista dos Pneus\"},\"image\":{\"@id\":\"https:\\\/\\\/revistadospneus.com\\\/pt\\\/#\\\/schema\\\/logo\\\/image\\\/\"},\"sameAs\":[\"https:\\\/\\\/www.facebook.com\\\/revistapneus\",\"https:\\\/\\\/x.com\\\/revistapneus\",\"https:\\\/\\\/www.linkedin.com\\\/company\\\/jornal-das-oficinas\\\/\",\"https:\\\/\\\/www.youtube.com\\\/channel\\\/UCbQZBqtcvV-oSQrr7RzINGg\"]},{\"@type\":\"Person\",\"@id\":\"https:\\\/\\\/revistadospneus.com\\\/pt\\\/#\\\/schema\\\/person\\\/9c602809538a614c26e5569d14ed6442\",\"name\":\"Reda\u00e7\u00e3o RP\",\"image\":{\"@type\":\"ImageObject\",\"inLanguage\":\"pt-PT\",\"@id\":\"https:\\\/\\\/secure.gravatar.com\\\/avatar\\\/71f2fa71737ad68a84fea94bc708ddac8ea5b0c4788dc2ad202f3ccb2887742f?s=96&d=wp_user_avatar&r=g\",\"url\":\"https:\\\/\\\/secure.gravatar.com\\\/avatar\\\/71f2fa71737ad68a84fea94bc708ddac8ea5b0c4788dc2ad202f3ccb2887742f?s=96&d=wp_user_avatar&r=g\",\"contentUrl\":\"https:\\\/\\\/secure.gravatar.com\\\/avatar\\\/71f2fa71737ad68a84fea94bc708ddac8ea5b0c4788dc2ad202f3ccb2887742f?s=96&d=wp_user_avatar&r=g\",\"caption\":\"Reda\u00e7\u00e3o RP\"},\"url\":\"https:\\\/\\\/revistadospneus.com\\\/pt\\\/author\\\/rpredacao\\\/\"}]}<\/script>\n<!-- \/ Yoast SEO plugin. -->","yoast_head_json":{"title":"Hankook inicia expans\u00e3o de nova f\u00e1brica na Europa - Revista dos Pneus","description":"A constru\u00e7\u00e3o da nova f\u00e1brica da Hankook em R\u00e1calm\u00e1s, na H\u00fangria, j\u00e1 come\u00e7ou e estar\u00e1 conclu\u00edda em meados de 2027","robots":{"index":"index","follow":"follow","max-snippet":"max-snippet:-1","max-image-preview":"max-image-preview:large","max-video-preview":"max-video-preview:-1"},"canonical":"https:\/\/revistadospneus.com\/pt\/2025\/03\/05\/hankook-inicia-expansao-de-nova-fabrica-na-europa\/","og_locale":"pt_PT","og_type":"article","og_title":"Hankook inicia expans\u00e3o de nova f\u00e1brica na Europa - Revista dos Pneus","og_description":"A constru\u00e7\u00e3o da nova f\u00e1brica da Hankook em R\u00e1calm\u00e1s, na H\u00fangria, j\u00e1 come\u00e7ou e estar\u00e1 conclu\u00edda em meados de 2027","og_url":"https:\/\/revistadospneus.com\/pt\/2025\/03\/05\/hankook-inicia-expansao-de-nova-fabrica-na-europa\/","og_site_name":"Revista dos Pneus","article_publisher":"https:\/\/www.facebook.com\/revistapneus","article_published_time":"2025-03-05T11:20:50+00:00","og_image":[{"width":1024,"height":581,"url":"https:\/\/revistadospneus.com\/pt\/wp-content\/uploads\/2025\/03\/Hankook-inicia-expansao-de-nova-fabrica-na-Europa.jpg","type":"image\/jpeg"}],"author":"Reda\u00e7\u00e3o RP","twitter_card":"summary_large_image","twitter_creator":"@revistapneus","twitter_site":"@revistapneus","twitter_misc":{"Escrito por":"Reda\u00e7\u00e3o RP","Tempo estimado de leitura":"3 minutos"},"schema":{"@context":"https:\/\/schema.org","@graph":[{"@type":"Article","@id":"https:\/\/revistadospneus.com\/pt\/2025\/03\/05\/hankook-inicia-expansao-de-nova-fabrica-na-europa\/#article","isPartOf":{"@id":"https:\/\/revistadospneus.com\/pt\/2025\/03\/05\/hankook-inicia-expansao-de-nova-fabrica-na-europa\/"},"author":{"name":"Reda\u00e7\u00e3o RP","@id":"https:\/\/revistadospneus.com\/pt\/#\/schema\/person\/9c602809538a614c26e5569d14ed6442"},"headline":"Hankook inicia expans\u00e3o de nova f\u00e1brica na Europa","datePublished":"2025-03-05T11:20:50+00:00","mainEntityOfPage":{"@id":"https:\/\/revistadospneus.com\/pt\/2025\/03\/05\/hankook-inicia-expansao-de-nova-fabrica-na-europa\/"},"wordCount":468,"publisher":{"@id":"https:\/\/revistadospneus.com\/pt\/#organization"},"image":{"@id":"https:\/\/revistadospneus.com\/pt\/2025\/03\/05\/hankook-inicia-expansao-de-nova-fabrica-na-europa\/#primaryimage"},"thumbnailUrl":"https:\/\/revistadospneus.com\/pt\/wp-content\/uploads\/2025\/03\/Hankook-inicia-expansao-de-nova-fabrica-na-Europa.jpg","keywords":["100 milh\u00f5es de pneus","450 novos postos de trabalho","540 milh\u00f5es de euros","certifica\u00e7\u00e3o ISCC PLUS","Hankook","nova f\u00e1brica"],"articleSection":["Empresas"],"inLanguage":"pt-PT"},{"@type":"WebPage","@id":"https:\/\/revistadospneus.com\/pt\/2025\/03\/05\/hankook-inicia-expansao-de-nova-fabrica-na-europa\/","url":"https:\/\/revistadospneus.com\/pt\/2025\/03\/05\/hankook-inicia-expansao-de-nova-fabrica-na-europa\/","name":"Hankook inicia expans\u00e3o de nova f\u00e1brica na Europa - Revista dos Pneus","isPartOf":{"@id":"https:\/\/revistadospneus.com\/pt\/#website"},"primaryImageOfPage":{"@id":"https:\/\/revistadospneus.com\/pt\/2025\/03\/05\/hankook-inicia-expansao-de-nova-fabrica-na-europa\/#primaryimage"},"image":{"@id":"https:\/\/revistadospneus.com\/pt\/2025\/03\/05\/hankook-inicia-expansao-de-nova-fabrica-na-europa\/#primaryimage"},"thumbnailUrl":"https:\/\/revistadospneus.com\/pt\/wp-content\/uploads\/2025\/03\/Hankook-inicia-expansao-de-nova-fabrica-na-Europa.jpg","datePublished":"2025-03-05T11:20:50+00:00","description":"A constru\u00e7\u00e3o da nova f\u00e1brica da Hankook em R\u00e1calm\u00e1s, na H\u00fangria, j\u00e1 come\u00e7ou e estar\u00e1 conclu\u00edda em meados de 2027","breadcrumb":{"@id":"https:\/\/revistadospneus.com\/pt\/2025\/03\/05\/hankook-inicia-expansao-de-nova-fabrica-na-europa\/#breadcrumb"},"inLanguage":"pt-PT","potentialAction":[{"@type":"ReadAction","target":["https:\/\/revistadospneus.com\/pt\/2025\/03\/05\/hankook-inicia-expansao-de-nova-fabrica-na-europa\/"]}]},{"@type":"ImageObject","inLanguage":"pt-PT","@id":"https:\/\/revistadospneus.com\/pt\/2025\/03\/05\/hankook-inicia-expansao-de-nova-fabrica-na-europa\/#primaryimage","url":"https:\/\/revistadospneus.com\/pt\/wp-content\/uploads\/2025\/03\/Hankook-inicia-expansao-de-nova-fabrica-na-Europa.jpg","contentUrl":"https:\/\/revistadospneus.com\/pt\/wp-content\/uploads\/2025\/03\/Hankook-inicia-expansao-de-nova-fabrica-na-Europa.jpg","width":1024,"height":581,"caption":"03 - Hankook inicia expansao de nova fabrica na Europa"},{"@type":"BreadcrumbList","@id":"https:\/\/revistadospneus.com\/pt\/2025\/03\/05\/hankook-inicia-expansao-de-nova-fabrica-na-europa\/#breadcrumb","itemListElement":[{"@type":"ListItem","position":1,"name":"In\u00edcio","item":"https:\/\/revistadospneus.com\/pt\/"},{"@type":"ListItem","position":2,"name":"Hankook inicia expans\u00e3o de nova f\u00e1brica na Europa"}]},{"@type":"WebSite","@id":"https:\/\/revistadospneus.com\/pt\/#website","url":"https:\/\/revistadospneus.com\/pt\/","name":"Revista dos Pneus","description":"Revista independente de pneus e servi\u00e7os r\u00e1pidos","publisher":{"@id":"https:\/\/revistadospneus.com\/pt\/#organization"},"potentialAction":[{"@type":"SearchAction","target":{"@type":"EntryPoint","urlTemplate":"https:\/\/revistadospneus.com\/pt\/?s={search_term_string}"},"query-input":{"@type":"PropertyValueSpecification","valueRequired":true,"valueName":"search_term_string"}}],"inLanguage":"pt-PT"},{"@type":"Organization","@id":"https:\/\/revistadospneus.com\/pt\/#organization","name":"Revista dos Pneus","url":"https:\/\/revistadospneus.com\/pt\/","logo":{"@type":"ImageObject","inLanguage":"pt-PT","@id":"https:\/\/revistadospneus.com\/pt\/#\/schema\/logo\/image\/","url":"https:\/\/revistadospneus.com\/pt\/wp-content\/uploads\/logo2-1.png","contentUrl":"https:\/\/revistadospneus.com\/pt\/wp-content\/uploads\/logo2-1.png","width":216,"height":70,"caption":"Revista dos Pneus"},"image":{"@id":"https:\/\/revistadospneus.com\/pt\/#\/schema\/logo\/image\/"},"sameAs":["https:\/\/www.facebook.com\/revistapneus","https:\/\/x.com\/revistapneus","https:\/\/www.linkedin.com\/company\/jornal-das-oficinas\/","https:\/\/www.youtube.com\/channel\/UCbQZBqtcvV-oSQrr7RzINGg"]},{"@type":"Person","@id":"https:\/\/revistadospneus.com\/pt\/#\/schema\/person\/9c602809538a614c26e5569d14ed6442","name":"Reda\u00e7\u00e3o RP","image":{"@type":"ImageObject","inLanguage":"pt-PT","@id":"https:\/\/secure.gravatar.com\/avatar\/71f2fa71737ad68a84fea94bc708ddac8ea5b0c4788dc2ad202f3ccb2887742f?s=96&d=wp_user_avatar&r=g","url":"https:\/\/secure.gravatar.com\/avatar\/71f2fa71737ad68a84fea94bc708ddac8ea5b0c4788dc2ad202f3ccb2887742f?s=96&d=wp_user_avatar&r=g","contentUrl":"https:\/\/secure.gravatar.com\/avatar\/71f2fa71737ad68a84fea94bc708ddac8ea5b0c4788dc2ad202f3ccb2887742f?s=96&d=wp_user_avatar&r=g","caption":"Reda\u00e7\u00e3o RP"},"url":"https:\/\/revistadospneus.com\/pt\/author\/rpredacao\/"}]}},"_links":{"self":[{"href":"https:\/\/revistadospneus.com\/pt\/wp-json\/wp\/v2\/posts\/74449","targetHints":{"allow":["GET"]}}],"collection":[{"href":"https:\/\/revistadospneus.com\/pt\/wp-json\/wp\/v2\/posts"}],"about":[{"href":"https:\/\/revistadospneus.com\/pt\/wp-json\/wp\/v2\/types\/post"}],"author":[{"embeddable":true,"href":"https:\/\/revistadospneus.com\/pt\/wp-json\/wp\/v2\/users\/13"}],"replies":[{"embeddable":true,"href":"https:\/\/revistadospneus.com\/pt\/wp-json\/wp\/v2\/comments?post=74449"}],"version-history":[{"count":5,"href":"https:\/\/revistadospneus.com\/pt\/wp-json\/wp\/v2\/posts\/74449\/revisions"}],"predecessor-version":[{"id":74455,"href":"https:\/\/revistadospneus.com\/pt\/wp-json\/wp\/v2\/posts\/74449\/revisions\/74455"}],"wp:featuredmedia":[{"embeddable":true,"href":"https:\/\/revistadospneus.com\/pt\/wp-json\/wp\/v2\/media\/74454"}],"wp:attachment":[{"href":"https:\/\/revistadospneus.com\/pt\/wp-json\/wp\/v2\/media?parent=74449"}],"wp:term":[{"taxonomy":"category","embeddable":true,"href":"https:\/\/revistadospneus.com\/pt\/wp-json\/wp\/v2\/categories?post=74449"},{"taxonomy":"post_tag","embeddable":true,"href":"https:\/\/revistadospneus.com\/pt\/wp-json\/wp\/v2\/tags?post=74449"}],"curies":[{"name":"wp","href":"https:\/\/api.w.org\/{rel}","templated":true}]}}