{"id":7461,"date":"2019-11-18T16:08:50","date_gmt":"2019-11-18T16:08:50","guid":{"rendered":"http:\/\/revistadospneus.com\/wp\/?p=7461"},"modified":"2020-02-07T17:30:55","modified_gmt":"2020-02-07T17:30:55","slug":"detentores-de-pneus-usados-enaltecem-contributo-da-valorpneu","status":"publish","type":"post","link":"https:\/\/revistadospneus.com\/pt\/2019\/11\/18\/detentores-de-pneus-usados-enaltecem-contributo-da-valorpneu\/","title":{"rendered":"Detentores de pneus usados enaltecem contributo da Valorpneu"},"content":{"rendered":"<p><img loading=\"lazy\" decoding=\"async\" class=\"alignnone wp-image-7462 size-full\" src=\"http:\/\/revistadospneus.com\/wp\/wp-content\/uploads\/2019\/11\/valorpneu.jpg\" alt=\"11 - valorpneu\" width=\"1024\" height=\"581\" srcset=\"https:\/\/revistadospneus.com\/pt\/wp-content\/uploads\/2019\/11\/valorpneu.jpg 1024w, https:\/\/revistadospneus.com\/pt\/wp-content\/uploads\/2019\/11\/valorpneu-300x170.jpg 300w, https:\/\/revistadospneus.com\/pt\/wp-content\/uploads\/2019\/11\/valorpneu-150x85.jpg 150w, https:\/\/revistadospneus.com\/pt\/wp-content\/uploads\/2019\/11\/valorpneu-768x436.jpg 768w\" sizes=\"auto, (max-width: 1024px) 100vw, 1024px\" \/><\/p>\n<p><strong>Em Portugal Continental, 65% dos detentores de pneus usados considera acima de razo\u00e1vel a sua satisfa\u00e7\u00e3o relativamente ao contributo da Valorpneu enquanto gestora do sistema.<\/strong><\/p>\n<p>Se formos para a Madeira e A\u00e7ores, esta percentagem corresponde a 49%. Apenas 3% afirma ser pouco relevante, quer do Continente quer das Regi\u00f5es Aut\u00f3nomas.<\/p>\n<p>Esta \u00e9 uma das conclus\u00f5es de um estudo realizado no \u00e2mbito da avalia\u00e7\u00e3o da satisfa\u00e7\u00e3o com o Sistema de Gest\u00e3o de Pneus Usados (SGPU) e do n\u00edvel de servi\u00e7o prestado pela Valorpneu, elaborado na sequ\u00eancia da iniciativa \u201cCircuito Portugal Valorpneu 2019\u201d.<\/p>\n<p>Este primeiro estudo a n\u00edvel nacional no \u00e2mbito da retoma de pneus em fim de vida do fluxo espec\u00edfico, realizado em parceria com a consultora <a href=\"https:\/\/www.gfk.com\/pt\/\" target=\"_blank\" rel=\"noopener noreferrer\">GfK<\/a>, revela ainda que mais de metade dos detentores (53%) assume um bom conhecimento sobre o sistema, com maior incid\u00eancia nas regi\u00f5es norte e sul do pa\u00eds.<\/p>\n<p>O estudo identificou que 99% dos inquiridos tem os pneus usados armazenados separadamente de outros res\u00edduos. No Continente, 38% e, nas ilhas, 42%, encontram-se armazenados no interior da oficina e, respetivamente, 86% e 87% em piso imperme\u00e1vel. J\u00e1 em 100% dos inquiridos, existem extintores e sinal\u00e9tica de seguran\u00e7a nas instala\u00e7\u00f5es.<\/p>\n<p>O objetivo desta opera\u00e7\u00e3o passou por conhecer as pr\u00e1ticas de cada detentor, o seu n\u00edvel de conhecimento sobre o sistema, assim como escutar anseios e preocupa\u00e7\u00f5es, a fim de aproximar a rela\u00e7\u00e3o entre estes agentes e a Valorpneu, al\u00e9m de obter um conhecimento mais profundo sobre as necessidades do setor.<\/p>\n<p>A iniciativa da <a href=\"https:\/\/www.valorpneu.pt\/\" target=\"_blank\" rel=\"noopener noreferrer\">Valorpneu<\/a> envolveu cerca de 770 visitas mensais, numa a\u00e7\u00e3o de sensibiliza\u00e7\u00e3o que levou at\u00e9 aos detentores nacionais, pela primeira vez, um pneu telecomandado que relembrou os passos fundamentais a cumprir na gest\u00e3o destes res\u00edduos.<\/p>\n<p>Uma forma interativa e din\u00e2mica de contacto, que permitiu envolver os interlocutores com as mensagens da Valorpneu e concluir que, tamb\u00e9m a este n\u00edvel, o balan\u00e7o \u00e9 positivo, uma vez que \u201c76% dos inquiridos confirma conhecer a legisla\u00e7\u00e3o associada \u00e0 gest\u00e3o de pneus usados e 86% tem conhecimento que decorre da legisla\u00e7\u00e3o obriga\u00e7\u00f5es para as suas empresas, o que nos deixa francamente satisfeitos\u201d, concluiu Clim\u00e9nia Silva.<\/p>\n<p>&nbsp;<\/p>\n<!-- AddThis Advanced Settings generic via filter on the_content --><!-- AddThis Share Buttons generic via filter on the_content -->","protected":false},"excerpt":{"rendered":"<p>Em Portugal Continental, 65% dos detentores de pneus usados&#8230;<!-- AddThis Advanced Settings generic via filter on get_the_excerpt --><!-- AddThis Share Buttons generic via filter on get_the_excerpt --><\/p>\n","protected":false},"author":13,"featured_media":7462,"comment_status":"closed","ping_status":"closed","sticky":false,"template":"","format":"standard","meta":{"footnotes":""},"categories":[37],"tags":[990,1153,912,943],"class_list":["post-7461","post","type-post","status-publish","format-standard","has-post-thumbnail","hentry","category-mercado","tag-circuito-portugal-valorpneu","tag-gfk","tag-revista-dos-pneus","tag-valorpneu"],"yoast_head":"<!-- This site is optimized with the Yoast SEO plugin v27.5 - https:\/\/yoast.com\/product\/yoast-seo-wordpress\/ -->\n<title>Detentores de pneus usados enaltecem contributo da Valorpneu - Revista dos Pneus<\/title>\n<meta name=\"robots\" content=\"index, follow, max-snippet:-1, max-image-preview:large, max-video-preview:-1\" \/>\n<link rel=\"canonical\" href=\"https:\/\/revistadospneus.com\/pt\/2019\/11\/18\/detentores-de-pneus-usados-enaltecem-contributo-da-valorpneu\/\" \/>\n<meta property=\"og:locale\" content=\"pt_PT\" \/>\n<meta property=\"og:type\" content=\"article\" \/>\n<meta property=\"og:title\" content=\"Detentores de pneus usados enaltecem contributo da Valorpneu - Revista dos Pneus\" \/>\n<meta property=\"og:description\" content=\"Em Portugal Continental, 65% dos detentores de pneus usados...\" \/>\n<meta property=\"og:url\" content=\"https:\/\/revistadospneus.com\/pt\/2019\/11\/18\/detentores-de-pneus-usados-enaltecem-contributo-da-valorpneu\/\" \/>\n<meta property=\"og:site_name\" content=\"Revista dos Pneus\" \/>\n<meta property=\"article:publisher\" content=\"https:\/\/www.facebook.com\/revistapneus\" \/>\n<meta property=\"article:published_time\" content=\"2019-11-18T16:08:50+00:00\" \/>\n<meta property=\"article:modified_time\" content=\"2020-02-07T17:30:55+00:00\" \/>\n<meta property=\"og:image\" content=\"https:\/\/revistadospneus.com\/pt\/wp-content\/uploads\/2019\/11\/valorpneu.jpg\" \/>\n\t<meta property=\"og:image:width\" content=\"1024\" \/>\n\t<meta property=\"og:image:height\" content=\"581\" \/>\n\t<meta property=\"og:image:type\" content=\"image\/jpeg\" \/>\n<meta name=\"author\" content=\"Reda\u00e7\u00e3o RP\" \/>\n<meta name=\"twitter:card\" content=\"summary_large_image\" \/>\n<meta name=\"twitter:creator\" content=\"@revistapneus\" \/>\n<meta name=\"twitter:site\" content=\"@revistapneus\" \/>\n<meta name=\"twitter:label1\" content=\"Escrito por\" \/>\n\t<meta name=\"twitter:data1\" content=\"Reda\u00e7\u00e3o RP\" \/>\n\t<meta name=\"twitter:label2\" content=\"Tempo estimado de leitura\" \/>\n\t<meta name=\"twitter:data2\" content=\"2 minutos\" \/>\n<script type=\"application\/ld+json\" class=\"yoast-schema-graph\">{\"@context\":\"https:\\\/\\\/schema.org\",\"@graph\":[{\"@type\":\"Article\",\"@id\":\"https:\\\/\\\/revistadospneus.com\\\/pt\\\/2019\\\/11\\\/18\\\/detentores-de-pneus-usados-enaltecem-contributo-da-valorpneu\\\/#article\",\"isPartOf\":{\"@id\":\"https:\\\/\\\/revistadospneus.com\\\/pt\\\/2019\\\/11\\\/18\\\/detentores-de-pneus-usados-enaltecem-contributo-da-valorpneu\\\/\"},\"author\":{\"name\":\"Reda\u00e7\u00e3o RP\",\"@id\":\"https:\\\/\\\/revistadospneus.com\\\/pt\\\/#\\\/schema\\\/person\\\/9c602809538a614c26e5569d14ed6442\"},\"headline\":\"Detentores de pneus usados enaltecem contributo da Valorpneu\",\"datePublished\":\"2019-11-18T16:08:50+00:00\",\"dateModified\":\"2020-02-07T17:30:55+00:00\",\"mainEntityOfPage\":{\"@id\":\"https:\\\/\\\/revistadospneus.com\\\/pt\\\/2019\\\/11\\\/18\\\/detentores-de-pneus-usados-enaltecem-contributo-da-valorpneu\\\/\"},\"wordCount\":379,\"publisher\":{\"@id\":\"https:\\\/\\\/revistadospneus.com\\\/pt\\\/#organization\"},\"image\":{\"@id\":\"https:\\\/\\\/revistadospneus.com\\\/pt\\\/2019\\\/11\\\/18\\\/detentores-de-pneus-usados-enaltecem-contributo-da-valorpneu\\\/#primaryimage\"},\"thumbnailUrl\":\"https:\\\/\\\/revistadospneus.com\\\/pt\\\/wp-content\\\/uploads\\\/2019\\\/11\\\/valorpneu.jpg\",\"keywords\":[\"Circuito Portugal Valorpneu\",\"GfK\",\"Revista dos Pneus\",\"Valorpneu\"],\"articleSection\":[\"Mercado\"],\"inLanguage\":\"pt-PT\"},{\"@type\":\"WebPage\",\"@id\":\"https:\\\/\\\/revistadospneus.com\\\/pt\\\/2019\\\/11\\\/18\\\/detentores-de-pneus-usados-enaltecem-contributo-da-valorpneu\\\/\",\"url\":\"https:\\\/\\\/revistadospneus.com\\\/pt\\\/2019\\\/11\\\/18\\\/detentores-de-pneus-usados-enaltecem-contributo-da-valorpneu\\\/\",\"name\":\"Detentores de pneus usados enaltecem contributo da Valorpneu - Revista dos Pneus\",\"isPartOf\":{\"@id\":\"https:\\\/\\\/revistadospneus.com\\\/pt\\\/#website\"},\"primaryImageOfPage\":{\"@id\":\"https:\\\/\\\/revistadospneus.com\\\/pt\\\/2019\\\/11\\\/18\\\/detentores-de-pneus-usados-enaltecem-contributo-da-valorpneu\\\/#primaryimage\"},\"image\":{\"@id\":\"https:\\\/\\\/revistadospneus.com\\\/pt\\\/2019\\\/11\\\/18\\\/detentores-de-pneus-usados-enaltecem-contributo-da-valorpneu\\\/#primaryimage\"},\"thumbnailUrl\":\"https:\\\/\\\/revistadospneus.com\\\/pt\\\/wp-content\\\/uploads\\\/2019\\\/11\\\/valorpneu.jpg\",\"datePublished\":\"2019-11-18T16:08:50+00:00\",\"dateModified\":\"2020-02-07T17:30:55+00:00\",\"breadcrumb\":{\"@id\":\"https:\\\/\\\/revistadospneus.com\\\/pt\\\/2019\\\/11\\\/18\\\/detentores-de-pneus-usados-enaltecem-contributo-da-valorpneu\\\/#breadcrumb\"},\"inLanguage\":\"pt-PT\",\"potentialAction\":[{\"@type\":\"ReadAction\",\"target\":[\"https:\\\/\\\/revistadospneus.com\\\/pt\\\/2019\\\/11\\\/18\\\/detentores-de-pneus-usados-enaltecem-contributo-da-valorpneu\\\/\"]}]},{\"@type\":\"ImageObject\",\"inLanguage\":\"pt-PT\",\"@id\":\"https:\\\/\\\/revistadospneus.com\\\/pt\\\/2019\\\/11\\\/18\\\/detentores-de-pneus-usados-enaltecem-contributo-da-valorpneu\\\/#primaryimage\",\"url\":\"https:\\\/\\\/revistadospneus.com\\\/pt\\\/wp-content\\\/uploads\\\/2019\\\/11\\\/valorpneu.jpg\",\"contentUrl\":\"https:\\\/\\\/revistadospneus.com\\\/pt\\\/wp-content\\\/uploads\\\/2019\\\/11\\\/valorpneu.jpg\",\"width\":1024,\"height\":581,\"caption\":\"11 - valorpneu\"},{\"@type\":\"BreadcrumbList\",\"@id\":\"https:\\\/\\\/revistadospneus.com\\\/pt\\\/2019\\\/11\\\/18\\\/detentores-de-pneus-usados-enaltecem-contributo-da-valorpneu\\\/#breadcrumb\",\"itemListElement\":[{\"@type\":\"ListItem\",\"position\":1,\"name\":\"In\u00edcio\",\"item\":\"https:\\\/\\\/revistadospneus.com\\\/pt\\\/\"},{\"@type\":\"ListItem\",\"position\":2,\"name\":\"Detentores de pneus usados enaltecem contributo da Valorpneu\"}]},{\"@type\":\"WebSite\",\"@id\":\"https:\\\/\\\/revistadospneus.com\\\/pt\\\/#website\",\"url\":\"https:\\\/\\\/revistadospneus.com\\\/pt\\\/\",\"name\":\"Revista dos Pneus\",\"description\":\"Revista independente de pneus e servi\u00e7os r\u00e1pidos\",\"publisher\":{\"@id\":\"https:\\\/\\\/revistadospneus.com\\\/pt\\\/#organization\"},\"potentialAction\":[{\"@type\":\"SearchAction\",\"target\":{\"@type\":\"EntryPoint\",\"urlTemplate\":\"https:\\\/\\\/revistadospneus.com\\\/pt\\\/?s={search_term_string}\"},\"query-input\":{\"@type\":\"PropertyValueSpecification\",\"valueRequired\":true,\"valueName\":\"search_term_string\"}}],\"inLanguage\":\"pt-PT\"},{\"@type\":\"Organization\",\"@id\":\"https:\\\/\\\/revistadospneus.com\\\/pt\\\/#organization\",\"name\":\"Revista dos Pneus\",\"url\":\"https:\\\/\\\/revistadospneus.com\\\/pt\\\/\",\"logo\":{\"@type\":\"ImageObject\",\"inLanguage\":\"pt-PT\",\"@id\":\"https:\\\/\\\/revistadospneus.com\\\/pt\\\/#\\\/schema\\\/logo\\\/image\\\/\",\"url\":\"https:\\\/\\\/revistadospneus.com\\\/pt\\\/wp-content\\\/uploads\\\/logo2-1.png\",\"contentUrl\":\"https:\\\/\\\/revistadospneus.com\\\/pt\\\/wp-content\\\/uploads\\\/logo2-1.png\",\"width\":216,\"height\":70,\"caption\":\"Revista dos Pneus\"},\"image\":{\"@id\":\"https:\\\/\\\/revistadospneus.com\\\/pt\\\/#\\\/schema\\\/logo\\\/image\\\/\"},\"sameAs\":[\"https:\\\/\\\/www.facebook.com\\\/revistapneus\",\"https:\\\/\\\/x.com\\\/revistapneus\",\"https:\\\/\\\/www.linkedin.com\\\/company\\\/jornal-das-oficinas\\\/\",\"https:\\\/\\\/www.youtube.com\\\/channel\\\/UCbQZBqtcvV-oSQrr7RzINGg\"]},{\"@type\":\"Person\",\"@id\":\"https:\\\/\\\/revistadospneus.com\\\/pt\\\/#\\\/schema\\\/person\\\/9c602809538a614c26e5569d14ed6442\",\"name\":\"Reda\u00e7\u00e3o RP\",\"image\":{\"@type\":\"ImageObject\",\"inLanguage\":\"pt-PT\",\"@id\":\"https:\\\/\\\/secure.gravatar.com\\\/avatar\\\/71f2fa71737ad68a84fea94bc708ddac8ea5b0c4788dc2ad202f3ccb2887742f?s=96&d=wp_user_avatar&r=g\",\"url\":\"https:\\\/\\\/secure.gravatar.com\\\/avatar\\\/71f2fa71737ad68a84fea94bc708ddac8ea5b0c4788dc2ad202f3ccb2887742f?s=96&d=wp_user_avatar&r=g\",\"contentUrl\":\"https:\\\/\\\/secure.gravatar.com\\\/avatar\\\/71f2fa71737ad68a84fea94bc708ddac8ea5b0c4788dc2ad202f3ccb2887742f?s=96&d=wp_user_avatar&r=g\",\"caption\":\"Reda\u00e7\u00e3o RP\"},\"url\":\"https:\\\/\\\/revistadospneus.com\\\/pt\\\/author\\\/rpredacao\\\/\"}]}<\/script>\n<!-- \/ Yoast SEO plugin. -->","yoast_head_json":{"title":"Detentores de pneus usados enaltecem contributo da Valorpneu - Revista dos Pneus","robots":{"index":"index","follow":"follow","max-snippet":"max-snippet:-1","max-image-preview":"max-image-preview:large","max-video-preview":"max-video-preview:-1"},"canonical":"https:\/\/revistadospneus.com\/pt\/2019\/11\/18\/detentores-de-pneus-usados-enaltecem-contributo-da-valorpneu\/","og_locale":"pt_PT","og_type":"article","og_title":"Detentores de pneus usados enaltecem contributo da Valorpneu - Revista dos Pneus","og_description":"Em Portugal Continental, 65% dos detentores de pneus usados...","og_url":"https:\/\/revistadospneus.com\/pt\/2019\/11\/18\/detentores-de-pneus-usados-enaltecem-contributo-da-valorpneu\/","og_site_name":"Revista dos Pneus","article_publisher":"https:\/\/www.facebook.com\/revistapneus","article_published_time":"2019-11-18T16:08:50+00:00","article_modified_time":"2020-02-07T17:30:55+00:00","og_image":[{"width":1024,"height":581,"url":"https:\/\/revistadospneus.com\/pt\/wp-content\/uploads\/2019\/11\/valorpneu.jpg","type":"image\/jpeg"}],"author":"Reda\u00e7\u00e3o RP","twitter_card":"summary_large_image","twitter_creator":"@revistapneus","twitter_site":"@revistapneus","twitter_misc":{"Escrito por":"Reda\u00e7\u00e3o RP","Tempo estimado de leitura":"2 minutos"},"schema":{"@context":"https:\/\/schema.org","@graph":[{"@type":"Article","@id":"https:\/\/revistadospneus.com\/pt\/2019\/11\/18\/detentores-de-pneus-usados-enaltecem-contributo-da-valorpneu\/#article","isPartOf":{"@id":"https:\/\/revistadospneus.com\/pt\/2019\/11\/18\/detentores-de-pneus-usados-enaltecem-contributo-da-valorpneu\/"},"author":{"name":"Reda\u00e7\u00e3o RP","@id":"https:\/\/revistadospneus.com\/pt\/#\/schema\/person\/9c602809538a614c26e5569d14ed6442"},"headline":"Detentores de pneus usados enaltecem contributo da Valorpneu","datePublished":"2019-11-18T16:08:50+00:00","dateModified":"2020-02-07T17:30:55+00:00","mainEntityOfPage":{"@id":"https:\/\/revistadospneus.com\/pt\/2019\/11\/18\/detentores-de-pneus-usados-enaltecem-contributo-da-valorpneu\/"},"wordCount":379,"publisher":{"@id":"https:\/\/revistadospneus.com\/pt\/#organization"},"image":{"@id":"https:\/\/revistadospneus.com\/pt\/2019\/11\/18\/detentores-de-pneus-usados-enaltecem-contributo-da-valorpneu\/#primaryimage"},"thumbnailUrl":"https:\/\/revistadospneus.com\/pt\/wp-content\/uploads\/2019\/11\/valorpneu.jpg","keywords":["Circuito Portugal Valorpneu","GfK","Revista dos Pneus","Valorpneu"],"articleSection":["Mercado"],"inLanguage":"pt-PT"},{"@type":"WebPage","@id":"https:\/\/revistadospneus.com\/pt\/2019\/11\/18\/detentores-de-pneus-usados-enaltecem-contributo-da-valorpneu\/","url":"https:\/\/revistadospneus.com\/pt\/2019\/11\/18\/detentores-de-pneus-usados-enaltecem-contributo-da-valorpneu\/","name":"Detentores de pneus usados enaltecem contributo da Valorpneu - Revista dos Pneus","isPartOf":{"@id":"https:\/\/revistadospneus.com\/pt\/#website"},"primaryImageOfPage":{"@id":"https:\/\/revistadospneus.com\/pt\/2019\/11\/18\/detentores-de-pneus-usados-enaltecem-contributo-da-valorpneu\/#primaryimage"},"image":{"@id":"https:\/\/revistadospneus.com\/pt\/2019\/11\/18\/detentores-de-pneus-usados-enaltecem-contributo-da-valorpneu\/#primaryimage"},"thumbnailUrl":"https:\/\/revistadospneus.com\/pt\/wp-content\/uploads\/2019\/11\/valorpneu.jpg","datePublished":"2019-11-18T16:08:50+00:00","dateModified":"2020-02-07T17:30:55+00:00","breadcrumb":{"@id":"https:\/\/revistadospneus.com\/pt\/2019\/11\/18\/detentores-de-pneus-usados-enaltecem-contributo-da-valorpneu\/#breadcrumb"},"inLanguage":"pt-PT","potentialAction":[{"@type":"ReadAction","target":["https:\/\/revistadospneus.com\/pt\/2019\/11\/18\/detentores-de-pneus-usados-enaltecem-contributo-da-valorpneu\/"]}]},{"@type":"ImageObject","inLanguage":"pt-PT","@id":"https:\/\/revistadospneus.com\/pt\/2019\/11\/18\/detentores-de-pneus-usados-enaltecem-contributo-da-valorpneu\/#primaryimage","url":"https:\/\/revistadospneus.com\/pt\/wp-content\/uploads\/2019\/11\/valorpneu.jpg","contentUrl":"https:\/\/revistadospneus.com\/pt\/wp-content\/uploads\/2019\/11\/valorpneu.jpg","width":1024,"height":581,"caption":"11 - valorpneu"},{"@type":"BreadcrumbList","@id":"https:\/\/revistadospneus.com\/pt\/2019\/11\/18\/detentores-de-pneus-usados-enaltecem-contributo-da-valorpneu\/#breadcrumb","itemListElement":[{"@type":"ListItem","position":1,"name":"In\u00edcio","item":"https:\/\/revistadospneus.com\/pt\/"},{"@type":"ListItem","position":2,"name":"Detentores de pneus usados enaltecem contributo da Valorpneu"}]},{"@type":"WebSite","@id":"https:\/\/revistadospneus.com\/pt\/#website","url":"https:\/\/revistadospneus.com\/pt\/","name":"Revista dos Pneus","description":"Revista independente de pneus e servi\u00e7os r\u00e1pidos","publisher":{"@id":"https:\/\/revistadospneus.com\/pt\/#organization"},"potentialAction":[{"@type":"SearchAction","target":{"@type":"EntryPoint","urlTemplate":"https:\/\/revistadospneus.com\/pt\/?s={search_term_string}"},"query-input":{"@type":"PropertyValueSpecification","valueRequired":true,"valueName":"search_term_string"}}],"inLanguage":"pt-PT"},{"@type":"Organization","@id":"https:\/\/revistadospneus.com\/pt\/#organization","name":"Revista dos Pneus","url":"https:\/\/revistadospneus.com\/pt\/","logo":{"@type":"ImageObject","inLanguage":"pt-PT","@id":"https:\/\/revistadospneus.com\/pt\/#\/schema\/logo\/image\/","url":"https:\/\/revistadospneus.com\/pt\/wp-content\/uploads\/logo2-1.png","contentUrl":"https:\/\/revistadospneus.com\/pt\/wp-content\/uploads\/logo2-1.png","width":216,"height":70,"caption":"Revista dos Pneus"},"image":{"@id":"https:\/\/revistadospneus.com\/pt\/#\/schema\/logo\/image\/"},"sameAs":["https:\/\/www.facebook.com\/revistapneus","https:\/\/x.com\/revistapneus","https:\/\/www.linkedin.com\/company\/jornal-das-oficinas\/","https:\/\/www.youtube.com\/channel\/UCbQZBqtcvV-oSQrr7RzINGg"]},{"@type":"Person","@id":"https:\/\/revistadospneus.com\/pt\/#\/schema\/person\/9c602809538a614c26e5569d14ed6442","name":"Reda\u00e7\u00e3o RP","image":{"@type":"ImageObject","inLanguage":"pt-PT","@id":"https:\/\/secure.gravatar.com\/avatar\/71f2fa71737ad68a84fea94bc708ddac8ea5b0c4788dc2ad202f3ccb2887742f?s=96&d=wp_user_avatar&r=g","url":"https:\/\/secure.gravatar.com\/avatar\/71f2fa71737ad68a84fea94bc708ddac8ea5b0c4788dc2ad202f3ccb2887742f?s=96&d=wp_user_avatar&r=g","contentUrl":"https:\/\/secure.gravatar.com\/avatar\/71f2fa71737ad68a84fea94bc708ddac8ea5b0c4788dc2ad202f3ccb2887742f?s=96&d=wp_user_avatar&r=g","caption":"Reda\u00e7\u00e3o RP"},"url":"https:\/\/revistadospneus.com\/pt\/author\/rpredacao\/"}]}},"_links":{"self":[{"href":"https:\/\/revistadospneus.com\/pt\/wp-json\/wp\/v2\/posts\/7461","targetHints":{"allow":["GET"]}}],"collection":[{"href":"https:\/\/revistadospneus.com\/pt\/wp-json\/wp\/v2\/posts"}],"about":[{"href":"https:\/\/revistadospneus.com\/pt\/wp-json\/wp\/v2\/types\/post"}],"author":[{"embeddable":true,"href":"https:\/\/revistadospneus.com\/pt\/wp-json\/wp\/v2\/users\/13"}],"replies":[{"embeddable":true,"href":"https:\/\/revistadospneus.com\/pt\/wp-json\/wp\/v2\/comments?post=7461"}],"version-history":[{"count":0,"href":"https:\/\/revistadospneus.com\/pt\/wp-json\/wp\/v2\/posts\/7461\/revisions"}],"wp:featuredmedia":[{"embeddable":true,"href":"https:\/\/revistadospneus.com\/pt\/wp-json\/wp\/v2\/media\/7462"}],"wp:attachment":[{"href":"https:\/\/revistadospneus.com\/pt\/wp-json\/wp\/v2\/media?parent=7461"}],"wp:term":[{"taxonomy":"category","embeddable":true,"href":"https:\/\/revistadospneus.com\/pt\/wp-json\/wp\/v2\/categories?post=7461"},{"taxonomy":"post_tag","embeddable":true,"href":"https:\/\/revistadospneus.com\/pt\/wp-json\/wp\/v2\/tags?post=7461"}],"curies":[{"name":"wp","href":"https:\/\/api.w.org\/{rel}","templated":true}]}}