{"id":74988,"date":"2025-04-23T08:00:53","date_gmt":"2025-04-23T07:00:53","guid":{"rendered":"https:\/\/revistadospneus.com\/pt\/?p=74988"},"modified":"2025-04-30T15:37:17","modified_gmt":"2025-04-30T14:37:17","slug":"ab-tyres-presente-na-agro-2015-com-ceat-specialty","status":"publish","type":"post","link":"https:\/\/revistadospneus.com\/pt\/2025\/04\/23\/ab-tyres-presente-na-agro-2015-com-ceat-specialty\/","title":{"rendered":"AB Tyres presente na AGRO 2025 com CEAT Specialty"},"content":{"rendered":"<p><img loading=\"lazy\" decoding=\"async\" class=\"alignnone size-full wp-image-74984\" src=\"https:\/\/revistadospneus.com\/pt\/wp-content\/uploads\/2025\/04\/AB-Tyres-presente.jpg\" alt=\"04 - AB Tyres presente\" width=\"1024\" height=\"581\" srcset=\"https:\/\/revistadospneus.com\/pt\/wp-content\/uploads\/2025\/04\/AB-Tyres-presente.jpg 1024w, https:\/\/revistadospneus.com\/pt\/wp-content\/uploads\/2025\/04\/AB-Tyres-presente-300x170.jpg 300w, https:\/\/revistadospneus.com\/pt\/wp-content\/uploads\/2025\/04\/AB-Tyres-presente-150x85.jpg 150w, https:\/\/revistadospneus.com\/pt\/wp-content\/uploads\/2025\/04\/AB-Tyres-presente-768x436.jpg 768w\" sizes=\"auto, (max-width: 1024px) 100vw, 1024px\" \/><\/p>\n<p><strong>A <a href=\"https:\/\/www.abtyres.pt\/\" target=\"_blank\" rel=\"noopener\">AB Tyres<\/a>, representante exclusiva da marca de pneus agr\u00edcolas CEAT Specialty em Portugal, marcou presen\u00e7a na 57.\u00aa edi\u00e7\u00e3o da <a href=\"https:\/\/www.forumbraga.com\/Detail\/Index\/0b5b85ba-7b47-11ef-8a19-000d3ad7a4dc\" target=\"_blank\" rel=\"noopener\">AGRO \u2013 Feira Internacional de Agricultura<\/a>, Pecu\u00e1ria e Alimenta\u00e7\u00e3o, que decorreu no in\u00edcio deste m\u00eas de abril no F\u00f3rum Braga<\/strong><\/p>\n<p>O evento, considerado um dos principais encontros do setor agr\u00edcola no Norte e Noroeste Peninsular, reuniu cerca de 230 expositores e atraiu mais de 50 mil visitantes, consolidando-se como uma plataforma de refer\u00eancia para profissionais e entusiastas da agricultura.<\/p>\n<p>Durante os quatro dias da feira, a AB Tyres destacou-se como a \u00fanica distribuidora de pneus presente no evento. Apesar do mau tempo nos primeiros dias, os milhares de visitantes tiveram oportunidade de conhecer de perto as solu\u00e7\u00f5es agr\u00edcolas da CEAT, que se distinguem pela combina\u00e7\u00e3o entre tecnologia avan\u00e7ada e compromisso com a sustentabilidade, visando uma maior efici\u00eancia e produtividade no campo. Entre a vasta gama apresentada, o FARMAX R85 foi um dos grandes destaques, reconhecido pela sua durabilidade, tra\u00e7\u00e3o superior e menor compacta\u00e7\u00e3o do solo.<\/p>\n<p>Com 7 anos de garantia e mais de 100 anos de experi\u00eancia no fabrico de pneus, a CEAT Specialty afirma-se como a escolha certa para quem procura qualidade, durabilidade e um pre\u00e7o competitivo.<\/p>\n<p>Filipe Bandeira, Managing Director da AB Tyres, sublinha: &#8220;A nossa participa\u00e7\u00e3o na AGRO 2025 foi uma excelente oportunidade para fortalecer a presen\u00e7a da CEAT Specialty em Portugal e demonstrar o valor das nossas solu\u00e7\u00f5es aos profissionais do setor agr\u00edcola. Depois do sucesso alcan\u00e7ado no ano passado, decidimos este ano investir e marcar presen\u00e7a nas principais feiras do setor, com o objetivo de ajudarmos os nossos parceiros a potenciar as suas vendas. Estamos certos, porque as vendas assim o dizem, que temos um produto de grande qualidade, com uma excelente rela\u00e7\u00e3o qualidade-pre\u00e7o e que promove uma agricultura mais eficiente e sustent\u00e1vel.&#8221;<\/p>\n<p>A presen\u00e7a da AB Tyres e da marca CEAT Specialty na AGRO 2025 refor\u00e7a o compromisso da empresa pertencente ao Grupo Alves Bandeira, um dos maiores grupos econ\u00f3micos portugueses, em disponibilizar produtos de elevada qualidade e solu\u00e7\u00f5es adaptadas \u00e0s reais necessidades do mercado agr\u00edcola nacional.<\/p>\n<p>Dando continuidade \u00e0 sua estrat\u00e9gia de proximidade junto dos agricultores de todo o pa\u00eds, a AB Tyres estar\u00e1 tamb\u00e9m presente na 41.\u00aa edi\u00e7\u00e3o da Ovibeja, que ter\u00e1 lugar entre os dias 30 de abril e 4 de maio, refor\u00e7ando a presen\u00e7a da CEAT no sul do pa\u00eds e consolidando a marca como uma refer\u00eancia no segmento de pneus agr\u00edcolas em Portugal.<\/p>\n<p>Para mais informa\u00e7\u00f5es sobre a gama de pneus agr\u00edcolas CEAT Specialty, visite o website oficial <a href=\"https:\/\/www.ceatspecialty.com\/pt\" target=\"_blank\" rel=\"noopener\">aqui<\/a>.<\/p>\n<p><img loading=\"lazy\" decoding=\"async\" class=\"alignnone size-full wp-image-74986\" src=\"https:\/\/revistadospneus.com\/pt\/wp-content\/uploads\/2025\/04\/CEAT_Braga_02.jpg\" alt=\"04 - CEAT_Braga_02\" width=\"1024\" height=\"581\" srcset=\"https:\/\/revistadospneus.com\/pt\/wp-content\/uploads\/2025\/04\/CEAT_Braga_02.jpg 1024w, https:\/\/revistadospneus.com\/pt\/wp-content\/uploads\/2025\/04\/CEAT_Braga_02-300x170.jpg 300w, https:\/\/revistadospneus.com\/pt\/wp-content\/uploads\/2025\/04\/CEAT_Braga_02-150x85.jpg 150w, https:\/\/revistadospneus.com\/pt\/wp-content\/uploads\/2025\/04\/CEAT_Braga_02-768x436.jpg 768w\" sizes=\"auto, (max-width: 1024px) 100vw, 1024px\" \/><\/p>\n<p><img loading=\"lazy\" decoding=\"async\" class=\"alignnone size-full wp-image-74987\" src=\"https:\/\/revistadospneus.com\/pt\/wp-content\/uploads\/2025\/04\/CEAT_Braga_01.jpg\" alt=\"04 - CEAT_Braga_01\" width=\"1024\" height=\"581\" srcset=\"https:\/\/revistadospneus.com\/pt\/wp-content\/uploads\/2025\/04\/CEAT_Braga_01.jpg 1024w, https:\/\/revistadospneus.com\/pt\/wp-content\/uploads\/2025\/04\/CEAT_Braga_01-300x170.jpg 300w, https:\/\/revistadospneus.com\/pt\/wp-content\/uploads\/2025\/04\/CEAT_Braga_01-150x85.jpg 150w, https:\/\/revistadospneus.com\/pt\/wp-content\/uploads\/2025\/04\/CEAT_Braga_01-768x436.jpg 768w\" sizes=\"auto, (max-width: 1024px) 100vw, 1024px\" \/><\/p>\n<!-- AddThis Advanced Settings generic via filter on the_content --><!-- AddThis Share Buttons generic via filter on the_content -->","protected":false},"excerpt":{"rendered":"<p>A AB Tyres, representante exclusiva da marca de pneus&#8230;<!-- AddThis Advanced Settings generic via filter on get_the_excerpt --><!-- AddThis Share Buttons generic via filter on get_the_excerpt --><\/p>\n","protected":false},"author":13,"featured_media":74984,"comment_status":"closed","ping_status":"closed","sticky":false,"template":"","format":"standard","meta":{"footnotes":""},"categories":[29],"tags":[4328,4329,922,4326,2514,2842,4325,4327],"class_list":["post-74988","post","type-post","status-publish","format-standard","has-post-thumbnail","hentry","category-empresas","tag-230-expositores","tag-50-mil-visitantes","tag-ab-tyres","tag-agro-2025","tag-ceat-specialty","tag-filipe-bandeira","tag-forum-braga","tag-ovibeja"],"yoast_head":"<!-- This site is optimized with the Yoast SEO plugin v27.5 - https:\/\/yoast.com\/product\/yoast-seo-wordpress\/ -->\n<title>AB Tyres presente na AGRO 2025 com CEAT Specialty - Revista dos Pneus<\/title>\n<meta name=\"description\" content=\"A AB Tyres, representante exclusiva da marca de pneus agr\u00edcolas CEAT Specialty em Portugal, marcou presen\u00e7a na 57.\u00aa edi\u00e7\u00e3o da AGRO\" \/>\n<meta name=\"robots\" content=\"index, follow, max-snippet:-1, max-image-preview:large, max-video-preview:-1\" \/>\n<link rel=\"canonical\" href=\"https:\/\/revistadospneus.com\/pt\/2025\/04\/23\/ab-tyres-presente-na-agro-2015-com-ceat-specialty\/\" \/>\n<meta property=\"og:locale\" content=\"pt_PT\" \/>\n<meta property=\"og:type\" content=\"article\" \/>\n<meta property=\"og:title\" content=\"AB Tyres presente na AGRO 2025 com CEAT Specialty - Revista dos Pneus\" \/>\n<meta property=\"og:description\" content=\"A AB Tyres, representante exclusiva da marca de pneus agr\u00edcolas CEAT Specialty em Portugal, marcou presen\u00e7a na 57.\u00aa edi\u00e7\u00e3o da AGRO\" \/>\n<meta property=\"og:url\" content=\"https:\/\/revistadospneus.com\/pt\/2025\/04\/23\/ab-tyres-presente-na-agro-2015-com-ceat-specialty\/\" \/>\n<meta property=\"og:site_name\" content=\"Revista dos Pneus\" \/>\n<meta property=\"article:publisher\" content=\"https:\/\/www.facebook.com\/revistapneus\" \/>\n<meta property=\"article:published_time\" content=\"2025-04-23T07:00:53+00:00\" \/>\n<meta property=\"article:modified_time\" content=\"2025-04-30T14:37:17+00:00\" \/>\n<meta property=\"og:image\" content=\"https:\/\/revistadospneus.com\/pt\/wp-content\/uploads\/2025\/04\/AB-Tyres-presente.jpg\" \/>\n\t<meta property=\"og:image:width\" content=\"1024\" \/>\n\t<meta property=\"og:image:height\" content=\"581\" \/>\n\t<meta property=\"og:image:type\" content=\"image\/jpeg\" \/>\n<meta name=\"author\" content=\"Reda\u00e7\u00e3o RP\" \/>\n<meta name=\"twitter:card\" content=\"summary_large_image\" \/>\n<meta name=\"twitter:creator\" content=\"@revistapneus\" \/>\n<meta name=\"twitter:site\" content=\"@revistapneus\" \/>\n<meta name=\"twitter:label1\" content=\"Escrito por\" \/>\n\t<meta name=\"twitter:data1\" content=\"Reda\u00e7\u00e3o RP\" \/>\n\t<meta name=\"twitter:label2\" content=\"Tempo estimado de leitura\" \/>\n\t<meta name=\"twitter:data2\" content=\"4 minutos\" \/>\n<script type=\"application\/ld+json\" class=\"yoast-schema-graph\">{\"@context\":\"https:\\\/\\\/schema.org\",\"@graph\":[{\"@type\":\"Article\",\"@id\":\"https:\\\/\\\/revistadospneus.com\\\/pt\\\/2025\\\/04\\\/23\\\/ab-tyres-presente-na-agro-2015-com-ceat-specialty\\\/#article\",\"isPartOf\":{\"@id\":\"https:\\\/\\\/revistadospneus.com\\\/pt\\\/2025\\\/04\\\/23\\\/ab-tyres-presente-na-agro-2015-com-ceat-specialty\\\/\"},\"author\":{\"name\":\"Reda\u00e7\u00e3o RP\",\"@id\":\"https:\\\/\\\/revistadospneus.com\\\/pt\\\/#\\\/schema\\\/person\\\/9c602809538a614c26e5569d14ed6442\"},\"headline\":\"AB Tyres presente na AGRO 2025 com CEAT Specialty\",\"datePublished\":\"2025-04-23T07:00:53+00:00\",\"dateModified\":\"2025-04-30T14:37:17+00:00\",\"mainEntityOfPage\":{\"@id\":\"https:\\\/\\\/revistadospneus.com\\\/pt\\\/2025\\\/04\\\/23\\\/ab-tyres-presente-na-agro-2015-com-ceat-specialty\\\/\"},\"wordCount\":460,\"publisher\":{\"@id\":\"https:\\\/\\\/revistadospneus.com\\\/pt\\\/#organization\"},\"image\":{\"@id\":\"https:\\\/\\\/revistadospneus.com\\\/pt\\\/2025\\\/04\\\/23\\\/ab-tyres-presente-na-agro-2015-com-ceat-specialty\\\/#primaryimage\"},\"thumbnailUrl\":\"https:\\\/\\\/revistadospneus.com\\\/pt\\\/wp-content\\\/uploads\\\/2025\\\/04\\\/AB-Tyres-presente.jpg\",\"keywords\":[\"230 expositores\",\"50 mil visitantes\",\"AB Tyres\",\"AGRO 2025\",\"CEAT Specialty\",\"Filipe Bandeira\",\"F\u00f3rum Braga\",\"Ovibeja\"],\"articleSection\":[\"Empresas\"],\"inLanguage\":\"pt-PT\"},{\"@type\":\"WebPage\",\"@id\":\"https:\\\/\\\/revistadospneus.com\\\/pt\\\/2025\\\/04\\\/23\\\/ab-tyres-presente-na-agro-2015-com-ceat-specialty\\\/\",\"url\":\"https:\\\/\\\/revistadospneus.com\\\/pt\\\/2025\\\/04\\\/23\\\/ab-tyres-presente-na-agro-2015-com-ceat-specialty\\\/\",\"name\":\"AB Tyres presente na AGRO 2025 com CEAT Specialty - Revista dos Pneus\",\"isPartOf\":{\"@id\":\"https:\\\/\\\/revistadospneus.com\\\/pt\\\/#website\"},\"primaryImageOfPage\":{\"@id\":\"https:\\\/\\\/revistadospneus.com\\\/pt\\\/2025\\\/04\\\/23\\\/ab-tyres-presente-na-agro-2015-com-ceat-specialty\\\/#primaryimage\"},\"image\":{\"@id\":\"https:\\\/\\\/revistadospneus.com\\\/pt\\\/2025\\\/04\\\/23\\\/ab-tyres-presente-na-agro-2015-com-ceat-specialty\\\/#primaryimage\"},\"thumbnailUrl\":\"https:\\\/\\\/revistadospneus.com\\\/pt\\\/wp-content\\\/uploads\\\/2025\\\/04\\\/AB-Tyres-presente.jpg\",\"datePublished\":\"2025-04-23T07:00:53+00:00\",\"dateModified\":\"2025-04-30T14:37:17+00:00\",\"description\":\"A AB Tyres, representante exclusiva da marca de pneus agr\u00edcolas CEAT Specialty em Portugal, marcou presen\u00e7a na 57.\u00aa edi\u00e7\u00e3o da AGRO\",\"breadcrumb\":{\"@id\":\"https:\\\/\\\/revistadospneus.com\\\/pt\\\/2025\\\/04\\\/23\\\/ab-tyres-presente-na-agro-2015-com-ceat-specialty\\\/#breadcrumb\"},\"inLanguage\":\"pt-PT\",\"potentialAction\":[{\"@type\":\"ReadAction\",\"target\":[\"https:\\\/\\\/revistadospneus.com\\\/pt\\\/2025\\\/04\\\/23\\\/ab-tyres-presente-na-agro-2015-com-ceat-specialty\\\/\"]}]},{\"@type\":\"ImageObject\",\"inLanguage\":\"pt-PT\",\"@id\":\"https:\\\/\\\/revistadospneus.com\\\/pt\\\/2025\\\/04\\\/23\\\/ab-tyres-presente-na-agro-2015-com-ceat-specialty\\\/#primaryimage\",\"url\":\"https:\\\/\\\/revistadospneus.com\\\/pt\\\/wp-content\\\/uploads\\\/2025\\\/04\\\/AB-Tyres-presente.jpg\",\"contentUrl\":\"https:\\\/\\\/revistadospneus.com\\\/pt\\\/wp-content\\\/uploads\\\/2025\\\/04\\\/AB-Tyres-presente.jpg\",\"width\":1024,\"height\":581,\"caption\":\"04 - AB Tyres presente\"},{\"@type\":\"BreadcrumbList\",\"@id\":\"https:\\\/\\\/revistadospneus.com\\\/pt\\\/2025\\\/04\\\/23\\\/ab-tyres-presente-na-agro-2015-com-ceat-specialty\\\/#breadcrumb\",\"itemListElement\":[{\"@type\":\"ListItem\",\"position\":1,\"name\":\"In\u00edcio\",\"item\":\"https:\\\/\\\/revistadospneus.com\\\/pt\\\/\"},{\"@type\":\"ListItem\",\"position\":2,\"name\":\"AB Tyres presente na AGRO 2025 com CEAT Specialty\"}]},{\"@type\":\"WebSite\",\"@id\":\"https:\\\/\\\/revistadospneus.com\\\/pt\\\/#website\",\"url\":\"https:\\\/\\\/revistadospneus.com\\\/pt\\\/\",\"name\":\"Revista dos Pneus\",\"description\":\"Revista independente de pneus e servi\u00e7os r\u00e1pidos\",\"publisher\":{\"@id\":\"https:\\\/\\\/revistadospneus.com\\\/pt\\\/#organization\"},\"potentialAction\":[{\"@type\":\"SearchAction\",\"target\":{\"@type\":\"EntryPoint\",\"urlTemplate\":\"https:\\\/\\\/revistadospneus.com\\\/pt\\\/?s={search_term_string}\"},\"query-input\":{\"@type\":\"PropertyValueSpecification\",\"valueRequired\":true,\"valueName\":\"search_term_string\"}}],\"inLanguage\":\"pt-PT\"},{\"@type\":\"Organization\",\"@id\":\"https:\\\/\\\/revistadospneus.com\\\/pt\\\/#organization\",\"name\":\"Revista dos Pneus\",\"url\":\"https:\\\/\\\/revistadospneus.com\\\/pt\\\/\",\"logo\":{\"@type\":\"ImageObject\",\"inLanguage\":\"pt-PT\",\"@id\":\"https:\\\/\\\/revistadospneus.com\\\/pt\\\/#\\\/schema\\\/logo\\\/image\\\/\",\"url\":\"https:\\\/\\\/revistadospneus.com\\\/pt\\\/wp-content\\\/uploads\\\/logo2-1.png\",\"contentUrl\":\"https:\\\/\\\/revistadospneus.com\\\/pt\\\/wp-content\\\/uploads\\\/logo2-1.png\",\"width\":216,\"height\":70,\"caption\":\"Revista dos Pneus\"},\"image\":{\"@id\":\"https:\\\/\\\/revistadospneus.com\\\/pt\\\/#\\\/schema\\\/logo\\\/image\\\/\"},\"sameAs\":[\"https:\\\/\\\/www.facebook.com\\\/revistapneus\",\"https:\\\/\\\/x.com\\\/revistapneus\",\"https:\\\/\\\/www.linkedin.com\\\/company\\\/jornal-das-oficinas\\\/\",\"https:\\\/\\\/www.youtube.com\\\/channel\\\/UCbQZBqtcvV-oSQrr7RzINGg\"]},{\"@type\":\"Person\",\"@id\":\"https:\\\/\\\/revistadospneus.com\\\/pt\\\/#\\\/schema\\\/person\\\/9c602809538a614c26e5569d14ed6442\",\"name\":\"Reda\u00e7\u00e3o RP\",\"image\":{\"@type\":\"ImageObject\",\"inLanguage\":\"pt-PT\",\"@id\":\"https:\\\/\\\/secure.gravatar.com\\\/avatar\\\/71f2fa71737ad68a84fea94bc708ddac8ea5b0c4788dc2ad202f3ccb2887742f?s=96&d=wp_user_avatar&r=g\",\"url\":\"https:\\\/\\\/secure.gravatar.com\\\/avatar\\\/71f2fa71737ad68a84fea94bc708ddac8ea5b0c4788dc2ad202f3ccb2887742f?s=96&d=wp_user_avatar&r=g\",\"contentUrl\":\"https:\\\/\\\/secure.gravatar.com\\\/avatar\\\/71f2fa71737ad68a84fea94bc708ddac8ea5b0c4788dc2ad202f3ccb2887742f?s=96&d=wp_user_avatar&r=g\",\"caption\":\"Reda\u00e7\u00e3o RP\"},\"url\":\"https:\\\/\\\/revistadospneus.com\\\/pt\\\/author\\\/rpredacao\\\/\"}]}<\/script>\n<!-- \/ Yoast SEO plugin. -->","yoast_head_json":{"title":"AB Tyres presente na AGRO 2025 com CEAT Specialty - Revista dos Pneus","description":"A AB Tyres, representante exclusiva da marca de pneus agr\u00edcolas CEAT Specialty em Portugal, marcou presen\u00e7a na 57.\u00aa edi\u00e7\u00e3o da AGRO","robots":{"index":"index","follow":"follow","max-snippet":"max-snippet:-1","max-image-preview":"max-image-preview:large","max-video-preview":"max-video-preview:-1"},"canonical":"https:\/\/revistadospneus.com\/pt\/2025\/04\/23\/ab-tyres-presente-na-agro-2015-com-ceat-specialty\/","og_locale":"pt_PT","og_type":"article","og_title":"AB Tyres presente na AGRO 2025 com CEAT Specialty - Revista dos Pneus","og_description":"A AB Tyres, representante exclusiva da marca de pneus agr\u00edcolas CEAT Specialty em Portugal, marcou presen\u00e7a na 57.\u00aa edi\u00e7\u00e3o da AGRO","og_url":"https:\/\/revistadospneus.com\/pt\/2025\/04\/23\/ab-tyres-presente-na-agro-2015-com-ceat-specialty\/","og_site_name":"Revista dos Pneus","article_publisher":"https:\/\/www.facebook.com\/revistapneus","article_published_time":"2025-04-23T07:00:53+00:00","article_modified_time":"2025-04-30T14:37:17+00:00","og_image":[{"width":1024,"height":581,"url":"https:\/\/revistadospneus.com\/pt\/wp-content\/uploads\/2025\/04\/AB-Tyres-presente.jpg","type":"image\/jpeg"}],"author":"Reda\u00e7\u00e3o RP","twitter_card":"summary_large_image","twitter_creator":"@revistapneus","twitter_site":"@revistapneus","twitter_misc":{"Escrito por":"Reda\u00e7\u00e3o RP","Tempo estimado de leitura":"4 minutos"},"schema":{"@context":"https:\/\/schema.org","@graph":[{"@type":"Article","@id":"https:\/\/revistadospneus.com\/pt\/2025\/04\/23\/ab-tyres-presente-na-agro-2015-com-ceat-specialty\/#article","isPartOf":{"@id":"https:\/\/revistadospneus.com\/pt\/2025\/04\/23\/ab-tyres-presente-na-agro-2015-com-ceat-specialty\/"},"author":{"name":"Reda\u00e7\u00e3o RP","@id":"https:\/\/revistadospneus.com\/pt\/#\/schema\/person\/9c602809538a614c26e5569d14ed6442"},"headline":"AB Tyres presente na AGRO 2025 com CEAT Specialty","datePublished":"2025-04-23T07:00:53+00:00","dateModified":"2025-04-30T14:37:17+00:00","mainEntityOfPage":{"@id":"https:\/\/revistadospneus.com\/pt\/2025\/04\/23\/ab-tyres-presente-na-agro-2015-com-ceat-specialty\/"},"wordCount":460,"publisher":{"@id":"https:\/\/revistadospneus.com\/pt\/#organization"},"image":{"@id":"https:\/\/revistadospneus.com\/pt\/2025\/04\/23\/ab-tyres-presente-na-agro-2015-com-ceat-specialty\/#primaryimage"},"thumbnailUrl":"https:\/\/revistadospneus.com\/pt\/wp-content\/uploads\/2025\/04\/AB-Tyres-presente.jpg","keywords":["230 expositores","50 mil visitantes","AB Tyres","AGRO 2025","CEAT Specialty","Filipe Bandeira","F\u00f3rum Braga","Ovibeja"],"articleSection":["Empresas"],"inLanguage":"pt-PT"},{"@type":"WebPage","@id":"https:\/\/revistadospneus.com\/pt\/2025\/04\/23\/ab-tyres-presente-na-agro-2015-com-ceat-specialty\/","url":"https:\/\/revistadospneus.com\/pt\/2025\/04\/23\/ab-tyres-presente-na-agro-2015-com-ceat-specialty\/","name":"AB Tyres presente na AGRO 2025 com CEAT Specialty - Revista dos Pneus","isPartOf":{"@id":"https:\/\/revistadospneus.com\/pt\/#website"},"primaryImageOfPage":{"@id":"https:\/\/revistadospneus.com\/pt\/2025\/04\/23\/ab-tyres-presente-na-agro-2015-com-ceat-specialty\/#primaryimage"},"image":{"@id":"https:\/\/revistadospneus.com\/pt\/2025\/04\/23\/ab-tyres-presente-na-agro-2015-com-ceat-specialty\/#primaryimage"},"thumbnailUrl":"https:\/\/revistadospneus.com\/pt\/wp-content\/uploads\/2025\/04\/AB-Tyres-presente.jpg","datePublished":"2025-04-23T07:00:53+00:00","dateModified":"2025-04-30T14:37:17+00:00","description":"A AB Tyres, representante exclusiva da marca de pneus agr\u00edcolas CEAT Specialty em Portugal, marcou presen\u00e7a na 57.\u00aa edi\u00e7\u00e3o da AGRO","breadcrumb":{"@id":"https:\/\/revistadospneus.com\/pt\/2025\/04\/23\/ab-tyres-presente-na-agro-2015-com-ceat-specialty\/#breadcrumb"},"inLanguage":"pt-PT","potentialAction":[{"@type":"ReadAction","target":["https:\/\/revistadospneus.com\/pt\/2025\/04\/23\/ab-tyres-presente-na-agro-2015-com-ceat-specialty\/"]}]},{"@type":"ImageObject","inLanguage":"pt-PT","@id":"https:\/\/revistadospneus.com\/pt\/2025\/04\/23\/ab-tyres-presente-na-agro-2015-com-ceat-specialty\/#primaryimage","url":"https:\/\/revistadospneus.com\/pt\/wp-content\/uploads\/2025\/04\/AB-Tyres-presente.jpg","contentUrl":"https:\/\/revistadospneus.com\/pt\/wp-content\/uploads\/2025\/04\/AB-Tyres-presente.jpg","width":1024,"height":581,"caption":"04 - AB Tyres presente"},{"@type":"BreadcrumbList","@id":"https:\/\/revistadospneus.com\/pt\/2025\/04\/23\/ab-tyres-presente-na-agro-2015-com-ceat-specialty\/#breadcrumb","itemListElement":[{"@type":"ListItem","position":1,"name":"In\u00edcio","item":"https:\/\/revistadospneus.com\/pt\/"},{"@type":"ListItem","position":2,"name":"AB Tyres presente na AGRO 2025 com CEAT Specialty"}]},{"@type":"WebSite","@id":"https:\/\/revistadospneus.com\/pt\/#website","url":"https:\/\/revistadospneus.com\/pt\/","name":"Revista dos Pneus","description":"Revista independente de pneus e servi\u00e7os r\u00e1pidos","publisher":{"@id":"https:\/\/revistadospneus.com\/pt\/#organization"},"potentialAction":[{"@type":"SearchAction","target":{"@type":"EntryPoint","urlTemplate":"https:\/\/revistadospneus.com\/pt\/?s={search_term_string}"},"query-input":{"@type":"PropertyValueSpecification","valueRequired":true,"valueName":"search_term_string"}}],"inLanguage":"pt-PT"},{"@type":"Organization","@id":"https:\/\/revistadospneus.com\/pt\/#organization","name":"Revista dos Pneus","url":"https:\/\/revistadospneus.com\/pt\/","logo":{"@type":"ImageObject","inLanguage":"pt-PT","@id":"https:\/\/revistadospneus.com\/pt\/#\/schema\/logo\/image\/","url":"https:\/\/revistadospneus.com\/pt\/wp-content\/uploads\/logo2-1.png","contentUrl":"https:\/\/revistadospneus.com\/pt\/wp-content\/uploads\/logo2-1.png","width":216,"height":70,"caption":"Revista dos Pneus"},"image":{"@id":"https:\/\/revistadospneus.com\/pt\/#\/schema\/logo\/image\/"},"sameAs":["https:\/\/www.facebook.com\/revistapneus","https:\/\/x.com\/revistapneus","https:\/\/www.linkedin.com\/company\/jornal-das-oficinas\/","https:\/\/www.youtube.com\/channel\/UCbQZBqtcvV-oSQrr7RzINGg"]},{"@type":"Person","@id":"https:\/\/revistadospneus.com\/pt\/#\/schema\/person\/9c602809538a614c26e5569d14ed6442","name":"Reda\u00e7\u00e3o RP","image":{"@type":"ImageObject","inLanguage":"pt-PT","@id":"https:\/\/secure.gravatar.com\/avatar\/71f2fa71737ad68a84fea94bc708ddac8ea5b0c4788dc2ad202f3ccb2887742f?s=96&d=wp_user_avatar&r=g","url":"https:\/\/secure.gravatar.com\/avatar\/71f2fa71737ad68a84fea94bc708ddac8ea5b0c4788dc2ad202f3ccb2887742f?s=96&d=wp_user_avatar&r=g","contentUrl":"https:\/\/secure.gravatar.com\/avatar\/71f2fa71737ad68a84fea94bc708ddac8ea5b0c4788dc2ad202f3ccb2887742f?s=96&d=wp_user_avatar&r=g","caption":"Reda\u00e7\u00e3o RP"},"url":"https:\/\/revistadospneus.com\/pt\/author\/rpredacao\/"}]}},"_links":{"self":[{"href":"https:\/\/revistadospneus.com\/pt\/wp-json\/wp\/v2\/posts\/74988","targetHints":{"allow":["GET"]}}],"collection":[{"href":"https:\/\/revistadospneus.com\/pt\/wp-json\/wp\/v2\/posts"}],"about":[{"href":"https:\/\/revistadospneus.com\/pt\/wp-json\/wp\/v2\/types\/post"}],"author":[{"embeddable":true,"href":"https:\/\/revistadospneus.com\/pt\/wp-json\/wp\/v2\/users\/13"}],"replies":[{"embeddable":true,"href":"https:\/\/revistadospneus.com\/pt\/wp-json\/wp\/v2\/comments?post=74988"}],"version-history":[{"count":8,"href":"https:\/\/revistadospneus.com\/pt\/wp-json\/wp\/v2\/posts\/74988\/revisions"}],"predecessor-version":[{"id":75044,"href":"https:\/\/revistadospneus.com\/pt\/wp-json\/wp\/v2\/posts\/74988\/revisions\/75044"}],"wp:featuredmedia":[{"embeddable":true,"href":"https:\/\/revistadospneus.com\/pt\/wp-json\/wp\/v2\/media\/74984"}],"wp:attachment":[{"href":"https:\/\/revistadospneus.com\/pt\/wp-json\/wp\/v2\/media?parent=74988"}],"wp:term":[{"taxonomy":"category","embeddable":true,"href":"https:\/\/revistadospneus.com\/pt\/wp-json\/wp\/v2\/categories?post=74988"},{"taxonomy":"post_tag","embeddable":true,"href":"https:\/\/revistadospneus.com\/pt\/wp-json\/wp\/v2\/tags?post=74988"}],"curies":[{"name":"wp","href":"https:\/\/api.w.org\/{rel}","templated":true}]}}