{"id":75085,"date":"2025-05-07T08:00:16","date_gmt":"2025-05-07T07:00:16","guid":{"rendered":"https:\/\/revistadospneus.com\/pt\/?p=75085"},"modified":"2025-05-05T16:53:13","modified_gmt":"2025-05-05T15:53:13","slug":"laufenn-celebra-dez-anos-da-europa","status":"publish","type":"post","link":"https:\/\/revistadospneus.com\/pt\/2025\/05\/07\/laufenn-celebra-dez-anos-da-europa\/","title":{"rendered":"Laufenn celebra dez anos na Europa"},"content":{"rendered":"<p><strong><img loading=\"lazy\" decoding=\"async\" class=\"alignnone size-full wp-image-75089\" src=\"https:\/\/revistadospneus.com\/pt\/wp-content\/uploads\/2025\/05\/Laufenn-celebra-dez-anos-na-Europa.jpg\" alt=\"05 - Laufenn celebra dez anos na Europa\" width=\"1024\" height=\"581\" srcset=\"https:\/\/revistadospneus.com\/pt\/wp-content\/uploads\/2025\/05\/Laufenn-celebra-dez-anos-na-Europa.jpg 1024w, https:\/\/revistadospneus.com\/pt\/wp-content\/uploads\/2025\/05\/Laufenn-celebra-dez-anos-na-Europa-300x170.jpg 300w, https:\/\/revistadospneus.com\/pt\/wp-content\/uploads\/2025\/05\/Laufenn-celebra-dez-anos-na-Europa-150x85.jpg 150w, https:\/\/revistadospneus.com\/pt\/wp-content\/uploads\/2025\/05\/Laufenn-celebra-dez-anos-na-Europa-768x436.jpg 768w\" sizes=\"auto, (max-width: 1024px) 100vw, 1024px\" \/><\/strong><\/p>\n<p><strong>A <a href=\"https:\/\/www.laufenn.com\/\" target=\"_blank\" rel=\"noopener\">Laufenn<\/a> comemora o seu 10.\u00ba anivers\u00e1rio na Europa. Desde 2015, a marca do fabricante de pneus premium <a href=\"https:\/\/www.hankooktire.com\/\" target=\"_blank\" rel=\"noopener\">Hankook<\/a> oferece pneus de alta qualidade para o segmento de ve\u00edculos de passageiros na Europa. Cinco anos depois, lan\u00e7ou tamb\u00e9m pneus para ve\u00edculos comerciais<\/strong><\/p>\n<p>Atualmente, a Laufenn \u00e9 uma marca global representada em mais de 100 pa\u00edses. A sua presen\u00e7a no mercado tem acompanhado o aumento da oferta de produtos: desde a sua estreia no mercado europeu, a Laufenn ampliou a sua gama para autom\u00f3veis de 230 para 341 tamanhos, enquanto a sua gama para ve\u00edculos comerciais inclui atualmente 18 tamanhos.<\/p>\n<p>&#8220;Com a nossa marca Laufenn, oferecemos pneus com uma excelente rela\u00e7\u00e3o pre\u00e7o-desempenho sem comprometer a seguran\u00e7a, a fiabilidade e a qualidade&#8221;, comentou Jongho Park, presidente e diretor de opera\u00e7\u00f5es da Hankook Tire Europe. &#8220;Os clientes beneficiam da longa experi\u00eancia da marca Hankook e obt\u00eam um produto que satisfaz os mais elevados padr\u00f5es e todos os requisitos de mobilidade modernos. Desta forma, criamos uma situa\u00e7\u00e3o em que todos ganham&#8221;, acrescentou.<\/p>\n<p>No ano do seu 10.\u00ba anivers\u00e1rio, em 2025, a Laufenn continuar\u00e1 a expandir a sua presen\u00e7a e n\u00e3o s\u00f3 oferecer\u00e1 produtos para o mercado de substitui\u00e7\u00e3o de pneus para autom\u00f3veis de passageiros, como tamb\u00e9m se tornar\u00e1 fornecedora de equipamento original para um fabricante autom\u00f3vel europeu. &#8220;O exigente desenvolvimento de pneus de equipamento original e a confian\u00e7a depositada neles demonstra mais uma vez que, em poucos anos, a marca Laufenn n\u00e3o s\u00f3 convenceu o cliente final, mas tamb\u00e9m a ind\u00fastria&#8221;, destacou.<\/p>\n<p><strong>Gama de produtos em constante crescimento<\/strong><\/p>\n<p>A Laufenn iniciou a sua atividade no mercado oferecendo pneus de ver\u00e3o para autom\u00f3veis do segmento de alto desempenho e autom\u00f3veis de passageiros. Seguiu-se o pneu de ver\u00e3o X Fit Van para ve\u00edculos SUV e autom\u00f3veis de turismo e o primeiro pneu de inverno i Fit para autom\u00f3veis de turismo e SUV para a Europa Ocidental e Central.<\/p>\n<p>Com o pneu de inverno para autom\u00f3veis de turismo\/SUV equip\u00e1vel com pregos, a Laufenn expandiu-se para os mercados da Europa do Norte e do Leste. Al\u00e9m de pneus de ver\u00e3o e inverno, o portf\u00f3lio inclui agora tamb\u00e9m pneus para todas as esta\u00e7\u00f5es.<\/p>\n<p>Em 2020, a Laufenn apresentou os seus novos desenvolvimentos S FIT EQ+ e G FIT EQ+. Desde a sua entrada no mercado europeu, a quota de mercado global da Laufenn quadruplicou.<\/p>\n<p>O S Fit EQ+ tamb\u00e9m se classificou para a ronda final do grande teste de pneus de ver\u00e3o organizado pela revista Auto Bild (edi\u00e7\u00e3o de 6 de mar\u00e7o de 2025). O j\u00fari destacou o pneu pelas suas &#8220;dist\u00e2ncias de travagem curtas, reservas adequadas contra aquaplaning, bom conforto e baixo ru\u00eddo de rolamento&#8221;. Nas avalia\u00e7\u00f5es &#8220;Resist\u00eancia ao rolamento&#8221; e &#8220;Rela\u00e7\u00e3o pre\u00e7o\/quilometragem&#8221;, o S Fit EQ+ ficou entre os dez primeiros.<\/p>\n<p><strong>Lan\u00e7amento no mercado em 2020 da gama de pneus Laufenn para ve\u00edculos comerciais<\/strong><\/p>\n<p>A Laufenn tamb\u00e9m comemora o anivers\u00e1rio na \u00e1rea de pneus para ve\u00edculos comerciais: h\u00e1 cinco anos, a marca oferece na Europa perfis para cami\u00f5es, autocarros e reboques. A oferta \u00e9 especialmente direcionada a operadores de frotas pequenas e m\u00e9dias que valorizam a fiabilidade e a qualidade dos produtos de um fabricante de pneus consolidado.<\/p>\n<p><strong>Fortalecimento da marca e estrat\u00e9gia multimarca <\/strong><\/p>\n<p>Para continuar a aumentar a notoriedade da Laufenn, a Hankook planeia aumentar os seus investimentos em medidas de marketing. Al\u00e9m disso, num futuro pr\u00f3ximo, ser\u00e1 lan\u00e7ada uma nova gera\u00e7\u00e3o de pneus de ver\u00e3o e inverno para autom\u00f3veis de passageiros.<\/p>\n<p>Um exemplo atual do desenvolvimento estrat\u00e9gico das marcas da Hankook \u00e9 a introdu\u00e7\u00e3o da Optimo como nova marca irm\u00e3. A Optimo complementa as marcas premium e subsidi\u00e1rias j\u00e1 existentes da Hankook e, com a sua gama de produtos para autom\u00f3veis de passageiros, cobre um segmento com uma procura crescente.<\/p>\n<p>Este passo refor\u00e7a a estrat\u00e9gia da empresa de se posicionar como fornecedor multimarcas. Com o seu portf\u00f3lio de produtos diversificado, a Hankook refor\u00e7a a sua posi\u00e7\u00e3o no mercado europeu e adapta a sua oferta de forma ainda mais focada para satisfazer as diferentes necessidades dos clientes.<\/p>\n<p><strong>Parceria com a UEFA Europa Conference League<\/strong><\/p>\n<p>Desde a temporada 2021\/22, a Laufenn \u00e9 patrocinadora oficial da UEFA Europa Conference League. Esta parceria refor\u00e7a o crescimento din\u00e2mico da marca e fortalece a sua posi\u00e7\u00e3o em mercados de distribui\u00e7\u00e3o estrategicamente importantes.<\/p>\n<p>&#8220;Com a constante expans\u00e3o da sua gama de produtos e a sua crescente presen\u00e7a internacional, a Laufenn consolidou-se como uma marca forte da Hankook&#8221;, \u00e9 o balan\u00e7o que faz da marca Jang Hyuk Moon, vice-presidente do departamento de marketing da Hankook Tire Europe. &#8220;A marca continuar\u00e1 a apostar no futuro na qualidade e na proximidade ao cliente para continuar a aumentar o seu sucesso&#8221;, concluiu.<\/p>\n<div class=\"wonderplugingallery-container\" id=\"wonderplugingallery-container-139\" style=\"max-width:960px;margin:0 auto;\"><div class=\"wonderplugingallery\" id=\"wonderplugingallery-139\" data-galleryid=\"139\" data-width=\"960\" data-height=\"540\" data-skin=\"gallery\" data-playsinline=\"false\" data-mutevideo=\"false\" data-random=\"false\" data-autoslide=\"false\" data-autoplayvideo=\"false\" data-schemamarkup=\"false\" data-stopallplaying=\"false\" data-reloadonvideoend=\"false\" data-donotuseposter=\"false\" data-enabletabindex=\"false\" data-loadnextonvideoend=\"false\" data-hidetitlewhenvideoisplaying=\"false\" data-disablehovereventontouch=\"false\" data-autoslideandplayafterfirstplayed=\"false\" data-html5player=\"true\" data-responsive=\"true\" data-fullwidth=\"false\" data-showtitle=\"true\" data-showdescription=\"true\" data-showplaybutton=\"true\" data-showfullscreenbutton=\"true\" data-showtimer=\"true\" data-showcarousel=\"true\" data-galleryshadow=\"false\" data-slideshadow=\"true\" data-thumbshowtitle=\"false\" data-thumbshowimage=\"true\" data-thumbshadow=\"true\" data-lightboxshowtitle=\"true\" data-lightboxshowdescription=\"true\" data-specifyid=\"true\" data-donotinit=\"false\" data-addinitscript=\"false\" data-triggerresize=\"false\" data-thumbcolumnsresponsive=\"false\" data-thumbverticalmiddle=\"true\" data-removeinlinecss=\"true\" data-switchonmouseover=\"false\" data-showcategory=\"true\" data-carouselpagination=\"false\" data-showimgtitle=\"false\" data-titlesmallscreen=\"false\" data-initsocial=\"true\" data-showsocial=\"false\" data-showemail=\"false\" data-showfacebook=\"true\" data-showtwitter=\"true\" data-showpinterest=\"true\" data-socialrotateeffect=\"true\" data-doshortcodeontext=\"false\" data-loop=\"0\" data-duration=\"1500\" data-slideduration=\"1000\" data-slideshowinterval=\"6000\" data-googleanalyticsaccount=\"\" data-ga4account=\"\" data-resizemode=\"fill\" data-imagetoolboxmode=\"mouseover\" data-effect=\"fade\" data-padding=\"12\" data-bgcolor=\"\" data-bgimage=\"\" data-thumbwidth=\"120\" data-thumbheight=\"60\" data-thumbgap=\"8\" data-thumbrowgap=\"16\" data-lightboxtextheight=\"72\" data-lightboxtitlecss=\"{color:#333333; font:bold 12px Arial,Helvetica,sans-serif; overflow:hidden; white-space:normal; line-height:18px;}\" data-lightboxdescriptioncss=\"{color:#333333; font:normal 12px Arial,Helvetica,sans-serif; overflow:hidden; white-space:normal; line-height:14px;}\" data-titlecss=\"{color:#ffffff; font-size:14px; font-family:Armata, sans-serif, Arial; overflow:hidden; text-align:left; padding:10px 0px 10px 10px; background:rgb(102, 102, 102) transparent; background:rgba(102, 102, 102, 0.6);}\" data-descriptioncss=\"{color:#ffffff; font-size:13px; font-family:Armata, sans-serif, Arial; overflow:hidden; text-align:left; padding:0px 0px 10px 10px; background:rgb(102, 102, 102) transparent; background:rgba(102, 102, 102, 0.6);}\" data-titleheight=\"72\" data-titlesmallscreenwidth=\"640\" data-titleheightsmallscreen=\"148\" data-socialmode=\"mouseover\" data-socialposition=\"position:absolute;top:8px;right:8px;\" data-socialpositionlightbox=\"position:absolute;top:8px;right:8px;\" data-socialdirection=\"horizontal\" data-socialbuttonsize=\"32\" data-socialbuttonfontsize=\"18\" data-defaultvideovolume=\"1\" data-thumbtitleheight=\"24\" data-thumbmediumtitleheight=\"48\" data-thumbsmalltitleheight=\"72\" data-categoryheight=\"48\" data-categorydefault=\"all\" data-triggerresizedelay=\"100\" data-thumbmediumsize=\"800\" data-thumbsmallsize=\"480\" data-thumbmediumwidth=\"64\" data-thumbmediumheight=\"64\" data-thumbsmallwidth=\"48\" data-thumbsmallheight=\"48\" data-imgtitle=\"title\" data-carouselpaginationrow=\"3\" data-categorystyle=\"dropdown\" data-categorylist=\"[{&quot;slug&quot;:&quot;all&quot;,&quot;caption&quot;:&quot;Show All&quot;}]\" data-jsfolder=\"https:\/\/revistadospneus.com\/pt\/wp-content\/plugins\/wonderplugin-gallery\/engine\/\" style=\"display:none;\" ><a class=\"html5galleryimglink\" href=\"https:\/\/revistadospneus.com\/pt\/wp-content\/uploads\/2025\/05\/Laufenncelebra\/LH71_Keyvisual.jpg\" data-mediatype=1><img decoding=\"async\" class=\"html5galleryimg html5gallery-tn-image\" src=\"https:\/\/revistadospneus.com\/pt\/wp-content\/uploads\/2025\/05\/Laufenncelebra\/LH71_Keyvisual.jpg\" alt=\"\"><\/a><div class=\"html5gallery-info\"><\/div><a class=\"html5galleryimglink\" href=\"https:\/\/revistadospneus.com\/pt\/wp-content\/uploads\/2025\/05\/Laufenncelebra\/LK01_KeyVisual_S_FIT_AS_19.jpg\" data-mediatype=1><img decoding=\"async\" class=\"html5galleryimg html5gallery-tn-image\" src=\"https:\/\/revistadospneus.com\/pt\/wp-content\/uploads\/2025\/05\/Laufenncelebra\/LK01_KeyVisual_S_FIT_AS_19.jpg\" alt=\"\"><\/a><div class=\"html5gallery-info\"><\/div><a class=\"html5galleryimglink\" href=\"https:\/\/revistadospneus.com\/pt\/wp-content\/uploads\/2025\/05\/Laufenncelebra\/LK01_Test_Result_EN.jpg\" data-mediatype=1><img decoding=\"async\" class=\"html5galleryimg html5gallery-tn-image\" src=\"https:\/\/revistadospneus.com\/pt\/wp-content\/uploads\/2025\/05\/Laufenncelebra\/LK01_Test_Result_EN.jpg\" alt=\"\"><\/a><div class=\"html5gallery-info\"><\/div><a class=\"html5galleryimglink\" href=\"https:\/\/revistadospneus.com\/pt\/wp-content\/uploads\/2025\/05\/Laufenncelebra\/Laufenn_LF95.jpg\" data-mediatype=1><img decoding=\"async\" class=\"html5galleryimg html5gallery-tn-image\" src=\"https:\/\/revistadospneus.com\/pt\/wp-content\/uploads\/2025\/05\/Laufenncelebra\/Laufenn_LF95.jpg\" alt=\"\"><\/a><div class=\"html5gallery-info\"><\/div><a class=\"html5galleryimglink\" href=\"https:\/\/revistadospneus.com\/pt\/wp-content\/uploads\/2025\/05\/Laufenncelebra\/UEFA_Europa_Conference_League_-Final_-2024.jpg\" data-mediatype=1><img decoding=\"async\" class=\"html5galleryimg html5gallery-tn-image\" src=\"https:\/\/revistadospneus.com\/pt\/wp-content\/uploads\/2025\/05\/Laufenncelebra\/UEFA_Europa_Conference_League_-Final_-2024.jpg\" alt=\"\"><\/a><div class=\"html5gallery-info\"><\/div><a class=\"html5galleryimglink\" href=\"https:\/\/revistadospneus.com\/pt\/wp-content\/uploads\/2025\/05\/Laufenncelebra\/i_FIT_Key_Visual1.jpg\" data-mediatype=1><img decoding=\"async\" class=\"html5galleryimg html5gallery-tn-image\" src=\"https:\/\/revistadospneus.com\/pt\/wp-content\/uploads\/2025\/05\/Laufenncelebra\/i_FIT_Key_Visual1.jpg\" alt=\"\"><\/a><div class=\"html5gallery-info\"><\/div><\/div><\/div><script>function wondergallery_139_appendcss(csscode) {var head=document.head || document.getElementsByTagName(\"head\")[0];var style=document.createElement(\"style\");head.appendChild(style);style.type=\"text\/css\";if (style.styleSheet){style.styleSheet.cssText=csscode;} else {style.appendChild(document.createTextNode(csscode));}};wondergallery_139_appendcss(\"#wonderplugingallery-139 .html5gallery-cat-selection-139 { \tbox-sizing: border-box; \ttext-align: center; }  #wonderplugingallery-139 .html5gallery-cat-selection-139 select { \tbox-sizing: border-box; \tmargin: 4px auto; }\");<\/script>\n<!-- AddThis Advanced Settings generic via filter on the_content --><!-- AddThis Share Buttons generic via filter on the_content -->","protected":false},"excerpt":{"rendered":"<p>A Laufenn comemora o seu 10.\u00ba anivers\u00e1rio na Europa&#8230;.<!-- AddThis Advanced Settings generic via filter on get_the_excerpt --><!-- AddThis Share Buttons generic via filter on get_the_excerpt --><\/p>\n","protected":false},"author":13,"featured_media":75089,"comment_status":"closed","ping_status":"closed","sticky":false,"template":"","format":"standard","meta":{"footnotes":""},"categories":[29],"tags":[4346,3615,4348,935,3405,4347,2245],"class_list":["post-75085","post","type-post","status-publish","format-standard","has-post-thumbnail","hentry","category-empresas","tag-10-anos-na-europa","tag-celebracao","tag-gama-em-crescimento","tag-hankook","tag-laufenn","tag-mais-de-100-paises","tag-pneus-premium"],"yoast_head":"<!-- This site is optimized with the Yoast SEO plugin v27.5 - https:\/\/yoast.com\/product\/yoast-seo-wordpress\/ -->\n<title>Laufenn celebra dez anos na Europa - Revista dos Pneus<\/title>\n<meta name=\"description\" content=\"A Laufenn celebra o seu 10.\u00ba anivers\u00e1rio na Europa. Desde 2015 que a marca do fabricante Hankook oferece pneus de alta qualidade\" \/>\n<meta name=\"robots\" content=\"index, follow, max-snippet:-1, max-image-preview:large, max-video-preview:-1\" \/>\n<link rel=\"canonical\" href=\"https:\/\/revistadospneus.com\/pt\/2025\/05\/07\/laufenn-celebra-dez-anos-da-europa\/\" \/>\n<meta property=\"og:locale\" content=\"pt_PT\" \/>\n<meta property=\"og:type\" content=\"article\" \/>\n<meta property=\"og:title\" content=\"Laufenn celebra dez anos na Europa - Revista dos Pneus\" \/>\n<meta property=\"og:description\" content=\"A Laufenn celebra o seu 10.\u00ba anivers\u00e1rio na Europa. Desde 2015 que a marca do fabricante Hankook oferece pneus de alta qualidade\" \/>\n<meta property=\"og:url\" content=\"https:\/\/revistadospneus.com\/pt\/2025\/05\/07\/laufenn-celebra-dez-anos-da-europa\/\" \/>\n<meta property=\"og:site_name\" content=\"Revista dos Pneus\" \/>\n<meta property=\"article:publisher\" content=\"https:\/\/www.facebook.com\/revistapneus\" \/>\n<meta property=\"article:published_time\" content=\"2025-05-07T07:00:16+00:00\" \/>\n<meta property=\"og:image\" content=\"https:\/\/revistadospneus.com\/pt\/wp-content\/uploads\/2025\/05\/Laufenn-celebra-dez-anos-na-Europa.jpg\" \/>\n\t<meta property=\"og:image:width\" content=\"1024\" \/>\n\t<meta property=\"og:image:height\" content=\"581\" \/>\n\t<meta property=\"og:image:type\" content=\"image\/jpeg\" \/>\n<meta name=\"author\" content=\"Reda\u00e7\u00e3o RP\" \/>\n<meta name=\"twitter:card\" content=\"summary_large_image\" \/>\n<meta name=\"twitter:creator\" content=\"@revistapneus\" \/>\n<meta name=\"twitter:site\" content=\"@revistapneus\" \/>\n<meta name=\"twitter:label1\" content=\"Escrito por\" \/>\n\t<meta name=\"twitter:data1\" content=\"Reda\u00e7\u00e3o RP\" \/>\n\t<meta name=\"twitter:label2\" content=\"Tempo estimado de leitura\" \/>\n\t<meta name=\"twitter:data2\" content=\"5 minutos\" \/>\n<script type=\"application\/ld+json\" class=\"yoast-schema-graph\">{\"@context\":\"https:\\\/\\\/schema.org\",\"@graph\":[{\"@type\":\"Article\",\"@id\":\"https:\\\/\\\/revistadospneus.com\\\/pt\\\/2025\\\/05\\\/07\\\/laufenn-celebra-dez-anos-da-europa\\\/#article\",\"isPartOf\":{\"@id\":\"https:\\\/\\\/revistadospneus.com\\\/pt\\\/2025\\\/05\\\/07\\\/laufenn-celebra-dez-anos-da-europa\\\/\"},\"author\":{\"name\":\"Reda\u00e7\u00e3o RP\",\"@id\":\"https:\\\/\\\/revistadospneus.com\\\/pt\\\/#\\\/schema\\\/person\\\/9c602809538a614c26e5569d14ed6442\"},\"headline\":\"Laufenn celebra dez anos na Europa\",\"datePublished\":\"2025-05-07T07:00:16+00:00\",\"mainEntityOfPage\":{\"@id\":\"https:\\\/\\\/revistadospneus.com\\\/pt\\\/2025\\\/05\\\/07\\\/laufenn-celebra-dez-anos-da-europa\\\/\"},\"wordCount\":842,\"publisher\":{\"@id\":\"https:\\\/\\\/revistadospneus.com\\\/pt\\\/#organization\"},\"image\":{\"@id\":\"https:\\\/\\\/revistadospneus.com\\\/pt\\\/2025\\\/05\\\/07\\\/laufenn-celebra-dez-anos-da-europa\\\/#primaryimage\"},\"thumbnailUrl\":\"https:\\\/\\\/revistadospneus.com\\\/pt\\\/wp-content\\\/uploads\\\/2025\\\/05\\\/Laufenn-celebra-dez-anos-na-Europa.jpg\",\"keywords\":[\"10 anos na Europa\",\"Celebra\u00e7\u00e3o\",\"gama em crescimento\",\"Hankook\",\"Laufenn\",\"mais de 100 pa\u00edses\",\"Pneus Premium\"],\"articleSection\":[\"Empresas\"],\"inLanguage\":\"pt-PT\"},{\"@type\":\"WebPage\",\"@id\":\"https:\\\/\\\/revistadospneus.com\\\/pt\\\/2025\\\/05\\\/07\\\/laufenn-celebra-dez-anos-da-europa\\\/\",\"url\":\"https:\\\/\\\/revistadospneus.com\\\/pt\\\/2025\\\/05\\\/07\\\/laufenn-celebra-dez-anos-da-europa\\\/\",\"name\":\"Laufenn celebra dez anos na Europa - Revista dos Pneus\",\"isPartOf\":{\"@id\":\"https:\\\/\\\/revistadospneus.com\\\/pt\\\/#website\"},\"primaryImageOfPage\":{\"@id\":\"https:\\\/\\\/revistadospneus.com\\\/pt\\\/2025\\\/05\\\/07\\\/laufenn-celebra-dez-anos-da-europa\\\/#primaryimage\"},\"image\":{\"@id\":\"https:\\\/\\\/revistadospneus.com\\\/pt\\\/2025\\\/05\\\/07\\\/laufenn-celebra-dez-anos-da-europa\\\/#primaryimage\"},\"thumbnailUrl\":\"https:\\\/\\\/revistadospneus.com\\\/pt\\\/wp-content\\\/uploads\\\/2025\\\/05\\\/Laufenn-celebra-dez-anos-na-Europa.jpg\",\"datePublished\":\"2025-05-07T07:00:16+00:00\",\"description\":\"A Laufenn celebra o seu 10.\u00ba anivers\u00e1rio na Europa. Desde 2015 que a marca do fabricante Hankook oferece pneus de alta qualidade\",\"breadcrumb\":{\"@id\":\"https:\\\/\\\/revistadospneus.com\\\/pt\\\/2025\\\/05\\\/07\\\/laufenn-celebra-dez-anos-da-europa\\\/#breadcrumb\"},\"inLanguage\":\"pt-PT\",\"potentialAction\":[{\"@type\":\"ReadAction\",\"target\":[\"https:\\\/\\\/revistadospneus.com\\\/pt\\\/2025\\\/05\\\/07\\\/laufenn-celebra-dez-anos-da-europa\\\/\"]}]},{\"@type\":\"ImageObject\",\"inLanguage\":\"pt-PT\",\"@id\":\"https:\\\/\\\/revistadospneus.com\\\/pt\\\/2025\\\/05\\\/07\\\/laufenn-celebra-dez-anos-da-europa\\\/#primaryimage\",\"url\":\"https:\\\/\\\/revistadospneus.com\\\/pt\\\/wp-content\\\/uploads\\\/2025\\\/05\\\/Laufenn-celebra-dez-anos-na-Europa.jpg\",\"contentUrl\":\"https:\\\/\\\/revistadospneus.com\\\/pt\\\/wp-content\\\/uploads\\\/2025\\\/05\\\/Laufenn-celebra-dez-anos-na-Europa.jpg\",\"width\":1024,\"height\":581,\"caption\":\"05 - Laufenn celebra dez anos na Europa\"},{\"@type\":\"BreadcrumbList\",\"@id\":\"https:\\\/\\\/revistadospneus.com\\\/pt\\\/2025\\\/05\\\/07\\\/laufenn-celebra-dez-anos-da-europa\\\/#breadcrumb\",\"itemListElement\":[{\"@type\":\"ListItem\",\"position\":1,\"name\":\"In\u00edcio\",\"item\":\"https:\\\/\\\/revistadospneus.com\\\/pt\\\/\"},{\"@type\":\"ListItem\",\"position\":2,\"name\":\"Laufenn celebra dez anos na Europa\"}]},{\"@type\":\"WebSite\",\"@id\":\"https:\\\/\\\/revistadospneus.com\\\/pt\\\/#website\",\"url\":\"https:\\\/\\\/revistadospneus.com\\\/pt\\\/\",\"name\":\"Revista dos Pneus\",\"description\":\"Revista independente de pneus e servi\u00e7os r\u00e1pidos\",\"publisher\":{\"@id\":\"https:\\\/\\\/revistadospneus.com\\\/pt\\\/#organization\"},\"potentialAction\":[{\"@type\":\"SearchAction\",\"target\":{\"@type\":\"EntryPoint\",\"urlTemplate\":\"https:\\\/\\\/revistadospneus.com\\\/pt\\\/?s={search_term_string}\"},\"query-input\":{\"@type\":\"PropertyValueSpecification\",\"valueRequired\":true,\"valueName\":\"search_term_string\"}}],\"inLanguage\":\"pt-PT\"},{\"@type\":\"Organization\",\"@id\":\"https:\\\/\\\/revistadospneus.com\\\/pt\\\/#organization\",\"name\":\"Revista dos Pneus\",\"url\":\"https:\\\/\\\/revistadospneus.com\\\/pt\\\/\",\"logo\":{\"@type\":\"ImageObject\",\"inLanguage\":\"pt-PT\",\"@id\":\"https:\\\/\\\/revistadospneus.com\\\/pt\\\/#\\\/schema\\\/logo\\\/image\\\/\",\"url\":\"https:\\\/\\\/revistadospneus.com\\\/pt\\\/wp-content\\\/uploads\\\/logo2-1.png\",\"contentUrl\":\"https:\\\/\\\/revistadospneus.com\\\/pt\\\/wp-content\\\/uploads\\\/logo2-1.png\",\"width\":216,\"height\":70,\"caption\":\"Revista dos Pneus\"},\"image\":{\"@id\":\"https:\\\/\\\/revistadospneus.com\\\/pt\\\/#\\\/schema\\\/logo\\\/image\\\/\"},\"sameAs\":[\"https:\\\/\\\/www.facebook.com\\\/revistapneus\",\"https:\\\/\\\/x.com\\\/revistapneus\",\"https:\\\/\\\/www.linkedin.com\\\/company\\\/jornal-das-oficinas\\\/\",\"https:\\\/\\\/www.youtube.com\\\/channel\\\/UCbQZBqtcvV-oSQrr7RzINGg\"]},{\"@type\":\"Person\",\"@id\":\"https:\\\/\\\/revistadospneus.com\\\/pt\\\/#\\\/schema\\\/person\\\/9c602809538a614c26e5569d14ed6442\",\"name\":\"Reda\u00e7\u00e3o RP\",\"image\":{\"@type\":\"ImageObject\",\"inLanguage\":\"pt-PT\",\"@id\":\"https:\\\/\\\/secure.gravatar.com\\\/avatar\\\/71f2fa71737ad68a84fea94bc708ddac8ea5b0c4788dc2ad202f3ccb2887742f?s=96&d=wp_user_avatar&r=g\",\"url\":\"https:\\\/\\\/secure.gravatar.com\\\/avatar\\\/71f2fa71737ad68a84fea94bc708ddac8ea5b0c4788dc2ad202f3ccb2887742f?s=96&d=wp_user_avatar&r=g\",\"contentUrl\":\"https:\\\/\\\/secure.gravatar.com\\\/avatar\\\/71f2fa71737ad68a84fea94bc708ddac8ea5b0c4788dc2ad202f3ccb2887742f?s=96&d=wp_user_avatar&r=g\",\"caption\":\"Reda\u00e7\u00e3o RP\"},\"url\":\"https:\\\/\\\/revistadospneus.com\\\/pt\\\/author\\\/rpredacao\\\/\"}]}<\/script>\n<!-- \/ Yoast SEO plugin. -->","yoast_head_json":{"title":"Laufenn celebra dez anos na Europa - Revista dos Pneus","description":"A Laufenn celebra o seu 10.\u00ba anivers\u00e1rio na Europa. Desde 2015 que a marca do fabricante Hankook oferece pneus de alta qualidade","robots":{"index":"index","follow":"follow","max-snippet":"max-snippet:-1","max-image-preview":"max-image-preview:large","max-video-preview":"max-video-preview:-1"},"canonical":"https:\/\/revistadospneus.com\/pt\/2025\/05\/07\/laufenn-celebra-dez-anos-da-europa\/","og_locale":"pt_PT","og_type":"article","og_title":"Laufenn celebra dez anos na Europa - Revista dos Pneus","og_description":"A Laufenn celebra o seu 10.\u00ba anivers\u00e1rio na Europa. Desde 2015 que a marca do fabricante Hankook oferece pneus de alta qualidade","og_url":"https:\/\/revistadospneus.com\/pt\/2025\/05\/07\/laufenn-celebra-dez-anos-da-europa\/","og_site_name":"Revista dos Pneus","article_publisher":"https:\/\/www.facebook.com\/revistapneus","article_published_time":"2025-05-07T07:00:16+00:00","og_image":[{"width":1024,"height":581,"url":"https:\/\/revistadospneus.com\/pt\/wp-content\/uploads\/2025\/05\/Laufenn-celebra-dez-anos-na-Europa.jpg","type":"image\/jpeg"}],"author":"Reda\u00e7\u00e3o RP","twitter_card":"summary_large_image","twitter_creator":"@revistapneus","twitter_site":"@revistapneus","twitter_misc":{"Escrito por":"Reda\u00e7\u00e3o RP","Tempo estimado de leitura":"5 minutos"},"schema":{"@context":"https:\/\/schema.org","@graph":[{"@type":"Article","@id":"https:\/\/revistadospneus.com\/pt\/2025\/05\/07\/laufenn-celebra-dez-anos-da-europa\/#article","isPartOf":{"@id":"https:\/\/revistadospneus.com\/pt\/2025\/05\/07\/laufenn-celebra-dez-anos-da-europa\/"},"author":{"name":"Reda\u00e7\u00e3o RP","@id":"https:\/\/revistadospneus.com\/pt\/#\/schema\/person\/9c602809538a614c26e5569d14ed6442"},"headline":"Laufenn celebra dez anos na Europa","datePublished":"2025-05-07T07:00:16+00:00","mainEntityOfPage":{"@id":"https:\/\/revistadospneus.com\/pt\/2025\/05\/07\/laufenn-celebra-dez-anos-da-europa\/"},"wordCount":842,"publisher":{"@id":"https:\/\/revistadospneus.com\/pt\/#organization"},"image":{"@id":"https:\/\/revistadospneus.com\/pt\/2025\/05\/07\/laufenn-celebra-dez-anos-da-europa\/#primaryimage"},"thumbnailUrl":"https:\/\/revistadospneus.com\/pt\/wp-content\/uploads\/2025\/05\/Laufenn-celebra-dez-anos-na-Europa.jpg","keywords":["10 anos na Europa","Celebra\u00e7\u00e3o","gama em crescimento","Hankook","Laufenn","mais de 100 pa\u00edses","Pneus Premium"],"articleSection":["Empresas"],"inLanguage":"pt-PT"},{"@type":"WebPage","@id":"https:\/\/revistadospneus.com\/pt\/2025\/05\/07\/laufenn-celebra-dez-anos-da-europa\/","url":"https:\/\/revistadospneus.com\/pt\/2025\/05\/07\/laufenn-celebra-dez-anos-da-europa\/","name":"Laufenn celebra dez anos na Europa - Revista dos Pneus","isPartOf":{"@id":"https:\/\/revistadospneus.com\/pt\/#website"},"primaryImageOfPage":{"@id":"https:\/\/revistadospneus.com\/pt\/2025\/05\/07\/laufenn-celebra-dez-anos-da-europa\/#primaryimage"},"image":{"@id":"https:\/\/revistadospneus.com\/pt\/2025\/05\/07\/laufenn-celebra-dez-anos-da-europa\/#primaryimage"},"thumbnailUrl":"https:\/\/revistadospneus.com\/pt\/wp-content\/uploads\/2025\/05\/Laufenn-celebra-dez-anos-na-Europa.jpg","datePublished":"2025-05-07T07:00:16+00:00","description":"A Laufenn celebra o seu 10.\u00ba anivers\u00e1rio na Europa. Desde 2015 que a marca do fabricante Hankook oferece pneus de alta qualidade","breadcrumb":{"@id":"https:\/\/revistadospneus.com\/pt\/2025\/05\/07\/laufenn-celebra-dez-anos-da-europa\/#breadcrumb"},"inLanguage":"pt-PT","potentialAction":[{"@type":"ReadAction","target":["https:\/\/revistadospneus.com\/pt\/2025\/05\/07\/laufenn-celebra-dez-anos-da-europa\/"]}]},{"@type":"ImageObject","inLanguage":"pt-PT","@id":"https:\/\/revistadospneus.com\/pt\/2025\/05\/07\/laufenn-celebra-dez-anos-da-europa\/#primaryimage","url":"https:\/\/revistadospneus.com\/pt\/wp-content\/uploads\/2025\/05\/Laufenn-celebra-dez-anos-na-Europa.jpg","contentUrl":"https:\/\/revistadospneus.com\/pt\/wp-content\/uploads\/2025\/05\/Laufenn-celebra-dez-anos-na-Europa.jpg","width":1024,"height":581,"caption":"05 - Laufenn celebra dez anos na Europa"},{"@type":"BreadcrumbList","@id":"https:\/\/revistadospneus.com\/pt\/2025\/05\/07\/laufenn-celebra-dez-anos-da-europa\/#breadcrumb","itemListElement":[{"@type":"ListItem","position":1,"name":"In\u00edcio","item":"https:\/\/revistadospneus.com\/pt\/"},{"@type":"ListItem","position":2,"name":"Laufenn celebra dez anos na Europa"}]},{"@type":"WebSite","@id":"https:\/\/revistadospneus.com\/pt\/#website","url":"https:\/\/revistadospneus.com\/pt\/","name":"Revista dos Pneus","description":"Revista independente de pneus e servi\u00e7os r\u00e1pidos","publisher":{"@id":"https:\/\/revistadospneus.com\/pt\/#organization"},"potentialAction":[{"@type":"SearchAction","target":{"@type":"EntryPoint","urlTemplate":"https:\/\/revistadospneus.com\/pt\/?s={search_term_string}"},"query-input":{"@type":"PropertyValueSpecification","valueRequired":true,"valueName":"search_term_string"}}],"inLanguage":"pt-PT"},{"@type":"Organization","@id":"https:\/\/revistadospneus.com\/pt\/#organization","name":"Revista dos Pneus","url":"https:\/\/revistadospneus.com\/pt\/","logo":{"@type":"ImageObject","inLanguage":"pt-PT","@id":"https:\/\/revistadospneus.com\/pt\/#\/schema\/logo\/image\/","url":"https:\/\/revistadospneus.com\/pt\/wp-content\/uploads\/logo2-1.png","contentUrl":"https:\/\/revistadospneus.com\/pt\/wp-content\/uploads\/logo2-1.png","width":216,"height":70,"caption":"Revista dos Pneus"},"image":{"@id":"https:\/\/revistadospneus.com\/pt\/#\/schema\/logo\/image\/"},"sameAs":["https:\/\/www.facebook.com\/revistapneus","https:\/\/x.com\/revistapneus","https:\/\/www.linkedin.com\/company\/jornal-das-oficinas\/","https:\/\/www.youtube.com\/channel\/UCbQZBqtcvV-oSQrr7RzINGg"]},{"@type":"Person","@id":"https:\/\/revistadospneus.com\/pt\/#\/schema\/person\/9c602809538a614c26e5569d14ed6442","name":"Reda\u00e7\u00e3o RP","image":{"@type":"ImageObject","inLanguage":"pt-PT","@id":"https:\/\/secure.gravatar.com\/avatar\/71f2fa71737ad68a84fea94bc708ddac8ea5b0c4788dc2ad202f3ccb2887742f?s=96&d=wp_user_avatar&r=g","url":"https:\/\/secure.gravatar.com\/avatar\/71f2fa71737ad68a84fea94bc708ddac8ea5b0c4788dc2ad202f3ccb2887742f?s=96&d=wp_user_avatar&r=g","contentUrl":"https:\/\/secure.gravatar.com\/avatar\/71f2fa71737ad68a84fea94bc708ddac8ea5b0c4788dc2ad202f3ccb2887742f?s=96&d=wp_user_avatar&r=g","caption":"Reda\u00e7\u00e3o RP"},"url":"https:\/\/revistadospneus.com\/pt\/author\/rpredacao\/"}]}},"_links":{"self":[{"href":"https:\/\/revistadospneus.com\/pt\/wp-json\/wp\/v2\/posts\/75085","targetHints":{"allow":["GET"]}}],"collection":[{"href":"https:\/\/revistadospneus.com\/pt\/wp-json\/wp\/v2\/posts"}],"about":[{"href":"https:\/\/revistadospneus.com\/pt\/wp-json\/wp\/v2\/types\/post"}],"author":[{"embeddable":true,"href":"https:\/\/revistadospneus.com\/pt\/wp-json\/wp\/v2\/users\/13"}],"replies":[{"embeddable":true,"href":"https:\/\/revistadospneus.com\/pt\/wp-json\/wp\/v2\/comments?post=75085"}],"version-history":[{"count":5,"href":"https:\/\/revistadospneus.com\/pt\/wp-json\/wp\/v2\/posts\/75085\/revisions"}],"predecessor-version":[{"id":75100,"href":"https:\/\/revistadospneus.com\/pt\/wp-json\/wp\/v2\/posts\/75085\/revisions\/75100"}],"wp:featuredmedia":[{"embeddable":true,"href":"https:\/\/revistadospneus.com\/pt\/wp-json\/wp\/v2\/media\/75089"}],"wp:attachment":[{"href":"https:\/\/revistadospneus.com\/pt\/wp-json\/wp\/v2\/media?parent=75085"}],"wp:term":[{"taxonomy":"category","embeddable":true,"href":"https:\/\/revistadospneus.com\/pt\/wp-json\/wp\/v2\/categories?post=75085"},{"taxonomy":"post_tag","embeddable":true,"href":"https:\/\/revistadospneus.com\/pt\/wp-json\/wp\/v2\/tags?post=75085"}],"curies":[{"name":"wp","href":"https:\/\/api.w.org\/{rel}","templated":true}]}}