{"id":7526,"date":"2019-11-07T10:59:00","date_gmt":"2019-11-07T10:59:00","guid":{"rendered":"http:\/\/revistadospneus.com\/wp\/?p=7526"},"modified":"2020-01-22T14:30:00","modified_gmt":"2020-01-22T14:30:00","slug":"domingos-morgado-realizou-acao-de-formacao-com-a-manatec-2","status":"publish","type":"post","link":"https:\/\/revistadospneus.com\/pt\/2019\/11\/07\/domingos-morgado-realizou-acao-de-formacao-com-a-manatec-2\/","title":{"rendered":"Domingos &#038; Morgado realizou a\u00e7\u00e3o de forma\u00e7\u00e3o com a MANATEC"},"content":{"rendered":"<p><img loading=\"lazy\" decoding=\"async\" class=\"alignnone wp-image-7528 size-full\" src=\"http:\/\/revistadospneus.com\/wp\/wp-content\/uploads\/2019\/11\/domingos_Morgado_Manatec.jpg\" alt=\"11 - domingos_Morgado_Manatec\" width=\"1024\" height=\"521\" srcset=\"https:\/\/revistadospneus.com\/pt\/wp-content\/uploads\/2019\/11\/domingos_Morgado_Manatec.jpg 1024w, https:\/\/revistadospneus.com\/pt\/wp-content\/uploads\/2019\/11\/domingos_Morgado_Manatec-300x153.jpg 300w, https:\/\/revistadospneus.com\/pt\/wp-content\/uploads\/2019\/11\/domingos_Morgado_Manatec-150x76.jpg 150w, https:\/\/revistadospneus.com\/pt\/wp-content\/uploads\/2019\/11\/domingos_Morgado_Manatec-768x391.jpg 768w\" sizes=\"auto, (max-width: 1024px) 100vw, 1024px\" \/><\/p>\n<p><strong>No seguimento do desenvolvimento da parceria com a MANATEC, l\u00edder mundial no fabrico de alinhadoras 3D para pesados, a Domingos &amp; Morgado realizou uma a\u00e7\u00e3o de forma\u00e7\u00e3o com a marca indiana.<\/strong><\/p>\n<p>Enquadrada na pol\u00edtica de forma\u00e7\u00e3o cont\u00ednua dos seus quadros t\u00e9cnicos, a <a href=\"https:\/\/www.domingos-morgado.pt\/\" target=\"_blank\" rel=\"noopener noreferrer\">Domingos &amp; Morgado<\/a> recebeu a visita de Muthukumaran, formador da <a href=\"http:\/\/manatec.in\/\" target=\"_blank\" rel=\"noopener noreferrer\">MANATEC<\/a>, que, durante quatro dias, explicou e demonstrou o funcionamento do revolucion\u00e1rio equipamento.<\/p>\n<p>No \u00e2mbito desta forma\u00e7\u00e3o<strong>, <\/strong>foram efetuadas visitas a v\u00e1rios clientes que dispunham de m\u00e1quinas MANATEC Jumbo 3D instaladas, de forma a dar uma panor\u00e2mica geral das caracter\u00edsticas do mercado portugu\u00eas ao formador da marca.<\/p>\n<p>J\u00e1 no Centro de Forma\u00e7\u00e3o da Domingos &amp; Morgado, na Maia, foram ministradas dezenas de horas de forma\u00e7\u00e3o te\u00f3rica, em que estiveram presentes todos os elementos dos servi\u00e7os t\u00e9cnicos da empresa liderada por Jos\u00e9 Morgado, Domingos Lopes e M\u00e1rio Leal.<\/p>\n<p>Esta iniciativa enquadrou-se na atitude intransigente da empresa no que diz respeito ao servi\u00e7o p\u00f3s-venda, pois a Domingos &amp; Morgado considera os clientes como amigos e parceiros num neg\u00f3cio com futuro.<\/p>\n<p>Futuro este que, segundo diz, \u201cs\u00f3 ser\u00e1 proveitoso para ambas as partes quando a qualidade do equipamento s\u00f3 \u00e9 superada pela qualidade da assist\u00eancia t\u00e9cnica disponibilizada pela Domingos &amp; Morgado\u201d.<\/p>\n<!-- AddThis Advanced Settings generic via filter on the_content --><!-- AddThis Share Buttons generic via filter on the_content -->","protected":false},"excerpt":{"rendered":"<p>No seguimento do desenvolvimento da parceria com a MANATEC,&#8230;<!-- AddThis Advanced Settings generic via filter on get_the_excerpt --><!-- AddThis Share Buttons generic via filter on get_the_excerpt --><\/p>\n","protected":false},"author":13,"featured_media":7528,"comment_status":"closed","ping_status":"closed","sticky":false,"template":"","format":"standard","meta":{"footnotes":""},"categories":[6],"tags":[964,965,912],"class_list":["post-7526","post","type-post","status-publish","format-standard","has-post-thumbnail","hentry","category-equipamentos","tag-domingos-morgado","tag-manatec","tag-revista-dos-pneus"],"yoast_head":"<!-- This site is optimized with the Yoast SEO plugin v27.5 - https:\/\/yoast.com\/product\/yoast-seo-wordpress\/ -->\n<title>Domingos &amp; Morgado realizou a\u00e7\u00e3o de forma\u00e7\u00e3o com a MANATEC - Revista dos Pneus<\/title>\n<meta name=\"robots\" content=\"index, follow, max-snippet:-1, max-image-preview:large, max-video-preview:-1\" \/>\n<link rel=\"canonical\" href=\"https:\/\/revistadospneus.com\/pt\/2019\/11\/07\/domingos-morgado-realizou-acao-de-formacao-com-a-manatec-2\/\" \/>\n<meta property=\"og:locale\" content=\"pt_PT\" \/>\n<meta property=\"og:type\" content=\"article\" \/>\n<meta property=\"og:title\" content=\"Domingos &amp; Morgado realizou a\u00e7\u00e3o de forma\u00e7\u00e3o com a MANATEC - Revista dos Pneus\" \/>\n<meta property=\"og:description\" content=\"No seguimento do desenvolvimento da parceria com a MANATEC,...\" \/>\n<meta property=\"og:url\" content=\"https:\/\/revistadospneus.com\/pt\/2019\/11\/07\/domingos-morgado-realizou-acao-de-formacao-com-a-manatec-2\/\" \/>\n<meta property=\"og:site_name\" content=\"Revista dos Pneus\" \/>\n<meta property=\"article:publisher\" content=\"https:\/\/www.facebook.com\/revistapneus\" \/>\n<meta property=\"article:published_time\" content=\"2019-11-07T10:59:00+00:00\" \/>\n<meta property=\"article:modified_time\" content=\"2020-01-22T14:30:00+00:00\" \/>\n<meta property=\"og:image\" content=\"https:\/\/revistadospneus.com\/pt\/wp-content\/uploads\/2019\/11\/domingos_Morgado_Manatec.jpg\" \/>\n\t<meta property=\"og:image:width\" content=\"1024\" \/>\n\t<meta property=\"og:image:height\" content=\"521\" \/>\n\t<meta property=\"og:image:type\" content=\"image\/jpeg\" \/>\n<meta name=\"author\" content=\"Reda\u00e7\u00e3o RP\" \/>\n<meta name=\"twitter:card\" content=\"summary_large_image\" \/>\n<meta name=\"twitter:creator\" content=\"@revistapneus\" \/>\n<meta name=\"twitter:site\" content=\"@revistapneus\" \/>\n<meta name=\"twitter:label1\" content=\"Escrito por\" \/>\n\t<meta name=\"twitter:data1\" content=\"Reda\u00e7\u00e3o RP\" \/>\n\t<meta name=\"twitter:label2\" content=\"Tempo estimado de leitura\" \/>\n\t<meta name=\"twitter:data2\" content=\"1 minuto\" \/>\n<script type=\"application\/ld+json\" class=\"yoast-schema-graph\">{\"@context\":\"https:\\\/\\\/schema.org\",\"@graph\":[{\"@type\":\"Article\",\"@id\":\"https:\\\/\\\/revistadospneus.com\\\/pt\\\/2019\\\/11\\\/07\\\/domingos-morgado-realizou-acao-de-formacao-com-a-manatec-2\\\/#article\",\"isPartOf\":{\"@id\":\"https:\\\/\\\/revistadospneus.com\\\/pt\\\/2019\\\/11\\\/07\\\/domingos-morgado-realizou-acao-de-formacao-com-a-manatec-2\\\/\"},\"author\":{\"name\":\"Reda\u00e7\u00e3o RP\",\"@id\":\"https:\\\/\\\/revistadospneus.com\\\/pt\\\/#\\\/schema\\\/person\\\/9c602809538a614c26e5569d14ed6442\"},\"headline\":\"Domingos &#038; Morgado realizou a\u00e7\u00e3o de forma\u00e7\u00e3o com a MANATEC\",\"datePublished\":\"2019-11-07T10:59:00+00:00\",\"dateModified\":\"2020-01-22T14:30:00+00:00\",\"mainEntityOfPage\":{\"@id\":\"https:\\\/\\\/revistadospneus.com\\\/pt\\\/2019\\\/11\\\/07\\\/domingos-morgado-realizou-acao-de-formacao-com-a-manatec-2\\\/\"},\"wordCount\":235,\"publisher\":{\"@id\":\"https:\\\/\\\/revistadospneus.com\\\/pt\\\/#organization\"},\"image\":{\"@id\":\"https:\\\/\\\/revistadospneus.com\\\/pt\\\/2019\\\/11\\\/07\\\/domingos-morgado-realizou-acao-de-formacao-com-a-manatec-2\\\/#primaryimage\"},\"thumbnailUrl\":\"https:\\\/\\\/revistadospneus.com\\\/pt\\\/wp-content\\\/uploads\\\/2019\\\/11\\\/domingos_Morgado_Manatec.jpg\",\"keywords\":[\"Domingos &amp; Morgado\",\"MANATEC\",\"Revista dos Pneus\"],\"articleSection\":[\"Equipamentos\"],\"inLanguage\":\"pt-PT\"},{\"@type\":\"WebPage\",\"@id\":\"https:\\\/\\\/revistadospneus.com\\\/pt\\\/2019\\\/11\\\/07\\\/domingos-morgado-realizou-acao-de-formacao-com-a-manatec-2\\\/\",\"url\":\"https:\\\/\\\/revistadospneus.com\\\/pt\\\/2019\\\/11\\\/07\\\/domingos-morgado-realizou-acao-de-formacao-com-a-manatec-2\\\/\",\"name\":\"Domingos & Morgado realizou a\u00e7\u00e3o de forma\u00e7\u00e3o com a MANATEC - Revista dos Pneus\",\"isPartOf\":{\"@id\":\"https:\\\/\\\/revistadospneus.com\\\/pt\\\/#website\"},\"primaryImageOfPage\":{\"@id\":\"https:\\\/\\\/revistadospneus.com\\\/pt\\\/2019\\\/11\\\/07\\\/domingos-morgado-realizou-acao-de-formacao-com-a-manatec-2\\\/#primaryimage\"},\"image\":{\"@id\":\"https:\\\/\\\/revistadospneus.com\\\/pt\\\/2019\\\/11\\\/07\\\/domingos-morgado-realizou-acao-de-formacao-com-a-manatec-2\\\/#primaryimage\"},\"thumbnailUrl\":\"https:\\\/\\\/revistadospneus.com\\\/pt\\\/wp-content\\\/uploads\\\/2019\\\/11\\\/domingos_Morgado_Manatec.jpg\",\"datePublished\":\"2019-11-07T10:59:00+00:00\",\"dateModified\":\"2020-01-22T14:30:00+00:00\",\"breadcrumb\":{\"@id\":\"https:\\\/\\\/revistadospneus.com\\\/pt\\\/2019\\\/11\\\/07\\\/domingos-morgado-realizou-acao-de-formacao-com-a-manatec-2\\\/#breadcrumb\"},\"inLanguage\":\"pt-PT\",\"potentialAction\":[{\"@type\":\"ReadAction\",\"target\":[\"https:\\\/\\\/revistadospneus.com\\\/pt\\\/2019\\\/11\\\/07\\\/domingos-morgado-realizou-acao-de-formacao-com-a-manatec-2\\\/\"]}]},{\"@type\":\"ImageObject\",\"inLanguage\":\"pt-PT\",\"@id\":\"https:\\\/\\\/revistadospneus.com\\\/pt\\\/2019\\\/11\\\/07\\\/domingos-morgado-realizou-acao-de-formacao-com-a-manatec-2\\\/#primaryimage\",\"url\":\"https:\\\/\\\/revistadospneus.com\\\/pt\\\/wp-content\\\/uploads\\\/2019\\\/11\\\/domingos_Morgado_Manatec.jpg\",\"contentUrl\":\"https:\\\/\\\/revistadospneus.com\\\/pt\\\/wp-content\\\/uploads\\\/2019\\\/11\\\/domingos_Morgado_Manatec.jpg\",\"width\":1024,\"height\":521,\"caption\":\"11 - domingos_Morgado_Manatec\"},{\"@type\":\"BreadcrumbList\",\"@id\":\"https:\\\/\\\/revistadospneus.com\\\/pt\\\/2019\\\/11\\\/07\\\/domingos-morgado-realizou-acao-de-formacao-com-a-manatec-2\\\/#breadcrumb\",\"itemListElement\":[{\"@type\":\"ListItem\",\"position\":1,\"name\":\"In\u00edcio\",\"item\":\"https:\\\/\\\/revistadospneus.com\\\/pt\\\/\"},{\"@type\":\"ListItem\",\"position\":2,\"name\":\"Domingos &#038; Morgado realizou a\u00e7\u00e3o de forma\u00e7\u00e3o com a MANATEC\"}]},{\"@type\":\"WebSite\",\"@id\":\"https:\\\/\\\/revistadospneus.com\\\/pt\\\/#website\",\"url\":\"https:\\\/\\\/revistadospneus.com\\\/pt\\\/\",\"name\":\"Revista dos Pneus\",\"description\":\"Revista independente de pneus e servi\u00e7os r\u00e1pidos\",\"publisher\":{\"@id\":\"https:\\\/\\\/revistadospneus.com\\\/pt\\\/#organization\"},\"potentialAction\":[{\"@type\":\"SearchAction\",\"target\":{\"@type\":\"EntryPoint\",\"urlTemplate\":\"https:\\\/\\\/revistadospneus.com\\\/pt\\\/?s={search_term_string}\"},\"query-input\":{\"@type\":\"PropertyValueSpecification\",\"valueRequired\":true,\"valueName\":\"search_term_string\"}}],\"inLanguage\":\"pt-PT\"},{\"@type\":\"Organization\",\"@id\":\"https:\\\/\\\/revistadospneus.com\\\/pt\\\/#organization\",\"name\":\"Revista dos Pneus\",\"url\":\"https:\\\/\\\/revistadospneus.com\\\/pt\\\/\",\"logo\":{\"@type\":\"ImageObject\",\"inLanguage\":\"pt-PT\",\"@id\":\"https:\\\/\\\/revistadospneus.com\\\/pt\\\/#\\\/schema\\\/logo\\\/image\\\/\",\"url\":\"https:\\\/\\\/revistadospneus.com\\\/pt\\\/wp-content\\\/uploads\\\/logo2-1.png\",\"contentUrl\":\"https:\\\/\\\/revistadospneus.com\\\/pt\\\/wp-content\\\/uploads\\\/logo2-1.png\",\"width\":216,\"height\":70,\"caption\":\"Revista dos Pneus\"},\"image\":{\"@id\":\"https:\\\/\\\/revistadospneus.com\\\/pt\\\/#\\\/schema\\\/logo\\\/image\\\/\"},\"sameAs\":[\"https:\\\/\\\/www.facebook.com\\\/revistapneus\",\"https:\\\/\\\/x.com\\\/revistapneus\",\"https:\\\/\\\/www.linkedin.com\\\/company\\\/jornal-das-oficinas\\\/\",\"https:\\\/\\\/www.youtube.com\\\/channel\\\/UCbQZBqtcvV-oSQrr7RzINGg\"]},{\"@type\":\"Person\",\"@id\":\"https:\\\/\\\/revistadospneus.com\\\/pt\\\/#\\\/schema\\\/person\\\/9c602809538a614c26e5569d14ed6442\",\"name\":\"Reda\u00e7\u00e3o RP\",\"image\":{\"@type\":\"ImageObject\",\"inLanguage\":\"pt-PT\",\"@id\":\"https:\\\/\\\/secure.gravatar.com\\\/avatar\\\/71f2fa71737ad68a84fea94bc708ddac8ea5b0c4788dc2ad202f3ccb2887742f?s=96&d=wp_user_avatar&r=g\",\"url\":\"https:\\\/\\\/secure.gravatar.com\\\/avatar\\\/71f2fa71737ad68a84fea94bc708ddac8ea5b0c4788dc2ad202f3ccb2887742f?s=96&d=wp_user_avatar&r=g\",\"contentUrl\":\"https:\\\/\\\/secure.gravatar.com\\\/avatar\\\/71f2fa71737ad68a84fea94bc708ddac8ea5b0c4788dc2ad202f3ccb2887742f?s=96&d=wp_user_avatar&r=g\",\"caption\":\"Reda\u00e7\u00e3o RP\"},\"url\":\"https:\\\/\\\/revistadospneus.com\\\/pt\\\/author\\\/rpredacao\\\/\"}]}<\/script>\n<!-- \/ Yoast SEO plugin. -->","yoast_head_json":{"title":"Domingos & Morgado realizou a\u00e7\u00e3o de forma\u00e7\u00e3o com a MANATEC - Revista dos Pneus","robots":{"index":"index","follow":"follow","max-snippet":"max-snippet:-1","max-image-preview":"max-image-preview:large","max-video-preview":"max-video-preview:-1"},"canonical":"https:\/\/revistadospneus.com\/pt\/2019\/11\/07\/domingos-morgado-realizou-acao-de-formacao-com-a-manatec-2\/","og_locale":"pt_PT","og_type":"article","og_title":"Domingos & Morgado realizou a\u00e7\u00e3o de forma\u00e7\u00e3o com a MANATEC - Revista dos Pneus","og_description":"No seguimento do desenvolvimento da parceria com a MANATEC,...","og_url":"https:\/\/revistadospneus.com\/pt\/2019\/11\/07\/domingos-morgado-realizou-acao-de-formacao-com-a-manatec-2\/","og_site_name":"Revista dos Pneus","article_publisher":"https:\/\/www.facebook.com\/revistapneus","article_published_time":"2019-11-07T10:59:00+00:00","article_modified_time":"2020-01-22T14:30:00+00:00","og_image":[{"width":1024,"height":521,"url":"https:\/\/revistadospneus.com\/pt\/wp-content\/uploads\/2019\/11\/domingos_Morgado_Manatec.jpg","type":"image\/jpeg"}],"author":"Reda\u00e7\u00e3o RP","twitter_card":"summary_large_image","twitter_creator":"@revistapneus","twitter_site":"@revistapneus","twitter_misc":{"Escrito por":"Reda\u00e7\u00e3o RP","Tempo estimado de leitura":"1 minuto"},"schema":{"@context":"https:\/\/schema.org","@graph":[{"@type":"Article","@id":"https:\/\/revistadospneus.com\/pt\/2019\/11\/07\/domingos-morgado-realizou-acao-de-formacao-com-a-manatec-2\/#article","isPartOf":{"@id":"https:\/\/revistadospneus.com\/pt\/2019\/11\/07\/domingos-morgado-realizou-acao-de-formacao-com-a-manatec-2\/"},"author":{"name":"Reda\u00e7\u00e3o RP","@id":"https:\/\/revistadospneus.com\/pt\/#\/schema\/person\/9c602809538a614c26e5569d14ed6442"},"headline":"Domingos &#038; Morgado realizou a\u00e7\u00e3o de forma\u00e7\u00e3o com a MANATEC","datePublished":"2019-11-07T10:59:00+00:00","dateModified":"2020-01-22T14:30:00+00:00","mainEntityOfPage":{"@id":"https:\/\/revistadospneus.com\/pt\/2019\/11\/07\/domingos-morgado-realizou-acao-de-formacao-com-a-manatec-2\/"},"wordCount":235,"publisher":{"@id":"https:\/\/revistadospneus.com\/pt\/#organization"},"image":{"@id":"https:\/\/revistadospneus.com\/pt\/2019\/11\/07\/domingos-morgado-realizou-acao-de-formacao-com-a-manatec-2\/#primaryimage"},"thumbnailUrl":"https:\/\/revistadospneus.com\/pt\/wp-content\/uploads\/2019\/11\/domingos_Morgado_Manatec.jpg","keywords":["Domingos &amp; Morgado","MANATEC","Revista dos Pneus"],"articleSection":["Equipamentos"],"inLanguage":"pt-PT"},{"@type":"WebPage","@id":"https:\/\/revistadospneus.com\/pt\/2019\/11\/07\/domingos-morgado-realizou-acao-de-formacao-com-a-manatec-2\/","url":"https:\/\/revistadospneus.com\/pt\/2019\/11\/07\/domingos-morgado-realizou-acao-de-formacao-com-a-manatec-2\/","name":"Domingos & Morgado realizou a\u00e7\u00e3o de forma\u00e7\u00e3o com a MANATEC - Revista dos Pneus","isPartOf":{"@id":"https:\/\/revistadospneus.com\/pt\/#website"},"primaryImageOfPage":{"@id":"https:\/\/revistadospneus.com\/pt\/2019\/11\/07\/domingos-morgado-realizou-acao-de-formacao-com-a-manatec-2\/#primaryimage"},"image":{"@id":"https:\/\/revistadospneus.com\/pt\/2019\/11\/07\/domingos-morgado-realizou-acao-de-formacao-com-a-manatec-2\/#primaryimage"},"thumbnailUrl":"https:\/\/revistadospneus.com\/pt\/wp-content\/uploads\/2019\/11\/domingos_Morgado_Manatec.jpg","datePublished":"2019-11-07T10:59:00+00:00","dateModified":"2020-01-22T14:30:00+00:00","breadcrumb":{"@id":"https:\/\/revistadospneus.com\/pt\/2019\/11\/07\/domingos-morgado-realizou-acao-de-formacao-com-a-manatec-2\/#breadcrumb"},"inLanguage":"pt-PT","potentialAction":[{"@type":"ReadAction","target":["https:\/\/revistadospneus.com\/pt\/2019\/11\/07\/domingos-morgado-realizou-acao-de-formacao-com-a-manatec-2\/"]}]},{"@type":"ImageObject","inLanguage":"pt-PT","@id":"https:\/\/revistadospneus.com\/pt\/2019\/11\/07\/domingos-morgado-realizou-acao-de-formacao-com-a-manatec-2\/#primaryimage","url":"https:\/\/revistadospneus.com\/pt\/wp-content\/uploads\/2019\/11\/domingos_Morgado_Manatec.jpg","contentUrl":"https:\/\/revistadospneus.com\/pt\/wp-content\/uploads\/2019\/11\/domingos_Morgado_Manatec.jpg","width":1024,"height":521,"caption":"11 - domingos_Morgado_Manatec"},{"@type":"BreadcrumbList","@id":"https:\/\/revistadospneus.com\/pt\/2019\/11\/07\/domingos-morgado-realizou-acao-de-formacao-com-a-manatec-2\/#breadcrumb","itemListElement":[{"@type":"ListItem","position":1,"name":"In\u00edcio","item":"https:\/\/revistadospneus.com\/pt\/"},{"@type":"ListItem","position":2,"name":"Domingos &#038; Morgado realizou a\u00e7\u00e3o de forma\u00e7\u00e3o com a MANATEC"}]},{"@type":"WebSite","@id":"https:\/\/revistadospneus.com\/pt\/#website","url":"https:\/\/revistadospneus.com\/pt\/","name":"Revista dos Pneus","description":"Revista independente de pneus e servi\u00e7os r\u00e1pidos","publisher":{"@id":"https:\/\/revistadospneus.com\/pt\/#organization"},"potentialAction":[{"@type":"SearchAction","target":{"@type":"EntryPoint","urlTemplate":"https:\/\/revistadospneus.com\/pt\/?s={search_term_string}"},"query-input":{"@type":"PropertyValueSpecification","valueRequired":true,"valueName":"search_term_string"}}],"inLanguage":"pt-PT"},{"@type":"Organization","@id":"https:\/\/revistadospneus.com\/pt\/#organization","name":"Revista dos Pneus","url":"https:\/\/revistadospneus.com\/pt\/","logo":{"@type":"ImageObject","inLanguage":"pt-PT","@id":"https:\/\/revistadospneus.com\/pt\/#\/schema\/logo\/image\/","url":"https:\/\/revistadospneus.com\/pt\/wp-content\/uploads\/logo2-1.png","contentUrl":"https:\/\/revistadospneus.com\/pt\/wp-content\/uploads\/logo2-1.png","width":216,"height":70,"caption":"Revista dos Pneus"},"image":{"@id":"https:\/\/revistadospneus.com\/pt\/#\/schema\/logo\/image\/"},"sameAs":["https:\/\/www.facebook.com\/revistapneus","https:\/\/x.com\/revistapneus","https:\/\/www.linkedin.com\/company\/jornal-das-oficinas\/","https:\/\/www.youtube.com\/channel\/UCbQZBqtcvV-oSQrr7RzINGg"]},{"@type":"Person","@id":"https:\/\/revistadospneus.com\/pt\/#\/schema\/person\/9c602809538a614c26e5569d14ed6442","name":"Reda\u00e7\u00e3o RP","image":{"@type":"ImageObject","inLanguage":"pt-PT","@id":"https:\/\/secure.gravatar.com\/avatar\/71f2fa71737ad68a84fea94bc708ddac8ea5b0c4788dc2ad202f3ccb2887742f?s=96&d=wp_user_avatar&r=g","url":"https:\/\/secure.gravatar.com\/avatar\/71f2fa71737ad68a84fea94bc708ddac8ea5b0c4788dc2ad202f3ccb2887742f?s=96&d=wp_user_avatar&r=g","contentUrl":"https:\/\/secure.gravatar.com\/avatar\/71f2fa71737ad68a84fea94bc708ddac8ea5b0c4788dc2ad202f3ccb2887742f?s=96&d=wp_user_avatar&r=g","caption":"Reda\u00e7\u00e3o RP"},"url":"https:\/\/revistadospneus.com\/pt\/author\/rpredacao\/"}]}},"_links":{"self":[{"href":"https:\/\/revistadospneus.com\/pt\/wp-json\/wp\/v2\/posts\/7526","targetHints":{"allow":["GET"]}}],"collection":[{"href":"https:\/\/revistadospneus.com\/pt\/wp-json\/wp\/v2\/posts"}],"about":[{"href":"https:\/\/revistadospneus.com\/pt\/wp-json\/wp\/v2\/types\/post"}],"author":[{"embeddable":true,"href":"https:\/\/revistadospneus.com\/pt\/wp-json\/wp\/v2\/users\/13"}],"replies":[{"embeddable":true,"href":"https:\/\/revistadospneus.com\/pt\/wp-json\/wp\/v2\/comments?post=7526"}],"version-history":[{"count":0,"href":"https:\/\/revistadospneus.com\/pt\/wp-json\/wp\/v2\/posts\/7526\/revisions"}],"wp:featuredmedia":[{"embeddable":true,"href":"https:\/\/revistadospneus.com\/pt\/wp-json\/wp\/v2\/media\/7528"}],"wp:attachment":[{"href":"https:\/\/revistadospneus.com\/pt\/wp-json\/wp\/v2\/media?parent=7526"}],"wp:term":[{"taxonomy":"category","embeddable":true,"href":"https:\/\/revistadospneus.com\/pt\/wp-json\/wp\/v2\/categories?post=7526"},{"taxonomy":"post_tag","embeddable":true,"href":"https:\/\/revistadospneus.com\/pt\/wp-json\/wp\/v2\/tags?post=7526"}],"curies":[{"name":"wp","href":"https:\/\/api.w.org\/{rel}","templated":true}]}}