{"id":75431,"date":"2025-06-06T08:00:46","date_gmt":"2025-06-06T07:00:46","guid":{"rendered":"https:\/\/revistadospneus.com\/pt\/?p=75431"},"modified":"2025-06-04T15:29:48","modified_gmt":"2025-06-04T14:29:48","slug":"centers-auto-reuniu-oficinas-em-convencao-anual","status":"publish","type":"post","link":"https:\/\/revistadospneus.com\/pt\/2025\/06\/06\/centers-auto-reuniu-oficinas-em-convencao-anual\/","title":{"rendered":"Rede Center\u2019s Auto reuniu oficinas em conven\u00e7\u00e3o anual"},"content":{"rendered":"<p><strong><img loading=\"lazy\" decoding=\"async\" class=\"alignnone size-full wp-image-75437\" src=\"https:\/\/revistadospneus.com\/pt\/wp-content\/uploads\/2025\/06\/Rede-Centers-Auto-reuniu-oficinas-em-convencao-anual.jpg\" alt=\"06 - Rede Centers Auto reuniu oficinas em convencao anual\" width=\"1024\" height=\"581\" srcset=\"https:\/\/revistadospneus.com\/pt\/wp-content\/uploads\/2025\/06\/Rede-Centers-Auto-reuniu-oficinas-em-convencao-anual.jpg 1024w, https:\/\/revistadospneus.com\/pt\/wp-content\/uploads\/2025\/06\/Rede-Centers-Auto-reuniu-oficinas-em-convencao-anual-300x170.jpg 300w, https:\/\/revistadospneus.com\/pt\/wp-content\/uploads\/2025\/06\/Rede-Centers-Auto-reuniu-oficinas-em-convencao-anual-150x85.jpg 150w, https:\/\/revistadospneus.com\/pt\/wp-content\/uploads\/2025\/06\/Rede-Centers-Auto-reuniu-oficinas-em-convencao-anual-768x436.jpg 768w\" sizes=\"auto, (max-width: 1024px) 100vw, 1024px\" \/><\/strong><\/p>\n<p><strong>A rede <a href=\"https:\/\/www.grupocentersauto.pt\/\" target=\"_blank\" rel=\"noopener\">Center\u2019s Auto<\/a><\/strong><strong>, gerida pela <a href=\"https:\/\/www.tiresur.com.pt\/en\" target=\"_blank\" rel=\"noopener\">Tiresur<\/a>, realizou a sua conven\u00e7\u00e3o anual nos dias 31 de maio e 1 de junho, em Penela, Coimbra, onde reuniu oficinas associadas para apresentar as novas iniciativas estrat\u00e9gicas e refor\u00e7ar o esp\u00edrito de colabora\u00e7\u00e3o e crescimento conjunto<\/strong><\/p>\n<p>Durante os dois dias, foram apresentados os principais eixos estrat\u00e9gicos para o futuro da rede, com destaque para novas iniciativas destinadas a melhorar a competitividade das oficinas, refor\u00e7ar a identidade comum da Center\u2019s Auto e oferecer ferramentas que agreguem valor ao cliente final.<\/p>\n<p>Um dos momentos mais aguardados foi a revela\u00e7\u00e3o da pr\u00f3xima viagem de incentivo, aberta a todos os associados, que voltar\u00e1 a ser uma oportunidade para partilhar experi\u00eancias num ambiente descontra\u00eddo e fortalecer os la\u00e7os que unem os membros da rede.<\/p>\n<p>A conven\u00e7\u00e3o foi tamb\u00e9m palco para a apresenta\u00e7\u00e3o de novidades de produto das marcas representadas, entre as quais se destacou a GITI, com novos modelos que refor\u00e7am o seu posicionamento dentro da oferta da rede.<\/p>\n<p>Em representa\u00e7\u00e3o da organiza\u00e7\u00e3o, Paco Garc\u00eda, diretor-geral da Tiresur, partilhou a sua vis\u00e3o sobre o projeto e reiterou o compromisso do grupo com o desenvolvimento da Center\u2019s Auto, salientando o papel estrat\u00e9gico que a rede desempenha no modelo de neg\u00f3cio e na diferencia\u00e7\u00e3o das oficinas associadas.<\/p>\n<div class=\"wonderplugingallery-container\" id=\"wonderplugingallery-container-142\" style=\"max-width:960px;margin:0 auto;\"><div class=\"wonderplugingallery\" id=\"wonderplugingallery-142\" data-galleryid=\"142\" data-width=\"960\" data-height=\"540\" data-skin=\"gallery\" data-playsinline=\"false\" data-mutevideo=\"false\" data-random=\"false\" data-autoslide=\"false\" data-autoplayvideo=\"false\" data-schemamarkup=\"false\" data-stopallplaying=\"false\" data-reloadonvideoend=\"false\" data-donotuseposter=\"false\" data-enabletabindex=\"false\" data-loadnextonvideoend=\"false\" data-hidetitlewhenvideoisplaying=\"false\" data-disablehovereventontouch=\"false\" data-autoslideandplayafterfirstplayed=\"false\" data-html5player=\"true\" data-responsive=\"true\" data-fullwidth=\"false\" data-showtitle=\"true\" data-showdescription=\"true\" data-showplaybutton=\"true\" data-showfullscreenbutton=\"true\" data-showtimer=\"true\" data-showcarousel=\"true\" data-galleryshadow=\"false\" data-slideshadow=\"true\" data-thumbshowtitle=\"false\" data-thumbshowimage=\"true\" data-thumbshadow=\"true\" data-lightboxshowtitle=\"true\" data-lightboxshowdescription=\"true\" data-specifyid=\"true\" data-donotinit=\"false\" data-addinitscript=\"false\" data-triggerresize=\"false\" data-thumbcolumnsresponsive=\"false\" data-thumbverticalmiddle=\"true\" data-removeinlinecss=\"true\" data-switchonmouseover=\"false\" data-showcategory=\"true\" data-carouselpagination=\"false\" data-showimgtitle=\"false\" data-titlesmallscreen=\"false\" data-initsocial=\"true\" data-showsocial=\"false\" data-showemail=\"false\" data-showfacebook=\"true\" data-showtwitter=\"true\" data-showpinterest=\"true\" data-socialrotateeffect=\"true\" data-doshortcodeontext=\"false\" data-loop=\"0\" data-duration=\"1500\" data-slideduration=\"1000\" data-slideshowinterval=\"6000\" data-googleanalyticsaccount=\"\" data-ga4account=\"\" data-resizemode=\"fill\" data-imagetoolboxmode=\"mouseover\" data-effect=\"fade\" data-padding=\"12\" data-bgcolor=\"\" data-bgimage=\"\" data-thumbwidth=\"120\" data-thumbheight=\"60\" data-thumbgap=\"8\" data-thumbrowgap=\"16\" data-lightboxtextheight=\"72\" data-lightboxtitlecss=\"{color:#333333; font:bold 12px Arial,Helvetica,sans-serif; overflow:hidden; white-space:normal; line-height:18px;}\" data-lightboxdescriptioncss=\"{color:#333333; font:normal 12px Arial,Helvetica,sans-serif; overflow:hidden; white-space:normal; line-height:14px;}\" data-titlecss=\"{color:#ffffff; font-size:14px; font-family:Armata, sans-serif, Arial; overflow:hidden; text-align:left; padding:10px 0px 10px 10px; background:rgb(102, 102, 102) transparent; background:rgba(102, 102, 102, 0.6);}\" data-descriptioncss=\"{color:#ffffff; font-size:13px; font-family:Armata, sans-serif, Arial; overflow:hidden; text-align:left; padding:0px 0px 10px 10px; background:rgb(102, 102, 102) transparent; background:rgba(102, 102, 102, 0.6);}\" data-titleheight=\"72\" data-titlesmallscreenwidth=\"640\" data-titleheightsmallscreen=\"148\" data-socialmode=\"mouseover\" data-socialposition=\"position:absolute;top:8px;right:8px;\" data-socialpositionlightbox=\"position:absolute;top:8px;right:8px;\" data-socialdirection=\"horizontal\" data-socialbuttonsize=\"32\" data-socialbuttonfontsize=\"18\" data-defaultvideovolume=\"1\" data-thumbtitleheight=\"24\" data-thumbmediumtitleheight=\"48\" data-thumbsmalltitleheight=\"72\" data-categoryheight=\"48\" data-categorydefault=\"all\" data-triggerresizedelay=\"100\" data-thumbmediumsize=\"800\" data-thumbsmallsize=\"480\" data-thumbmediumwidth=\"64\" data-thumbmediumheight=\"64\" data-thumbsmallwidth=\"48\" data-thumbsmallheight=\"48\" data-imgtitle=\"title\" data-carouselpaginationrow=\"3\" data-categorystyle=\"dropdown\" data-categorylist=\"[{&quot;slug&quot;:&quot;all&quot;,&quot;caption&quot;:&quot;Show All&quot;}]\" data-jsfolder=\"https:\/\/revistadospneus.com\/pt\/wp-content\/plugins\/wonderplugin-gallery\/engine\/\" style=\"display:none;\" ><a class=\"html5galleryimglink\" href=\"https:\/\/revistadospneus.com\/pt\/wp-content\/uploads\/2025\/06\/CentersAuto\/1748853045560.jpg\" data-mediatype=1><img decoding=\"async\" class=\"html5galleryimg html5gallery-tn-image\" src=\"https:\/\/revistadospneus.com\/pt\/wp-content\/uploads\/2025\/06\/CentersAuto\/1748853045560.jpg\" alt=\"\"><\/a><div class=\"html5gallery-info\"><\/div><a class=\"html5galleryimglink\" href=\"https:\/\/revistadospneus.com\/pt\/wp-content\/uploads\/2025\/06\/CentersAuto\/1748853045932.jpg\" data-mediatype=1><img decoding=\"async\" class=\"html5galleryimg html5gallery-tn-image\" src=\"https:\/\/revistadospneus.com\/pt\/wp-content\/uploads\/2025\/06\/CentersAuto\/1748853045932.jpg\" alt=\"\"><\/a><div class=\"html5gallery-info\"><\/div><a class=\"html5galleryimglink\" href=\"https:\/\/revistadospneus.com\/pt\/wp-content\/uploads\/2025\/06\/CentersAuto\/1748853046031.jpg\" data-mediatype=1><img decoding=\"async\" class=\"html5galleryimg html5gallery-tn-image\" src=\"https:\/\/revistadospneus.com\/pt\/wp-content\/uploads\/2025\/06\/CentersAuto\/1748853046031.jpg\" alt=\"\"><\/a><div class=\"html5gallery-info\"><\/div><a class=\"html5galleryimglink\" href=\"https:\/\/revistadospneus.com\/pt\/wp-content\/uploads\/2025\/06\/CentersAuto\/1748853046136.jpg\" data-mediatype=1><img decoding=\"async\" class=\"html5galleryimg html5gallery-tn-image\" src=\"https:\/\/revistadospneus.com\/pt\/wp-content\/uploads\/2025\/06\/CentersAuto\/1748853046136.jpg\" alt=\"\"><\/a><div class=\"html5gallery-info\"><\/div><a class=\"html5galleryimglink\" href=\"https:\/\/revistadospneus.com\/pt\/wp-content\/uploads\/2025\/06\/CentersAuto\/Screen-Shot-2025-06-04-at-15.25.34.jpg\" data-mediatype=1><img decoding=\"async\" class=\"html5galleryimg html5gallery-tn-image\" src=\"https:\/\/revistadospneus.com\/pt\/wp-content\/uploads\/2025\/06\/CentersAuto\/Screen-Shot-2025-06-04-at-15.25.34.jpg\" alt=\"\"><\/a><div class=\"html5gallery-info\"><\/div><\/div><\/div><script>function wondergallery_142_appendcss(csscode) {var head=document.head || document.getElementsByTagName(\"head\")[0];var style=document.createElement(\"style\");head.appendChild(style);style.type=\"text\/css\";if (style.styleSheet){style.styleSheet.cssText=csscode;} else {style.appendChild(document.createTextNode(csscode));}};wondergallery_142_appendcss(\"#wonderplugingallery-142 .html5gallery-cat-selection-142 { \tbox-sizing: border-box; \ttext-align: center; }  #wonderplugingallery-142 .html5gallery-cat-selection-142 select { \tbox-sizing: border-box; \tmargin: 4px auto; }\");<\/script>\n<!-- AddThis Advanced Settings generic via filter on the_content --><!-- AddThis Share Buttons generic via filter on the_content -->","protected":false},"excerpt":{"rendered":"<p>A rede Center\u2019s Auto, gerida pela Tiresur, realizou a&#8230;<!-- AddThis Advanced Settings generic via filter on get_the_excerpt --><!-- AddThis Share Buttons generic via filter on get_the_excerpt --><\/p>\n","protected":false},"author":13,"featured_media":75437,"comment_status":"closed","ping_status":"closed","sticky":false,"template":"","format":"standard","meta":{"footnotes":""},"categories":[29],"tags":[1159,4410,4411,4412,386,1039],"class_list":["post-75431","post","type-post","status-publish","format-standard","has-post-thumbnail","hentry","category-empresas","tag-centers-auto","tag-convencao-anual","tag-iniciativas-estrategicas","tag-novos-produtos","tag-oficinas","tag-tiresur"],"yoast_head":"<!-- This site is optimized with the Yoast SEO plugin v27.5 - https:\/\/yoast.com\/product\/yoast-seo-wordpress\/ -->\n<title>Rede Center\u2019s Auto reuniu oficinas em conven\u00e7\u00e3o anual - Revista dos Pneus<\/title>\n<meta name=\"description\" content=\"A rede Center\u2019s Auto realizou a sua conven\u00e7\u00e3o anual nos dias 31 de maio e 1 de junho, em Penela, Coimbra, onde reuniu oficinas associadas\" \/>\n<meta name=\"robots\" content=\"index, follow, max-snippet:-1, max-image-preview:large, max-video-preview:-1\" \/>\n<link rel=\"canonical\" href=\"https:\/\/revistadospneus.com\/pt\/2025\/06\/06\/centers-auto-reuniu-oficinas-em-convencao-anual\/\" \/>\n<meta property=\"og:locale\" content=\"pt_PT\" \/>\n<meta property=\"og:type\" content=\"article\" \/>\n<meta property=\"og:title\" content=\"Rede Center\u2019s Auto reuniu oficinas em conven\u00e7\u00e3o anual - Revista dos Pneus\" \/>\n<meta property=\"og:description\" content=\"A rede Center\u2019s Auto realizou a sua conven\u00e7\u00e3o anual nos dias 31 de maio e 1 de junho, em Penela, Coimbra, onde reuniu oficinas associadas\" \/>\n<meta property=\"og:url\" content=\"https:\/\/revistadospneus.com\/pt\/2025\/06\/06\/centers-auto-reuniu-oficinas-em-convencao-anual\/\" \/>\n<meta property=\"og:site_name\" content=\"Revista dos Pneus\" \/>\n<meta property=\"article:publisher\" content=\"https:\/\/www.facebook.com\/revistapneus\" \/>\n<meta property=\"article:published_time\" content=\"2025-06-06T07:00:46+00:00\" \/>\n<meta property=\"og:image\" content=\"https:\/\/revistadospneus.com\/pt\/wp-content\/uploads\/2025\/06\/Rede-Centers-Auto-reuniu-oficinas-em-convencao-anual.jpg\" \/>\n\t<meta property=\"og:image:width\" content=\"1024\" \/>\n\t<meta property=\"og:image:height\" content=\"581\" \/>\n\t<meta property=\"og:image:type\" content=\"image\/jpeg\" \/>\n<meta name=\"author\" content=\"Reda\u00e7\u00e3o RP\" \/>\n<meta name=\"twitter:card\" content=\"summary_large_image\" \/>\n<meta name=\"twitter:creator\" content=\"@revistapneus\" \/>\n<meta name=\"twitter:site\" content=\"@revistapneus\" \/>\n<meta name=\"twitter:label1\" content=\"Escrito por\" \/>\n\t<meta name=\"twitter:data1\" content=\"Reda\u00e7\u00e3o RP\" \/>\n\t<meta name=\"twitter:label2\" content=\"Tempo estimado de leitura\" \/>\n\t<meta name=\"twitter:data2\" content=\"2 minutos\" \/>\n<script type=\"application\/ld+json\" class=\"yoast-schema-graph\">{\"@context\":\"https:\\\/\\\/schema.org\",\"@graph\":[{\"@type\":\"Article\",\"@id\":\"https:\\\/\\\/revistadospneus.com\\\/pt\\\/2025\\\/06\\\/06\\\/centers-auto-reuniu-oficinas-em-convencao-anual\\\/#article\",\"isPartOf\":{\"@id\":\"https:\\\/\\\/revistadospneus.com\\\/pt\\\/2025\\\/06\\\/06\\\/centers-auto-reuniu-oficinas-em-convencao-anual\\\/\"},\"author\":{\"name\":\"Reda\u00e7\u00e3o RP\",\"@id\":\"https:\\\/\\\/revistadospneus.com\\\/pt\\\/#\\\/schema\\\/person\\\/9c602809538a614c26e5569d14ed6442\"},\"headline\":\"Rede Center\u2019s Auto reuniu oficinas em conven\u00e7\u00e3o anual\",\"datePublished\":\"2025-06-06T07:00:46+00:00\",\"mainEntityOfPage\":{\"@id\":\"https:\\\/\\\/revistadospneus.com\\\/pt\\\/2025\\\/06\\\/06\\\/centers-auto-reuniu-oficinas-em-convencao-anual\\\/\"},\"wordCount\":244,\"publisher\":{\"@id\":\"https:\\\/\\\/revistadospneus.com\\\/pt\\\/#organization\"},\"image\":{\"@id\":\"https:\\\/\\\/revistadospneus.com\\\/pt\\\/2025\\\/06\\\/06\\\/centers-auto-reuniu-oficinas-em-convencao-anual\\\/#primaryimage\"},\"thumbnailUrl\":\"https:\\\/\\\/revistadospneus.com\\\/pt\\\/wp-content\\\/uploads\\\/2025\\\/06\\\/Rede-Centers-Auto-reuniu-oficinas-em-convencao-anual.jpg\",\"keywords\":[\"Center's Auto\",\"conven\u00e7\u00e3o anual\",\"iniciativas estrat\u00e9gicas\",\"novos produtos\",\"Oficinas\",\"Tiresur\"],\"articleSection\":[\"Empresas\"],\"inLanguage\":\"pt-PT\"},{\"@type\":\"WebPage\",\"@id\":\"https:\\\/\\\/revistadospneus.com\\\/pt\\\/2025\\\/06\\\/06\\\/centers-auto-reuniu-oficinas-em-convencao-anual\\\/\",\"url\":\"https:\\\/\\\/revistadospneus.com\\\/pt\\\/2025\\\/06\\\/06\\\/centers-auto-reuniu-oficinas-em-convencao-anual\\\/\",\"name\":\"Rede Center\u2019s Auto reuniu oficinas em conven\u00e7\u00e3o anual - Revista dos Pneus\",\"isPartOf\":{\"@id\":\"https:\\\/\\\/revistadospneus.com\\\/pt\\\/#website\"},\"primaryImageOfPage\":{\"@id\":\"https:\\\/\\\/revistadospneus.com\\\/pt\\\/2025\\\/06\\\/06\\\/centers-auto-reuniu-oficinas-em-convencao-anual\\\/#primaryimage\"},\"image\":{\"@id\":\"https:\\\/\\\/revistadospneus.com\\\/pt\\\/2025\\\/06\\\/06\\\/centers-auto-reuniu-oficinas-em-convencao-anual\\\/#primaryimage\"},\"thumbnailUrl\":\"https:\\\/\\\/revistadospneus.com\\\/pt\\\/wp-content\\\/uploads\\\/2025\\\/06\\\/Rede-Centers-Auto-reuniu-oficinas-em-convencao-anual.jpg\",\"datePublished\":\"2025-06-06T07:00:46+00:00\",\"description\":\"A rede Center\u2019s Auto realizou a sua conven\u00e7\u00e3o anual nos dias 31 de maio e 1 de junho, em Penela, Coimbra, onde reuniu oficinas associadas\",\"breadcrumb\":{\"@id\":\"https:\\\/\\\/revistadospneus.com\\\/pt\\\/2025\\\/06\\\/06\\\/centers-auto-reuniu-oficinas-em-convencao-anual\\\/#breadcrumb\"},\"inLanguage\":\"pt-PT\",\"potentialAction\":[{\"@type\":\"ReadAction\",\"target\":[\"https:\\\/\\\/revistadospneus.com\\\/pt\\\/2025\\\/06\\\/06\\\/centers-auto-reuniu-oficinas-em-convencao-anual\\\/\"]}]},{\"@type\":\"ImageObject\",\"inLanguage\":\"pt-PT\",\"@id\":\"https:\\\/\\\/revistadospneus.com\\\/pt\\\/2025\\\/06\\\/06\\\/centers-auto-reuniu-oficinas-em-convencao-anual\\\/#primaryimage\",\"url\":\"https:\\\/\\\/revistadospneus.com\\\/pt\\\/wp-content\\\/uploads\\\/2025\\\/06\\\/Rede-Centers-Auto-reuniu-oficinas-em-convencao-anual.jpg\",\"contentUrl\":\"https:\\\/\\\/revistadospneus.com\\\/pt\\\/wp-content\\\/uploads\\\/2025\\\/06\\\/Rede-Centers-Auto-reuniu-oficinas-em-convencao-anual.jpg\",\"width\":1024,\"height\":581,\"caption\":\"06 - Rede Centers Auto reuniu oficinas em convencao anual\"},{\"@type\":\"BreadcrumbList\",\"@id\":\"https:\\\/\\\/revistadospneus.com\\\/pt\\\/2025\\\/06\\\/06\\\/centers-auto-reuniu-oficinas-em-convencao-anual\\\/#breadcrumb\",\"itemListElement\":[{\"@type\":\"ListItem\",\"position\":1,\"name\":\"In\u00edcio\",\"item\":\"https:\\\/\\\/revistadospneus.com\\\/pt\\\/\"},{\"@type\":\"ListItem\",\"position\":2,\"name\":\"Rede Center\u2019s Auto reuniu oficinas em conven\u00e7\u00e3o anual\"}]},{\"@type\":\"WebSite\",\"@id\":\"https:\\\/\\\/revistadospneus.com\\\/pt\\\/#website\",\"url\":\"https:\\\/\\\/revistadospneus.com\\\/pt\\\/\",\"name\":\"Revista dos Pneus\",\"description\":\"Revista independente de pneus e servi\u00e7os r\u00e1pidos\",\"publisher\":{\"@id\":\"https:\\\/\\\/revistadospneus.com\\\/pt\\\/#organization\"},\"potentialAction\":[{\"@type\":\"SearchAction\",\"target\":{\"@type\":\"EntryPoint\",\"urlTemplate\":\"https:\\\/\\\/revistadospneus.com\\\/pt\\\/?s={search_term_string}\"},\"query-input\":{\"@type\":\"PropertyValueSpecification\",\"valueRequired\":true,\"valueName\":\"search_term_string\"}}],\"inLanguage\":\"pt-PT\"},{\"@type\":\"Organization\",\"@id\":\"https:\\\/\\\/revistadospneus.com\\\/pt\\\/#organization\",\"name\":\"Revista dos Pneus\",\"url\":\"https:\\\/\\\/revistadospneus.com\\\/pt\\\/\",\"logo\":{\"@type\":\"ImageObject\",\"inLanguage\":\"pt-PT\",\"@id\":\"https:\\\/\\\/revistadospneus.com\\\/pt\\\/#\\\/schema\\\/logo\\\/image\\\/\",\"url\":\"https:\\\/\\\/revistadospneus.com\\\/pt\\\/wp-content\\\/uploads\\\/logo2-1.png\",\"contentUrl\":\"https:\\\/\\\/revistadospneus.com\\\/pt\\\/wp-content\\\/uploads\\\/logo2-1.png\",\"width\":216,\"height\":70,\"caption\":\"Revista dos Pneus\"},\"image\":{\"@id\":\"https:\\\/\\\/revistadospneus.com\\\/pt\\\/#\\\/schema\\\/logo\\\/image\\\/\"},\"sameAs\":[\"https:\\\/\\\/www.facebook.com\\\/revistapneus\",\"https:\\\/\\\/x.com\\\/revistapneus\",\"https:\\\/\\\/www.linkedin.com\\\/company\\\/jornal-das-oficinas\\\/\",\"https:\\\/\\\/www.youtube.com\\\/channel\\\/UCbQZBqtcvV-oSQrr7RzINGg\"]},{\"@type\":\"Person\",\"@id\":\"https:\\\/\\\/revistadospneus.com\\\/pt\\\/#\\\/schema\\\/person\\\/9c602809538a614c26e5569d14ed6442\",\"name\":\"Reda\u00e7\u00e3o RP\",\"image\":{\"@type\":\"ImageObject\",\"inLanguage\":\"pt-PT\",\"@id\":\"https:\\\/\\\/secure.gravatar.com\\\/avatar\\\/71f2fa71737ad68a84fea94bc708ddac8ea5b0c4788dc2ad202f3ccb2887742f?s=96&d=wp_user_avatar&r=g\",\"url\":\"https:\\\/\\\/secure.gravatar.com\\\/avatar\\\/71f2fa71737ad68a84fea94bc708ddac8ea5b0c4788dc2ad202f3ccb2887742f?s=96&d=wp_user_avatar&r=g\",\"contentUrl\":\"https:\\\/\\\/secure.gravatar.com\\\/avatar\\\/71f2fa71737ad68a84fea94bc708ddac8ea5b0c4788dc2ad202f3ccb2887742f?s=96&d=wp_user_avatar&r=g\",\"caption\":\"Reda\u00e7\u00e3o RP\"},\"url\":\"https:\\\/\\\/revistadospneus.com\\\/pt\\\/author\\\/rpredacao\\\/\"}]}<\/script>\n<!-- \/ Yoast SEO plugin. -->","yoast_head_json":{"title":"Rede Center\u2019s Auto reuniu oficinas em conven\u00e7\u00e3o anual - Revista dos Pneus","description":"A rede Center\u2019s Auto realizou a sua conven\u00e7\u00e3o anual nos dias 31 de maio e 1 de junho, em Penela, Coimbra, onde reuniu oficinas associadas","robots":{"index":"index","follow":"follow","max-snippet":"max-snippet:-1","max-image-preview":"max-image-preview:large","max-video-preview":"max-video-preview:-1"},"canonical":"https:\/\/revistadospneus.com\/pt\/2025\/06\/06\/centers-auto-reuniu-oficinas-em-convencao-anual\/","og_locale":"pt_PT","og_type":"article","og_title":"Rede Center\u2019s Auto reuniu oficinas em conven\u00e7\u00e3o anual - Revista dos Pneus","og_description":"A rede Center\u2019s Auto realizou a sua conven\u00e7\u00e3o anual nos dias 31 de maio e 1 de junho, em Penela, Coimbra, onde reuniu oficinas associadas","og_url":"https:\/\/revistadospneus.com\/pt\/2025\/06\/06\/centers-auto-reuniu-oficinas-em-convencao-anual\/","og_site_name":"Revista dos Pneus","article_publisher":"https:\/\/www.facebook.com\/revistapneus","article_published_time":"2025-06-06T07:00:46+00:00","og_image":[{"width":1024,"height":581,"url":"https:\/\/revistadospneus.com\/pt\/wp-content\/uploads\/2025\/06\/Rede-Centers-Auto-reuniu-oficinas-em-convencao-anual.jpg","type":"image\/jpeg"}],"author":"Reda\u00e7\u00e3o RP","twitter_card":"summary_large_image","twitter_creator":"@revistapneus","twitter_site":"@revistapneus","twitter_misc":{"Escrito por":"Reda\u00e7\u00e3o RP","Tempo estimado de leitura":"2 minutos"},"schema":{"@context":"https:\/\/schema.org","@graph":[{"@type":"Article","@id":"https:\/\/revistadospneus.com\/pt\/2025\/06\/06\/centers-auto-reuniu-oficinas-em-convencao-anual\/#article","isPartOf":{"@id":"https:\/\/revistadospneus.com\/pt\/2025\/06\/06\/centers-auto-reuniu-oficinas-em-convencao-anual\/"},"author":{"name":"Reda\u00e7\u00e3o RP","@id":"https:\/\/revistadospneus.com\/pt\/#\/schema\/person\/9c602809538a614c26e5569d14ed6442"},"headline":"Rede Center\u2019s Auto reuniu oficinas em conven\u00e7\u00e3o anual","datePublished":"2025-06-06T07:00:46+00:00","mainEntityOfPage":{"@id":"https:\/\/revistadospneus.com\/pt\/2025\/06\/06\/centers-auto-reuniu-oficinas-em-convencao-anual\/"},"wordCount":244,"publisher":{"@id":"https:\/\/revistadospneus.com\/pt\/#organization"},"image":{"@id":"https:\/\/revistadospneus.com\/pt\/2025\/06\/06\/centers-auto-reuniu-oficinas-em-convencao-anual\/#primaryimage"},"thumbnailUrl":"https:\/\/revistadospneus.com\/pt\/wp-content\/uploads\/2025\/06\/Rede-Centers-Auto-reuniu-oficinas-em-convencao-anual.jpg","keywords":["Center's Auto","conven\u00e7\u00e3o anual","iniciativas estrat\u00e9gicas","novos produtos","Oficinas","Tiresur"],"articleSection":["Empresas"],"inLanguage":"pt-PT"},{"@type":"WebPage","@id":"https:\/\/revistadospneus.com\/pt\/2025\/06\/06\/centers-auto-reuniu-oficinas-em-convencao-anual\/","url":"https:\/\/revistadospneus.com\/pt\/2025\/06\/06\/centers-auto-reuniu-oficinas-em-convencao-anual\/","name":"Rede Center\u2019s Auto reuniu oficinas em conven\u00e7\u00e3o anual - Revista dos Pneus","isPartOf":{"@id":"https:\/\/revistadospneus.com\/pt\/#website"},"primaryImageOfPage":{"@id":"https:\/\/revistadospneus.com\/pt\/2025\/06\/06\/centers-auto-reuniu-oficinas-em-convencao-anual\/#primaryimage"},"image":{"@id":"https:\/\/revistadospneus.com\/pt\/2025\/06\/06\/centers-auto-reuniu-oficinas-em-convencao-anual\/#primaryimage"},"thumbnailUrl":"https:\/\/revistadospneus.com\/pt\/wp-content\/uploads\/2025\/06\/Rede-Centers-Auto-reuniu-oficinas-em-convencao-anual.jpg","datePublished":"2025-06-06T07:00:46+00:00","description":"A rede Center\u2019s Auto realizou a sua conven\u00e7\u00e3o anual nos dias 31 de maio e 1 de junho, em Penela, Coimbra, onde reuniu oficinas associadas","breadcrumb":{"@id":"https:\/\/revistadospneus.com\/pt\/2025\/06\/06\/centers-auto-reuniu-oficinas-em-convencao-anual\/#breadcrumb"},"inLanguage":"pt-PT","potentialAction":[{"@type":"ReadAction","target":["https:\/\/revistadospneus.com\/pt\/2025\/06\/06\/centers-auto-reuniu-oficinas-em-convencao-anual\/"]}]},{"@type":"ImageObject","inLanguage":"pt-PT","@id":"https:\/\/revistadospneus.com\/pt\/2025\/06\/06\/centers-auto-reuniu-oficinas-em-convencao-anual\/#primaryimage","url":"https:\/\/revistadospneus.com\/pt\/wp-content\/uploads\/2025\/06\/Rede-Centers-Auto-reuniu-oficinas-em-convencao-anual.jpg","contentUrl":"https:\/\/revistadospneus.com\/pt\/wp-content\/uploads\/2025\/06\/Rede-Centers-Auto-reuniu-oficinas-em-convencao-anual.jpg","width":1024,"height":581,"caption":"06 - Rede Centers Auto reuniu oficinas em convencao anual"},{"@type":"BreadcrumbList","@id":"https:\/\/revistadospneus.com\/pt\/2025\/06\/06\/centers-auto-reuniu-oficinas-em-convencao-anual\/#breadcrumb","itemListElement":[{"@type":"ListItem","position":1,"name":"In\u00edcio","item":"https:\/\/revistadospneus.com\/pt\/"},{"@type":"ListItem","position":2,"name":"Rede Center\u2019s Auto reuniu oficinas em conven\u00e7\u00e3o anual"}]},{"@type":"WebSite","@id":"https:\/\/revistadospneus.com\/pt\/#website","url":"https:\/\/revistadospneus.com\/pt\/","name":"Revista dos Pneus","description":"Revista independente de pneus e servi\u00e7os r\u00e1pidos","publisher":{"@id":"https:\/\/revistadospneus.com\/pt\/#organization"},"potentialAction":[{"@type":"SearchAction","target":{"@type":"EntryPoint","urlTemplate":"https:\/\/revistadospneus.com\/pt\/?s={search_term_string}"},"query-input":{"@type":"PropertyValueSpecification","valueRequired":true,"valueName":"search_term_string"}}],"inLanguage":"pt-PT"},{"@type":"Organization","@id":"https:\/\/revistadospneus.com\/pt\/#organization","name":"Revista dos Pneus","url":"https:\/\/revistadospneus.com\/pt\/","logo":{"@type":"ImageObject","inLanguage":"pt-PT","@id":"https:\/\/revistadospneus.com\/pt\/#\/schema\/logo\/image\/","url":"https:\/\/revistadospneus.com\/pt\/wp-content\/uploads\/logo2-1.png","contentUrl":"https:\/\/revistadospneus.com\/pt\/wp-content\/uploads\/logo2-1.png","width":216,"height":70,"caption":"Revista dos Pneus"},"image":{"@id":"https:\/\/revistadospneus.com\/pt\/#\/schema\/logo\/image\/"},"sameAs":["https:\/\/www.facebook.com\/revistapneus","https:\/\/x.com\/revistapneus","https:\/\/www.linkedin.com\/company\/jornal-das-oficinas\/","https:\/\/www.youtube.com\/channel\/UCbQZBqtcvV-oSQrr7RzINGg"]},{"@type":"Person","@id":"https:\/\/revistadospneus.com\/pt\/#\/schema\/person\/9c602809538a614c26e5569d14ed6442","name":"Reda\u00e7\u00e3o RP","image":{"@type":"ImageObject","inLanguage":"pt-PT","@id":"https:\/\/secure.gravatar.com\/avatar\/71f2fa71737ad68a84fea94bc708ddac8ea5b0c4788dc2ad202f3ccb2887742f?s=96&d=wp_user_avatar&r=g","url":"https:\/\/secure.gravatar.com\/avatar\/71f2fa71737ad68a84fea94bc708ddac8ea5b0c4788dc2ad202f3ccb2887742f?s=96&d=wp_user_avatar&r=g","contentUrl":"https:\/\/secure.gravatar.com\/avatar\/71f2fa71737ad68a84fea94bc708ddac8ea5b0c4788dc2ad202f3ccb2887742f?s=96&d=wp_user_avatar&r=g","caption":"Reda\u00e7\u00e3o RP"},"url":"https:\/\/revistadospneus.com\/pt\/author\/rpredacao\/"}]}},"_links":{"self":[{"href":"https:\/\/revistadospneus.com\/pt\/wp-json\/wp\/v2\/posts\/75431","targetHints":{"allow":["GET"]}}],"collection":[{"href":"https:\/\/revistadospneus.com\/pt\/wp-json\/wp\/v2\/posts"}],"about":[{"href":"https:\/\/revistadospneus.com\/pt\/wp-json\/wp\/v2\/types\/post"}],"author":[{"embeddable":true,"href":"https:\/\/revistadospneus.com\/pt\/wp-json\/wp\/v2\/users\/13"}],"replies":[{"embeddable":true,"href":"https:\/\/revistadospneus.com\/pt\/wp-json\/wp\/v2\/comments?post=75431"}],"version-history":[{"count":6,"href":"https:\/\/revistadospneus.com\/pt\/wp-json\/wp\/v2\/posts\/75431\/revisions"}],"predecessor-version":[{"id":75446,"href":"https:\/\/revistadospneus.com\/pt\/wp-json\/wp\/v2\/posts\/75431\/revisions\/75446"}],"wp:featuredmedia":[{"embeddable":true,"href":"https:\/\/revistadospneus.com\/pt\/wp-json\/wp\/v2\/media\/75437"}],"wp:attachment":[{"href":"https:\/\/revistadospneus.com\/pt\/wp-json\/wp\/v2\/media?parent=75431"}],"wp:term":[{"taxonomy":"category","embeddable":true,"href":"https:\/\/revistadospneus.com\/pt\/wp-json\/wp\/v2\/categories?post=75431"},{"taxonomy":"post_tag","embeddable":true,"href":"https:\/\/revistadospneus.com\/pt\/wp-json\/wp\/v2\/tags?post=75431"}],"curies":[{"name":"wp","href":"https:\/\/api.w.org\/{rel}","templated":true}]}}