{"id":75510,"date":"2025-06-30T08:00:30","date_gmt":"2025-06-30T07:00:30","guid":{"rendered":"https:\/\/revistadospneus.com\/pt\/?p=75510"},"modified":"2025-06-18T17:55:37","modified_gmt":"2025-06-18T16:55:37","slug":"solve-sundsbo-sera-o-fotografo-do-calendario-pirelli-2026","status":"publish","type":"post","link":"https:\/\/revistadospneus.com\/pt\/2025\/06\/30\/solve-sundsbo-sera-o-fotografo-do-calendario-pirelli-2026\/","title":{"rendered":"S\u00f8lve Sundsb\u00f8 ser\u00e1 o fot\u00f3grafo do calend\u00e1rio Pirelli 2026"},"content":{"rendered":"<p><strong><img loading=\"lazy\" decoding=\"async\" class=\"alignnone size-full wp-image-75538\" src=\"https:\/\/revistadospneus.com\/pt\/wp-content\/uploads\/2025\/06\/Solve-Sundsbo-sera-o-fotografo-do-calendario-Pirelli-2026.jpeg\" alt=\"06 - Solve Sundsbo sera o fotografo do calendario Pirelli 2026\" width=\"1024\" height=\"581\" srcset=\"https:\/\/revistadospneus.com\/pt\/wp-content\/uploads\/2025\/06\/Solve-Sundsbo-sera-o-fotografo-do-calendario-Pirelli-2026.jpeg 1024w, https:\/\/revistadospneus.com\/pt\/wp-content\/uploads\/2025\/06\/Solve-Sundsbo-sera-o-fotografo-do-calendario-Pirelli-2026-300x170.jpeg 300w, https:\/\/revistadospneus.com\/pt\/wp-content\/uploads\/2025\/06\/Solve-Sundsbo-sera-o-fotografo-do-calendario-Pirelli-2026-150x85.jpeg 150w, https:\/\/revistadospneus.com\/pt\/wp-content\/uploads\/2025\/06\/Solve-Sundsbo-sera-o-fotografo-do-calendario-Pirelli-2026-768x436.jpeg 768w\" sizes=\"auto, (max-width: 1024px) 100vw, 1024px\" \/><\/strong><\/p>\n<p><strong>A 52.\u00aa edi\u00e7\u00e3o do calend\u00e1rio da <a href=\"https:\/\/www.pirelli.com\/tyres\/pt-pt\/carro\/homepage\" target=\"_blank\" rel=\"noopener\">Pirelli<\/a> contar\u00e1 com a assinatura de S\u00f8lve Sundsb\u00f8, fot\u00f3grafo e cineasta noruegu\u00eas, <\/strong><strong>reconhecido pelas suas imagens on\u00edricas e por um estilo singular, que conjuga frequentemente m\u00e9todos cl\u00e1ssicos com ferramentas de vanguarda<\/strong><\/p>\n<p>Nascido em 1970, Sundsb\u00f8 colaborou com algumas das mais prestigiadas marcas do mundo da moda e da cosm\u00e9tica, tendo igualmente assinado capas e editoriais para in\u00fameras publica\u00e7\u00f5es de refer\u00eancia na \u00e1rea do lifestyle. No dom\u00ednio do cinema, destaca-se a curta-metragem 14 Actors Acting, realizada em 2010, que lhe valeu a distin\u00e7\u00e3o com um pr\u00e9mio Emmy.<\/p>\n<p><strong>Biografia de S\u00f8lve Sundsb\u00f8<\/strong><\/p>\n<p>S\u00f8lve Sundsb\u00f8 afirmou-se como um dos mais relevantes criadores de imagem da atualidade. Algumas das fotografias mais impactantes dos \u00faltimos anos contam com o seu selo, tendo conquistado o respeito da ind\u00fastria gra\u00e7as a uma vis\u00e3o art\u00edstica sem compromissos e a conceitos de inspira\u00e7\u00e3o quase on\u00edrica, que frequentemente desafiam a perce\u00e7\u00e3o da realidade e contribuem para expandir os limites da linguagem visual na moda para al\u00e9m da imagem est\u00e1tica. Sundsb\u00f8 \u00e9 amplamente aclamado pela sua versatilidade, tanto pela abertura \u00e0 experimenta\u00e7\u00e3o com novas tecnologias, da digitaliza\u00e7\u00e3o 3D ao retoque manual, como pela diversidade estil\u00edstica da sua obra.<\/p>\n<p>Nascido na Noruega em 1970, mudou-se para Londres em 1995 para estudar fotografia no London College of Printing. Embora continue a residir na capital brit\u00e2nica com a sua esposa e os seus quatro filhos, o seu pa\u00eds natal permanece uma fonte constante de inspira\u00e7\u00e3o, sendo vis\u00edvel em muitas das suas fotografias a influ\u00eancia de uma est\u00e9tica norueguesa marcada pela pureza e pela naturalidade.<\/p>\n<p>As colabora\u00e7\u00f5es comerciais de S\u00f8lve Sundsb\u00f8 resultaram em imagens e filmes ic\u00f3nicos para algumas das mais prestigiadas marcas de moda e beleza, como Bulgari, Cartier, Chanel, Est\u00e9e Lauder, Giorgio Armani, Gucci, Guerlain, Herm\u00e8s, Lanc\u00f4me, Louis Vuitton, Narciso Rodriguez, Prada, Thierry Mugler e Tom Ford.<\/p>\n<p>O artista nutre uma profunda paix\u00e3o por ver o seu trabalho publicado no contexto editorial e tem assinado in\u00fameros editoriais e capas inovadoras. Colabora regularmente com revistas como Harper\u2019s Bazaar Italia, i-D, Love, The New York Times Magazine, Num\u00e9ro, Perfect, Re-Edition, V, Vogue Italia e W.<\/p>\n<p>Em 2011, a sua pe\u00e7a para o New York Times, 14 Actors Acting, foi distinguida com um pr\u00e9mio Emmy na categoria &#8220;Novas abordagens em programa\u00e7\u00e3o informativa e documental: artes, lifestyle e cultura&#8221;, na 32.\u00aa edi\u00e7\u00e3o dos Emmy de Not\u00edcias e Document\u00e1rio. Em parceria com a revista W, criou e apresentou The Ever Changing Face of Beauty (2012), uma instala\u00e7\u00e3o f\u00edlmica de grande escala (com 15 metros de altura), de natureza surrealista e et\u00e9rea, que combina elementos naturais com uma intensidade tecnol\u00f3gica que espelha o seu estilo cinematogr\u00e1fico.<\/p>\n<p>Tamb\u00e9m concebeu v\u00e1rias capas de \u00e1lbuns, destacando-se a de A Rush of Blood to the Head, dos Coldplay, que foi imortalizada como selo oficial pelo Royal Mail, no \u00e2mbito de uma emiss\u00e3o comemorativa das capas mais ic\u00f3nicas da m\u00fasica brit\u00e2nica.<\/p>\n<p>O seu trabalho tem sido exibido por todo o mundo, tanto em exposi\u00e7\u00f5es coletivas como individuais, como Beyond the Still Image (2018), no Palazzo Reale de Mil\u00e3o. Foi ainda amplamente elogiado pelas imagens que captou a partir do esp\u00f3lio de Alexander McQueen, para o cat\u00e1logo da c\u00e9lebre retrospetiva Alexander McQueen: Savage Beauty, no Museu Metropolitano de Nova Iorque em 2011.<\/p>\n<p>Atualmente, Sundsb\u00f8 continua a ultrapassar os limites da cria\u00e7\u00e3o visual, desenvolvendo trabalhos em m\u00faltiplas plataformas, da fotografia ao cinema de moda, numa constante fus\u00e3o entre t\u00e9cnicas tradicionais e tecnologias de vanguarda. A sua obra foi leiloada pela Phillips De Pury e integra a cole\u00e7\u00e3o permanente da National Portrait Gallery, em Londres.<\/p>\n<!-- AddThis Advanced Settings generic via filter on the_content --><!-- AddThis Share Buttons generic via filter on the_content -->","protected":false},"excerpt":{"rendered":"<p>A 52.\u00aa edi\u00e7\u00e3o do calend\u00e1rio da Pirelli contar\u00e1 com&#8230;<!-- AddThis Advanced Settings generic via filter on get_the_excerpt --><!-- AddThis Share Buttons generic via filter on get_the_excerpt --><\/p>\n","protected":false},"author":13,"featured_media":75538,"comment_status":"closed","ping_status":"closed","sticky":false,"template":"","format":"standard","meta":{"footnotes":""},"categories":[29],"tags":[4425,4427,4429,4426,4428,109],"class_list":["post-75510","post","type-post","status-publish","format-standard","has-post-thumbnail","hentry","category-empresas","tag-calendario-2026","tag-estilo-singular","tag-fotografias","tag-fotografo-noruegues","tag-imagens-oniricas","tag-pirelli"],"yoast_head":"<!-- This site is optimized with the Yoast SEO plugin v27.5 - https:\/\/yoast.com\/product\/yoast-seo-wordpress\/ -->\n<title>S\u00f8lve Sundsb\u00f8 ser\u00e1 o fot\u00f3grafo do calend\u00e1rio Pirelli 2026 - Revista dos Pneus<\/title>\n<meta name=\"description\" content=\"A 52.\u00aa edi\u00e7\u00e3o do calend\u00e1rio da Pirelli contar\u00e1 com a assinatura de S\u00f8lve Sundsb\u00f8, fot\u00f3grafo e cineasta noruegu\u00eas\" \/>\n<meta name=\"robots\" content=\"index, follow, max-snippet:-1, max-image-preview:large, max-video-preview:-1\" \/>\n<link rel=\"canonical\" href=\"https:\/\/revistadospneus.com\/pt\/2025\/06\/30\/solve-sundsbo-sera-o-fotografo-do-calendario-pirelli-2026\/\" \/>\n<meta property=\"og:locale\" content=\"pt_PT\" \/>\n<meta property=\"og:type\" content=\"article\" \/>\n<meta property=\"og:title\" content=\"S\u00f8lve Sundsb\u00f8 ser\u00e1 o fot\u00f3grafo do calend\u00e1rio Pirelli 2026 - Revista dos Pneus\" \/>\n<meta property=\"og:description\" content=\"A 52.\u00aa edi\u00e7\u00e3o do calend\u00e1rio da Pirelli contar\u00e1 com a assinatura de S\u00f8lve Sundsb\u00f8, fot\u00f3grafo e cineasta noruegu\u00eas\" \/>\n<meta property=\"og:url\" content=\"https:\/\/revistadospneus.com\/pt\/2025\/06\/30\/solve-sundsbo-sera-o-fotografo-do-calendario-pirelli-2026\/\" \/>\n<meta property=\"og:site_name\" content=\"Revista dos Pneus\" \/>\n<meta property=\"article:publisher\" content=\"https:\/\/www.facebook.com\/revistapneus\" \/>\n<meta property=\"article:published_time\" content=\"2025-06-30T07:00:30+00:00\" \/>\n<meta property=\"og:image\" content=\"https:\/\/revistadospneus.com\/pt\/wp-content\/uploads\/2025\/06\/Solve-Sundsbo-sera-o-fotografo-do-calendario-Pirelli-2026.jpeg\" \/>\n\t<meta property=\"og:image:width\" content=\"1024\" \/>\n\t<meta property=\"og:image:height\" content=\"581\" \/>\n\t<meta property=\"og:image:type\" content=\"image\/jpeg\" \/>\n<meta name=\"author\" content=\"Reda\u00e7\u00e3o RP\" \/>\n<meta name=\"twitter:card\" content=\"summary_large_image\" \/>\n<meta name=\"twitter:creator\" content=\"@revistapneus\" \/>\n<meta name=\"twitter:site\" content=\"@revistapneus\" \/>\n<meta name=\"twitter:label1\" content=\"Escrito por\" \/>\n\t<meta name=\"twitter:data1\" content=\"Reda\u00e7\u00e3o RP\" \/>\n\t<meta name=\"twitter:label2\" content=\"Tempo estimado de leitura\" \/>\n\t<meta name=\"twitter:data2\" content=\"4 minutos\" \/>\n<script type=\"application\/ld+json\" class=\"yoast-schema-graph\">{\"@context\":\"https:\\\/\\\/schema.org\",\"@graph\":[{\"@type\":\"Article\",\"@id\":\"https:\\\/\\\/revistadospneus.com\\\/pt\\\/2025\\\/06\\\/30\\\/solve-sundsbo-sera-o-fotografo-do-calendario-pirelli-2026\\\/#article\",\"isPartOf\":{\"@id\":\"https:\\\/\\\/revistadospneus.com\\\/pt\\\/2025\\\/06\\\/30\\\/solve-sundsbo-sera-o-fotografo-do-calendario-pirelli-2026\\\/\"},\"author\":{\"name\":\"Reda\u00e7\u00e3o RP\",\"@id\":\"https:\\\/\\\/revistadospneus.com\\\/pt\\\/#\\\/schema\\\/person\\\/9c602809538a614c26e5569d14ed6442\"},\"headline\":\"S\u00f8lve Sundsb\u00f8 ser\u00e1 o fot\u00f3grafo do calend\u00e1rio Pirelli 2026\",\"datePublished\":\"2025-06-30T07:00:30+00:00\",\"mainEntityOfPage\":{\"@id\":\"https:\\\/\\\/revistadospneus.com\\\/pt\\\/2025\\\/06\\\/30\\\/solve-sundsbo-sera-o-fotografo-do-calendario-pirelli-2026\\\/\"},\"wordCount\":652,\"publisher\":{\"@id\":\"https:\\\/\\\/revistadospneus.com\\\/pt\\\/#organization\"},\"image\":{\"@id\":\"https:\\\/\\\/revistadospneus.com\\\/pt\\\/2025\\\/06\\\/30\\\/solve-sundsbo-sera-o-fotografo-do-calendario-pirelli-2026\\\/#primaryimage\"},\"thumbnailUrl\":\"https:\\\/\\\/revistadospneus.com\\\/pt\\\/wp-content\\\/uploads\\\/2025\\\/06\\\/Solve-Sundsbo-sera-o-fotografo-do-calendario-Pirelli-2026.jpeg\",\"keywords\":[\"calend\u00e1rio 2026\",\"estilo singular\",\"fotografias\",\"fot\u00f3grafo noruegu\u00eas\",\"imagens on\u00edricas\",\"Pirelli\"],\"articleSection\":[\"Empresas\"],\"inLanguage\":\"pt-PT\"},{\"@type\":\"WebPage\",\"@id\":\"https:\\\/\\\/revistadospneus.com\\\/pt\\\/2025\\\/06\\\/30\\\/solve-sundsbo-sera-o-fotografo-do-calendario-pirelli-2026\\\/\",\"url\":\"https:\\\/\\\/revistadospneus.com\\\/pt\\\/2025\\\/06\\\/30\\\/solve-sundsbo-sera-o-fotografo-do-calendario-pirelli-2026\\\/\",\"name\":\"S\u00f8lve Sundsb\u00f8 ser\u00e1 o fot\u00f3grafo do calend\u00e1rio Pirelli 2026 - Revista dos Pneus\",\"isPartOf\":{\"@id\":\"https:\\\/\\\/revistadospneus.com\\\/pt\\\/#website\"},\"primaryImageOfPage\":{\"@id\":\"https:\\\/\\\/revistadospneus.com\\\/pt\\\/2025\\\/06\\\/30\\\/solve-sundsbo-sera-o-fotografo-do-calendario-pirelli-2026\\\/#primaryimage\"},\"image\":{\"@id\":\"https:\\\/\\\/revistadospneus.com\\\/pt\\\/2025\\\/06\\\/30\\\/solve-sundsbo-sera-o-fotografo-do-calendario-pirelli-2026\\\/#primaryimage\"},\"thumbnailUrl\":\"https:\\\/\\\/revistadospneus.com\\\/pt\\\/wp-content\\\/uploads\\\/2025\\\/06\\\/Solve-Sundsbo-sera-o-fotografo-do-calendario-Pirelli-2026.jpeg\",\"datePublished\":\"2025-06-30T07:00:30+00:00\",\"description\":\"A 52.\u00aa edi\u00e7\u00e3o do calend\u00e1rio da Pirelli contar\u00e1 com a assinatura de S\u00f8lve Sundsb\u00f8, fot\u00f3grafo e cineasta noruegu\u00eas\",\"breadcrumb\":{\"@id\":\"https:\\\/\\\/revistadospneus.com\\\/pt\\\/2025\\\/06\\\/30\\\/solve-sundsbo-sera-o-fotografo-do-calendario-pirelli-2026\\\/#breadcrumb\"},\"inLanguage\":\"pt-PT\",\"potentialAction\":[{\"@type\":\"ReadAction\",\"target\":[\"https:\\\/\\\/revistadospneus.com\\\/pt\\\/2025\\\/06\\\/30\\\/solve-sundsbo-sera-o-fotografo-do-calendario-pirelli-2026\\\/\"]}]},{\"@type\":\"ImageObject\",\"inLanguage\":\"pt-PT\",\"@id\":\"https:\\\/\\\/revistadospneus.com\\\/pt\\\/2025\\\/06\\\/30\\\/solve-sundsbo-sera-o-fotografo-do-calendario-pirelli-2026\\\/#primaryimage\",\"url\":\"https:\\\/\\\/revistadospneus.com\\\/pt\\\/wp-content\\\/uploads\\\/2025\\\/06\\\/Solve-Sundsbo-sera-o-fotografo-do-calendario-Pirelli-2026.jpeg\",\"contentUrl\":\"https:\\\/\\\/revistadospneus.com\\\/pt\\\/wp-content\\\/uploads\\\/2025\\\/06\\\/Solve-Sundsbo-sera-o-fotografo-do-calendario-Pirelli-2026.jpeg\",\"width\":1024,\"height\":581,\"caption\":\"06 - Solve Sundsbo sera o fotografo do calendario Pirelli 2026\"},{\"@type\":\"BreadcrumbList\",\"@id\":\"https:\\\/\\\/revistadospneus.com\\\/pt\\\/2025\\\/06\\\/30\\\/solve-sundsbo-sera-o-fotografo-do-calendario-pirelli-2026\\\/#breadcrumb\",\"itemListElement\":[{\"@type\":\"ListItem\",\"position\":1,\"name\":\"In\u00edcio\",\"item\":\"https:\\\/\\\/revistadospneus.com\\\/pt\\\/\"},{\"@type\":\"ListItem\",\"position\":2,\"name\":\"S\u00f8lve Sundsb\u00f8 ser\u00e1 o fot\u00f3grafo do calend\u00e1rio Pirelli 2026\"}]},{\"@type\":\"WebSite\",\"@id\":\"https:\\\/\\\/revistadospneus.com\\\/pt\\\/#website\",\"url\":\"https:\\\/\\\/revistadospneus.com\\\/pt\\\/\",\"name\":\"Revista dos Pneus\",\"description\":\"Revista independente de pneus e servi\u00e7os r\u00e1pidos\",\"publisher\":{\"@id\":\"https:\\\/\\\/revistadospneus.com\\\/pt\\\/#organization\"},\"potentialAction\":[{\"@type\":\"SearchAction\",\"target\":{\"@type\":\"EntryPoint\",\"urlTemplate\":\"https:\\\/\\\/revistadospneus.com\\\/pt\\\/?s={search_term_string}\"},\"query-input\":{\"@type\":\"PropertyValueSpecification\",\"valueRequired\":true,\"valueName\":\"search_term_string\"}}],\"inLanguage\":\"pt-PT\"},{\"@type\":\"Organization\",\"@id\":\"https:\\\/\\\/revistadospneus.com\\\/pt\\\/#organization\",\"name\":\"Revista dos Pneus\",\"url\":\"https:\\\/\\\/revistadospneus.com\\\/pt\\\/\",\"logo\":{\"@type\":\"ImageObject\",\"inLanguage\":\"pt-PT\",\"@id\":\"https:\\\/\\\/revistadospneus.com\\\/pt\\\/#\\\/schema\\\/logo\\\/image\\\/\",\"url\":\"https:\\\/\\\/revistadospneus.com\\\/pt\\\/wp-content\\\/uploads\\\/logo2-1.png\",\"contentUrl\":\"https:\\\/\\\/revistadospneus.com\\\/pt\\\/wp-content\\\/uploads\\\/logo2-1.png\",\"width\":216,\"height\":70,\"caption\":\"Revista dos Pneus\"},\"image\":{\"@id\":\"https:\\\/\\\/revistadospneus.com\\\/pt\\\/#\\\/schema\\\/logo\\\/image\\\/\"},\"sameAs\":[\"https:\\\/\\\/www.facebook.com\\\/revistapneus\",\"https:\\\/\\\/x.com\\\/revistapneus\",\"https:\\\/\\\/www.linkedin.com\\\/company\\\/jornal-das-oficinas\\\/\",\"https:\\\/\\\/www.youtube.com\\\/channel\\\/UCbQZBqtcvV-oSQrr7RzINGg\"]},{\"@type\":\"Person\",\"@id\":\"https:\\\/\\\/revistadospneus.com\\\/pt\\\/#\\\/schema\\\/person\\\/9c602809538a614c26e5569d14ed6442\",\"name\":\"Reda\u00e7\u00e3o RP\",\"image\":{\"@type\":\"ImageObject\",\"inLanguage\":\"pt-PT\",\"@id\":\"https:\\\/\\\/secure.gravatar.com\\\/avatar\\\/71f2fa71737ad68a84fea94bc708ddac8ea5b0c4788dc2ad202f3ccb2887742f?s=96&d=wp_user_avatar&r=g\",\"url\":\"https:\\\/\\\/secure.gravatar.com\\\/avatar\\\/71f2fa71737ad68a84fea94bc708ddac8ea5b0c4788dc2ad202f3ccb2887742f?s=96&d=wp_user_avatar&r=g\",\"contentUrl\":\"https:\\\/\\\/secure.gravatar.com\\\/avatar\\\/71f2fa71737ad68a84fea94bc708ddac8ea5b0c4788dc2ad202f3ccb2887742f?s=96&d=wp_user_avatar&r=g\",\"caption\":\"Reda\u00e7\u00e3o RP\"},\"url\":\"https:\\\/\\\/revistadospneus.com\\\/pt\\\/author\\\/rpredacao\\\/\"}]}<\/script>\n<!-- \/ Yoast SEO plugin. -->","yoast_head_json":{"title":"S\u00f8lve Sundsb\u00f8 ser\u00e1 o fot\u00f3grafo do calend\u00e1rio Pirelli 2026 - Revista dos Pneus","description":"A 52.\u00aa edi\u00e7\u00e3o do calend\u00e1rio da Pirelli contar\u00e1 com a assinatura de S\u00f8lve Sundsb\u00f8, fot\u00f3grafo e cineasta noruegu\u00eas","robots":{"index":"index","follow":"follow","max-snippet":"max-snippet:-1","max-image-preview":"max-image-preview:large","max-video-preview":"max-video-preview:-1"},"canonical":"https:\/\/revistadospneus.com\/pt\/2025\/06\/30\/solve-sundsbo-sera-o-fotografo-do-calendario-pirelli-2026\/","og_locale":"pt_PT","og_type":"article","og_title":"S\u00f8lve Sundsb\u00f8 ser\u00e1 o fot\u00f3grafo do calend\u00e1rio Pirelli 2026 - Revista dos Pneus","og_description":"A 52.\u00aa edi\u00e7\u00e3o do calend\u00e1rio da Pirelli contar\u00e1 com a assinatura de S\u00f8lve Sundsb\u00f8, fot\u00f3grafo e cineasta noruegu\u00eas","og_url":"https:\/\/revistadospneus.com\/pt\/2025\/06\/30\/solve-sundsbo-sera-o-fotografo-do-calendario-pirelli-2026\/","og_site_name":"Revista dos Pneus","article_publisher":"https:\/\/www.facebook.com\/revistapneus","article_published_time":"2025-06-30T07:00:30+00:00","og_image":[{"width":1024,"height":581,"url":"https:\/\/revistadospneus.com\/pt\/wp-content\/uploads\/2025\/06\/Solve-Sundsbo-sera-o-fotografo-do-calendario-Pirelli-2026.jpeg","type":"image\/jpeg"}],"author":"Reda\u00e7\u00e3o RP","twitter_card":"summary_large_image","twitter_creator":"@revistapneus","twitter_site":"@revistapneus","twitter_misc":{"Escrito por":"Reda\u00e7\u00e3o RP","Tempo estimado de leitura":"4 minutos"},"schema":{"@context":"https:\/\/schema.org","@graph":[{"@type":"Article","@id":"https:\/\/revistadospneus.com\/pt\/2025\/06\/30\/solve-sundsbo-sera-o-fotografo-do-calendario-pirelli-2026\/#article","isPartOf":{"@id":"https:\/\/revistadospneus.com\/pt\/2025\/06\/30\/solve-sundsbo-sera-o-fotografo-do-calendario-pirelli-2026\/"},"author":{"name":"Reda\u00e7\u00e3o RP","@id":"https:\/\/revistadospneus.com\/pt\/#\/schema\/person\/9c602809538a614c26e5569d14ed6442"},"headline":"S\u00f8lve Sundsb\u00f8 ser\u00e1 o fot\u00f3grafo do calend\u00e1rio Pirelli 2026","datePublished":"2025-06-30T07:00:30+00:00","mainEntityOfPage":{"@id":"https:\/\/revistadospneus.com\/pt\/2025\/06\/30\/solve-sundsbo-sera-o-fotografo-do-calendario-pirelli-2026\/"},"wordCount":652,"publisher":{"@id":"https:\/\/revistadospneus.com\/pt\/#organization"},"image":{"@id":"https:\/\/revistadospneus.com\/pt\/2025\/06\/30\/solve-sundsbo-sera-o-fotografo-do-calendario-pirelli-2026\/#primaryimage"},"thumbnailUrl":"https:\/\/revistadospneus.com\/pt\/wp-content\/uploads\/2025\/06\/Solve-Sundsbo-sera-o-fotografo-do-calendario-Pirelli-2026.jpeg","keywords":["calend\u00e1rio 2026","estilo singular","fotografias","fot\u00f3grafo noruegu\u00eas","imagens on\u00edricas","Pirelli"],"articleSection":["Empresas"],"inLanguage":"pt-PT"},{"@type":"WebPage","@id":"https:\/\/revistadospneus.com\/pt\/2025\/06\/30\/solve-sundsbo-sera-o-fotografo-do-calendario-pirelli-2026\/","url":"https:\/\/revistadospneus.com\/pt\/2025\/06\/30\/solve-sundsbo-sera-o-fotografo-do-calendario-pirelli-2026\/","name":"S\u00f8lve Sundsb\u00f8 ser\u00e1 o fot\u00f3grafo do calend\u00e1rio Pirelli 2026 - Revista dos Pneus","isPartOf":{"@id":"https:\/\/revistadospneus.com\/pt\/#website"},"primaryImageOfPage":{"@id":"https:\/\/revistadospneus.com\/pt\/2025\/06\/30\/solve-sundsbo-sera-o-fotografo-do-calendario-pirelli-2026\/#primaryimage"},"image":{"@id":"https:\/\/revistadospneus.com\/pt\/2025\/06\/30\/solve-sundsbo-sera-o-fotografo-do-calendario-pirelli-2026\/#primaryimage"},"thumbnailUrl":"https:\/\/revistadospneus.com\/pt\/wp-content\/uploads\/2025\/06\/Solve-Sundsbo-sera-o-fotografo-do-calendario-Pirelli-2026.jpeg","datePublished":"2025-06-30T07:00:30+00:00","description":"A 52.\u00aa edi\u00e7\u00e3o do calend\u00e1rio da Pirelli contar\u00e1 com a assinatura de S\u00f8lve Sundsb\u00f8, fot\u00f3grafo e cineasta noruegu\u00eas","breadcrumb":{"@id":"https:\/\/revistadospneus.com\/pt\/2025\/06\/30\/solve-sundsbo-sera-o-fotografo-do-calendario-pirelli-2026\/#breadcrumb"},"inLanguage":"pt-PT","potentialAction":[{"@type":"ReadAction","target":["https:\/\/revistadospneus.com\/pt\/2025\/06\/30\/solve-sundsbo-sera-o-fotografo-do-calendario-pirelli-2026\/"]}]},{"@type":"ImageObject","inLanguage":"pt-PT","@id":"https:\/\/revistadospneus.com\/pt\/2025\/06\/30\/solve-sundsbo-sera-o-fotografo-do-calendario-pirelli-2026\/#primaryimage","url":"https:\/\/revistadospneus.com\/pt\/wp-content\/uploads\/2025\/06\/Solve-Sundsbo-sera-o-fotografo-do-calendario-Pirelli-2026.jpeg","contentUrl":"https:\/\/revistadospneus.com\/pt\/wp-content\/uploads\/2025\/06\/Solve-Sundsbo-sera-o-fotografo-do-calendario-Pirelli-2026.jpeg","width":1024,"height":581,"caption":"06 - Solve Sundsbo sera o fotografo do calendario Pirelli 2026"},{"@type":"BreadcrumbList","@id":"https:\/\/revistadospneus.com\/pt\/2025\/06\/30\/solve-sundsbo-sera-o-fotografo-do-calendario-pirelli-2026\/#breadcrumb","itemListElement":[{"@type":"ListItem","position":1,"name":"In\u00edcio","item":"https:\/\/revistadospneus.com\/pt\/"},{"@type":"ListItem","position":2,"name":"S\u00f8lve Sundsb\u00f8 ser\u00e1 o fot\u00f3grafo do calend\u00e1rio Pirelli 2026"}]},{"@type":"WebSite","@id":"https:\/\/revistadospneus.com\/pt\/#website","url":"https:\/\/revistadospneus.com\/pt\/","name":"Revista dos Pneus","description":"Revista independente de pneus e servi\u00e7os r\u00e1pidos","publisher":{"@id":"https:\/\/revistadospneus.com\/pt\/#organization"},"potentialAction":[{"@type":"SearchAction","target":{"@type":"EntryPoint","urlTemplate":"https:\/\/revistadospneus.com\/pt\/?s={search_term_string}"},"query-input":{"@type":"PropertyValueSpecification","valueRequired":true,"valueName":"search_term_string"}}],"inLanguage":"pt-PT"},{"@type":"Organization","@id":"https:\/\/revistadospneus.com\/pt\/#organization","name":"Revista dos Pneus","url":"https:\/\/revistadospneus.com\/pt\/","logo":{"@type":"ImageObject","inLanguage":"pt-PT","@id":"https:\/\/revistadospneus.com\/pt\/#\/schema\/logo\/image\/","url":"https:\/\/revistadospneus.com\/pt\/wp-content\/uploads\/logo2-1.png","contentUrl":"https:\/\/revistadospneus.com\/pt\/wp-content\/uploads\/logo2-1.png","width":216,"height":70,"caption":"Revista dos Pneus"},"image":{"@id":"https:\/\/revistadospneus.com\/pt\/#\/schema\/logo\/image\/"},"sameAs":["https:\/\/www.facebook.com\/revistapneus","https:\/\/x.com\/revistapneus","https:\/\/www.linkedin.com\/company\/jornal-das-oficinas\/","https:\/\/www.youtube.com\/channel\/UCbQZBqtcvV-oSQrr7RzINGg"]},{"@type":"Person","@id":"https:\/\/revistadospneus.com\/pt\/#\/schema\/person\/9c602809538a614c26e5569d14ed6442","name":"Reda\u00e7\u00e3o RP","image":{"@type":"ImageObject","inLanguage":"pt-PT","@id":"https:\/\/secure.gravatar.com\/avatar\/71f2fa71737ad68a84fea94bc708ddac8ea5b0c4788dc2ad202f3ccb2887742f?s=96&d=wp_user_avatar&r=g","url":"https:\/\/secure.gravatar.com\/avatar\/71f2fa71737ad68a84fea94bc708ddac8ea5b0c4788dc2ad202f3ccb2887742f?s=96&d=wp_user_avatar&r=g","contentUrl":"https:\/\/secure.gravatar.com\/avatar\/71f2fa71737ad68a84fea94bc708ddac8ea5b0c4788dc2ad202f3ccb2887742f?s=96&d=wp_user_avatar&r=g","caption":"Reda\u00e7\u00e3o RP"},"url":"https:\/\/revistadospneus.com\/pt\/author\/rpredacao\/"}]}},"_links":{"self":[{"href":"https:\/\/revistadospneus.com\/pt\/wp-json\/wp\/v2\/posts\/75510","targetHints":{"allow":["GET"]}}],"collection":[{"href":"https:\/\/revistadospneus.com\/pt\/wp-json\/wp\/v2\/posts"}],"about":[{"href":"https:\/\/revistadospneus.com\/pt\/wp-json\/wp\/v2\/types\/post"}],"author":[{"embeddable":true,"href":"https:\/\/revistadospneus.com\/pt\/wp-json\/wp\/v2\/users\/13"}],"replies":[{"embeddable":true,"href":"https:\/\/revistadospneus.com\/pt\/wp-json\/wp\/v2\/comments?post=75510"}],"version-history":[{"count":4,"href":"https:\/\/revistadospneus.com\/pt\/wp-json\/wp\/v2\/posts\/75510\/revisions"}],"predecessor-version":[{"id":75545,"href":"https:\/\/revistadospneus.com\/pt\/wp-json\/wp\/v2\/posts\/75510\/revisions\/75545"}],"wp:featuredmedia":[{"embeddable":true,"href":"https:\/\/revistadospneus.com\/pt\/wp-json\/wp\/v2\/media\/75538"}],"wp:attachment":[{"href":"https:\/\/revistadospneus.com\/pt\/wp-json\/wp\/v2\/media?parent=75510"}],"wp:term":[{"taxonomy":"category","embeddable":true,"href":"https:\/\/revistadospneus.com\/pt\/wp-json\/wp\/v2\/categories?post=75510"},{"taxonomy":"post_tag","embeddable":true,"href":"https:\/\/revistadospneus.com\/pt\/wp-json\/wp\/v2\/tags?post=75510"}],"curies":[{"name":"wp","href":"https:\/\/api.w.org\/{rel}","templated":true}]}}