{"id":75531,"date":"2025-06-26T08:00:11","date_gmt":"2025-06-26T07:00:11","guid":{"rendered":"https:\/\/revistadospneus.com\/pt\/?p=75531"},"modified":"2025-06-16T15:55:51","modified_gmt":"2025-06-16T14:55:51","slug":"pirelli-lanca-projeto-piloto-para-monitorizar-estradas","status":"publish","type":"post","link":"https:\/\/revistadospneus.com\/pt\/2025\/06\/26\/pirelli-lanca-projeto-piloto-para-monitorizar-estradas\/","title":{"rendered":"Pirelli lan\u00e7a projeto piloto para monitorizar estradas"},"content":{"rendered":"<p><strong><img loading=\"lazy\" decoding=\"async\" class=\"alignnone size-full wp-image-75568\" src=\"https:\/\/revistadospneus.com\/pt\/wp-content\/uploads\/2025\/06\/Pirelli-lanca-projeto-piloto-para-monitorizar-estradas.jpg\" alt=\"06 - Pirelli lanca projeto piloto para monitorizar estradas\" width=\"1024\" height=\"581\" srcset=\"https:\/\/revistadospneus.com\/pt\/wp-content\/uploads\/2025\/06\/Pirelli-lanca-projeto-piloto-para-monitorizar-estradas.jpg 1024w, https:\/\/revistadospneus.com\/pt\/wp-content\/uploads\/2025\/06\/Pirelli-lanca-projeto-piloto-para-monitorizar-estradas-300x170.jpg 300w, https:\/\/revistadospneus.com\/pt\/wp-content\/uploads\/2025\/06\/Pirelli-lanca-projeto-piloto-para-monitorizar-estradas-150x85.jpg 150w, https:\/\/revistadospneus.com\/pt\/wp-content\/uploads\/2025\/06\/Pirelli-lanca-projeto-piloto-para-monitorizar-estradas-768x436.jpg 768w\" sizes=\"auto, (max-width: 1024px) 100vw, 1024px\" \/><\/strong><\/p>\n<p><strong>O Governo Regional da Ap\u00falia e a <a href=\"https:\/\/www.pirelli.com\/\" target=\"_blank\" rel=\"noopener\">Pirelli<\/a> assinaram um acordo para ativar um sistema de monitoriza\u00e7\u00e3o da rede vi\u00e1ria da regi\u00e3o, com o objetivo de criar um mapa do &#8220;estado de sa\u00fade&#8221; das estradas apulianas<\/strong><\/p>\n<p>Trata-se do primeiro sistema de monitoriza\u00e7\u00e3o rodovi\u00e1ria no mundo capaz de integrar os dados recolhidos pelos pneus, processados pelo hardware e software Pirelli Cyber Tyre, com dados visuais recolhidos atrav\u00e9s da tecnologia Univrses, atrav\u00e9s de c\u00e2maras instaladas a bordo do ve\u00edculo.<\/p>\n<p>O acordo foi apresentado em Bari, numa confer\u00eancia de imprensa realizada na sede do Governo Regional da Ap\u00falia, com a presen\u00e7a do presidente da regi\u00e3o, Michele Emiliano, e do Vice-Presidente Executivo da Pirelli, Marco Tronchetti Provera.<\/p>\n<p>O sistema de hardware e software Pirelli Cyber Tyre \u00e9 capaz de recolher e processar, atrav\u00e9s de algoritmos inovadores, informa\u00e7\u00f5es provenientes de sensores colocados na parte interna da banda de rodagem, que analisam fatores como a rugosidade e irregularidade do asfalto. A tecnologia Univrses, por sua vez, atrav\u00e9s de c\u00e2maras, permite a monitoriza\u00e7\u00e3o das estradas e da sinaliza\u00e7\u00e3o, tanto horizontal como vertical.<\/p>\n<p>Para este projeto-piloto com a Regi\u00e3o da Ap\u00falia, a Pirelli combinou as duas tecnologias, partindo das funcionalidades do Cyber Tyre e refor\u00e7ando-as com os sensores visuais da Univrses, de modo a fornecer um servi\u00e7o \u00fanico e integrado, capaz de acelerar e tornar mais eficiente a manuten\u00e7\u00e3o das estradas e, consequentemente, melhorar a seguran\u00e7a rodovi\u00e1ria.<\/p>\n<p>As viaturas de ciber-servi\u00e7o da Regi\u00e3o da Ap\u00falia, equipadas com o sistema combinado, enviar\u00e3o para a cloud os dados que v\u00e3o mapear a rede rodovi\u00e1ria. Uma vez processados, os dados estar\u00e3o dispon\u00edveis para a Regi\u00e3o atrav\u00e9s de pain\u00e9is digitais. A Regi\u00e3o ter\u00e1 assim acesso aos dados recolhidos durante a fase-piloto. Os primeiros autom\u00f3veis da frota, fornecidos \u00e0 Regi\u00e3o pela empresa de aluguer Ayvens, uma das l\u00edderes em servi\u00e7os de aluguer de longa dura\u00e7\u00e3o e gest\u00e3o de frotas, estar\u00e3o operacionais a partir de julho de 2025.<\/p>\n<p>Al\u00e9m do projeto com a Regi\u00e3o da Ap\u00falia, a Pirelli j\u00e1 tem em curso diversas outras iniciativas, como, por exemplo, com a Movyon \u2013 Grupo Autostrade per l\u2019Italia, para monitoriza\u00e7\u00e3o de infraestruturas em autoestradas, entre outras ainda em fase de desenvolvimento.<\/p>\n<p>O novo acordo refor\u00e7a ainda mais o papel da Regi\u00e3o da Ap\u00falia nas atividades de investiga\u00e7\u00e3o e desenvolvimento da Pirelli, que em Bari, em 2022, lan\u00e7ou o Digital Solutions Center (DSC), uma f\u00e1brica de software totalmente dedicada \u00e0 inova\u00e7\u00e3o digital. O DSC em Bari \u00e9 um exemplo de colabora\u00e7\u00e3o p\u00fablico-privada, com a contribui\u00e7\u00e3o fundamental do mundo acad\u00e9mico, atrav\u00e9s da Universidade de Bari e do Polit\u00e9cnico de Bari. Com ambas as institui\u00e7\u00f5es, a Pirelli j\u00e1 iniciou projetos inovadores para otimizar os processos produtivos em f\u00e1brica, atrav\u00e9s de sistemas de smart manufacturing, e apoiar a digitaliza\u00e7\u00e3o e a intelig\u00eancia artificial nas v\u00e1rias fases do desenvolvimento de um pneu.<\/p>\n<p>O presidente da Regi\u00e3o da Ap\u00falia, Michele Emiliano, reconheceu a import\u00e2ncia da parceria para a regi\u00e3o e sublinhou a import\u00e2ncia desta inova\u00e7\u00e3o tecnol\u00f3gica para a seguran\u00e7a rodovi\u00e1ria: &#8220;A Regi\u00e3o da Ap\u00falia orgulha-se deste acordo de vis\u00e3o estrat\u00e9gica, como sempre acontece quando est\u00e1 em causa a seguran\u00e7a dos cidad\u00e3os. A tecnologia pode salvar vidas. Neste caso, ser\u00e1 \u00fatil como um term\u00f3metro do estado de sa\u00fade das nossas estradas. Quando se sistematizam fatores como a inova\u00e7\u00e3o, o planeamento inteligente e a longo prazo, e a partilha de boas pr\u00e1ticas com uma hist\u00f3rica empresa italiana e mundial do sector dos pneus, o resultado \u00e9 um acordo hist\u00f3rico, que n\u00e3o acarreta quaisquer encargos para a Regi\u00e3o e que, estou certo, trar\u00e1 resultados significativos&#8221;<\/p>\n<p>E, acrescentou: &#8220;N\u00e3o \u00e9 a primeira parceria com a Pirelli, a quem agrade\u00e7o a renovada confian\u00e7a na Regi\u00e3o, sempre pronta a acolher as oportunidades de desenvolvimento e bem-estar proporcionadas pela inova\u00e7\u00e3o tecnol\u00f3gica. Penso no Digital Solutions Center, lan\u00e7ado em Bari, em 2022, com o valioso contributo do mundo acad\u00e9mico e das mentes brilhantes da nossa juventude. Estou certo, e \u00e9 necess\u00e1rio diz\u00ea-lo, de que h\u00e1 ainda um longo caminho a percorrer em conjunto, entre a Regi\u00e3o da Ap\u00falia e a Pirelli, para garantir a m\u00e1xima seguran\u00e7a na condu\u00e7\u00e3o para o povo apuliano&#8221;.<\/p>\n<p>Marco Tronchetti Provera, Vice-Presidente Executivo da Pirelli, deixou as seguintes palavras: &#8220;O acordo e a experi\u00eancia que agora inicia representam mais um passo importante no caminho da investiga\u00e7\u00e3o e inova\u00e7\u00e3o que, h\u00e1 anos, desenvolvemos em conjunto com a Regi\u00e3o da Ap\u00falia. Gra\u00e7as ao apoio das institui\u00e7\u00f5es, do meio universit\u00e1rio e de parceiros locais, a Ap\u00falia est\u00e1 a tornar-se, para a Pirelli, um importante centro de compet\u00eancia a n\u00edvel internacional, no sector digital, perfeitamente integrado com outros centros de investiga\u00e7\u00e3o e experimenta\u00e7\u00e3o no mundo&#8221;.<\/p>\n<p>&#8220;O Cyber Tyre, uma das nossas tecnologias de ponta para o desenvolvimento da mobilidade conectada e sustent\u00e1vel do futuro, est\u00e1 no centro desta inova\u00e7\u00e3o e destas atividades. O sistema de hardware e software do Cyber Tyre, al\u00e9m de permitir a liga\u00e7\u00e3o entre o terreno e os sistemas de controlo do autom\u00f3vel, permite tamb\u00e9m uma an\u00e1lise precisa do estado das infraestruturas. Gra\u00e7as ao que foi j\u00e1 alcan\u00e7ado e ao apoio da Regi\u00e3o, estamos a avaliar novos investimentos tamb\u00e9m nesta regi\u00e3o, assim que alguns temas de natureza societ\u00e1ria estejam ultrapassados. A rela\u00e7\u00e3o entre a Ap\u00falia e a Pirelli est\u00e1 destinada a tornar-se ainda mais forte, fazendo desta regi\u00e3o e do Sul do nosso pa\u00eds uma parte fundamental do caminho da inova\u00e7\u00e3o tecnol\u00f3gica que v\u00ea a Pirelli como l\u00edder mundial no sector de pneus de alto valor&#8221;, concluiu.<\/p>\n<!-- AddThis Advanced Settings generic via filter on the_content --><!-- AddThis Share Buttons generic via filter on the_content -->","protected":false},"excerpt":{"rendered":"<p>O Governo Regional da Ap\u00falia e a Pirelli assinaram&#8230;<!-- AddThis Advanced Settings generic via filter on get_the_excerpt --><!-- AddThis Share Buttons generic via filter on get_the_excerpt --><\/p>\n","protected":false},"author":13,"featured_media":75568,"comment_status":"closed","ping_status":"closed","sticky":false,"template":"","format":"standard","meta":{"footnotes":""},"categories":[29],"tags":[4446,4444,109,3597,108,4447,4445,4220],"class_list":["post-75531","post","type-post","status-publish","format-standard","has-post-thumbnail","hentry","category-empresas","tag-dados-visuais","tag-estradas-apulianas","tag-pirelli","tag-pirelli-cyber-tyre","tag-pneus","tag-projeto-piloto","tag-sistema-de-monitorizacao","tag-software"],"yoast_head":"<!-- This site is optimized with the Yoast SEO plugin v27.5 - https:\/\/yoast.com\/product\/yoast-seo-wordpress\/ -->\n<title>Pirelli lan\u00e7a projeto piloto para monitorizar estradas - Revista dos Pneus<\/title>\n<meta name=\"description\" content=\"O Governo Regional da Ap\u00falia e a Pirelli assinaram um acordo para ativar um sistema de monitoriza\u00e7\u00e3o da rede vi\u00e1ria da regi\u00e3o\" \/>\n<meta name=\"robots\" content=\"index, follow, max-snippet:-1, max-image-preview:large, max-video-preview:-1\" \/>\n<link rel=\"canonical\" href=\"https:\/\/revistadospneus.com\/pt\/2025\/06\/26\/pirelli-lanca-projeto-piloto-para-monitorizar-estradas\/\" \/>\n<meta property=\"og:locale\" content=\"pt_PT\" \/>\n<meta property=\"og:type\" content=\"article\" \/>\n<meta property=\"og:title\" content=\"Pirelli lan\u00e7a projeto piloto para monitorizar estradas - Revista dos Pneus\" \/>\n<meta property=\"og:description\" content=\"O Governo Regional da Ap\u00falia e a Pirelli assinaram um acordo para ativar um sistema de monitoriza\u00e7\u00e3o da rede vi\u00e1ria da regi\u00e3o\" \/>\n<meta property=\"og:url\" content=\"https:\/\/revistadospneus.com\/pt\/2025\/06\/26\/pirelli-lanca-projeto-piloto-para-monitorizar-estradas\/\" \/>\n<meta property=\"og:site_name\" content=\"Revista dos Pneus\" \/>\n<meta property=\"article:publisher\" content=\"https:\/\/www.facebook.com\/revistapneus\" \/>\n<meta property=\"article:published_time\" content=\"2025-06-26T07:00:11+00:00\" \/>\n<meta property=\"og:image\" content=\"https:\/\/revistadospneus.com\/pt\/wp-content\/uploads\/2025\/06\/Pirelli-lanca-projeto-piloto-para-monitorizar-estradas.jpg\" \/>\n\t<meta property=\"og:image:width\" content=\"1024\" \/>\n\t<meta property=\"og:image:height\" content=\"581\" \/>\n\t<meta property=\"og:image:type\" content=\"image\/jpeg\" \/>\n<meta name=\"author\" content=\"Reda\u00e7\u00e3o RP\" \/>\n<meta name=\"twitter:card\" content=\"summary_large_image\" \/>\n<meta name=\"twitter:creator\" content=\"@revistapneus\" \/>\n<meta name=\"twitter:site\" content=\"@revistapneus\" \/>\n<meta name=\"twitter:label1\" content=\"Escrito por\" \/>\n\t<meta name=\"twitter:data1\" content=\"Reda\u00e7\u00e3o RP\" \/>\n\t<meta name=\"twitter:label2\" content=\"Tempo estimado de leitura\" \/>\n\t<meta name=\"twitter:data2\" content=\"6 minutos\" \/>\n<script type=\"application\/ld+json\" class=\"yoast-schema-graph\">{\"@context\":\"https:\\\/\\\/schema.org\",\"@graph\":[{\"@type\":\"Article\",\"@id\":\"https:\\\/\\\/revistadospneus.com\\\/pt\\\/2025\\\/06\\\/26\\\/pirelli-lanca-projeto-piloto-para-monitorizar-estradas\\\/#article\",\"isPartOf\":{\"@id\":\"https:\\\/\\\/revistadospneus.com\\\/pt\\\/2025\\\/06\\\/26\\\/pirelli-lanca-projeto-piloto-para-monitorizar-estradas\\\/\"},\"author\":{\"name\":\"Reda\u00e7\u00e3o RP\",\"@id\":\"https:\\\/\\\/revistadospneus.com\\\/pt\\\/#\\\/schema\\\/person\\\/9c602809538a614c26e5569d14ed6442\"},\"headline\":\"Pirelli lan\u00e7a projeto piloto para monitorizar estradas\",\"datePublished\":\"2025-06-26T07:00:11+00:00\",\"mainEntityOfPage\":{\"@id\":\"https:\\\/\\\/revistadospneus.com\\\/pt\\\/2025\\\/06\\\/26\\\/pirelli-lanca-projeto-piloto-para-monitorizar-estradas\\\/\"},\"wordCount\":1029,\"publisher\":{\"@id\":\"https:\\\/\\\/revistadospneus.com\\\/pt\\\/#organization\"},\"image\":{\"@id\":\"https:\\\/\\\/revistadospneus.com\\\/pt\\\/2025\\\/06\\\/26\\\/pirelli-lanca-projeto-piloto-para-monitorizar-estradas\\\/#primaryimage\"},\"thumbnailUrl\":\"https:\\\/\\\/revistadospneus.com\\\/pt\\\/wp-content\\\/uploads\\\/2025\\\/06\\\/Pirelli-lanca-projeto-piloto-para-monitorizar-estradas.jpg\",\"keywords\":[\"dados visuais\",\"estradas apulianas\",\"Pirelli\",\"Pirelli Cyber Tyre\",\"Pneus\",\"projeto piloto\",\"sistema de monitoriza\u00e7\u00e3o\",\"software\"],\"articleSection\":[\"Empresas\"],\"inLanguage\":\"pt-PT\"},{\"@type\":\"WebPage\",\"@id\":\"https:\\\/\\\/revistadospneus.com\\\/pt\\\/2025\\\/06\\\/26\\\/pirelli-lanca-projeto-piloto-para-monitorizar-estradas\\\/\",\"url\":\"https:\\\/\\\/revistadospneus.com\\\/pt\\\/2025\\\/06\\\/26\\\/pirelli-lanca-projeto-piloto-para-monitorizar-estradas\\\/\",\"name\":\"Pirelli lan\u00e7a projeto piloto para monitorizar estradas - Revista dos Pneus\",\"isPartOf\":{\"@id\":\"https:\\\/\\\/revistadospneus.com\\\/pt\\\/#website\"},\"primaryImageOfPage\":{\"@id\":\"https:\\\/\\\/revistadospneus.com\\\/pt\\\/2025\\\/06\\\/26\\\/pirelli-lanca-projeto-piloto-para-monitorizar-estradas\\\/#primaryimage\"},\"image\":{\"@id\":\"https:\\\/\\\/revistadospneus.com\\\/pt\\\/2025\\\/06\\\/26\\\/pirelli-lanca-projeto-piloto-para-monitorizar-estradas\\\/#primaryimage\"},\"thumbnailUrl\":\"https:\\\/\\\/revistadospneus.com\\\/pt\\\/wp-content\\\/uploads\\\/2025\\\/06\\\/Pirelli-lanca-projeto-piloto-para-monitorizar-estradas.jpg\",\"datePublished\":\"2025-06-26T07:00:11+00:00\",\"description\":\"O Governo Regional da Ap\u00falia e a Pirelli assinaram um acordo para ativar um sistema de monitoriza\u00e7\u00e3o da rede vi\u00e1ria da regi\u00e3o\",\"breadcrumb\":{\"@id\":\"https:\\\/\\\/revistadospneus.com\\\/pt\\\/2025\\\/06\\\/26\\\/pirelli-lanca-projeto-piloto-para-monitorizar-estradas\\\/#breadcrumb\"},\"inLanguage\":\"pt-PT\",\"potentialAction\":[{\"@type\":\"ReadAction\",\"target\":[\"https:\\\/\\\/revistadospneus.com\\\/pt\\\/2025\\\/06\\\/26\\\/pirelli-lanca-projeto-piloto-para-monitorizar-estradas\\\/\"]}]},{\"@type\":\"ImageObject\",\"inLanguage\":\"pt-PT\",\"@id\":\"https:\\\/\\\/revistadospneus.com\\\/pt\\\/2025\\\/06\\\/26\\\/pirelli-lanca-projeto-piloto-para-monitorizar-estradas\\\/#primaryimage\",\"url\":\"https:\\\/\\\/revistadospneus.com\\\/pt\\\/wp-content\\\/uploads\\\/2025\\\/06\\\/Pirelli-lanca-projeto-piloto-para-monitorizar-estradas.jpg\",\"contentUrl\":\"https:\\\/\\\/revistadospneus.com\\\/pt\\\/wp-content\\\/uploads\\\/2025\\\/06\\\/Pirelli-lanca-projeto-piloto-para-monitorizar-estradas.jpg\",\"width\":1024,\"height\":581,\"caption\":\"06 - Pirelli lanca projeto piloto para monitorizar estradas\"},{\"@type\":\"BreadcrumbList\",\"@id\":\"https:\\\/\\\/revistadospneus.com\\\/pt\\\/2025\\\/06\\\/26\\\/pirelli-lanca-projeto-piloto-para-monitorizar-estradas\\\/#breadcrumb\",\"itemListElement\":[{\"@type\":\"ListItem\",\"position\":1,\"name\":\"In\u00edcio\",\"item\":\"https:\\\/\\\/revistadospneus.com\\\/pt\\\/\"},{\"@type\":\"ListItem\",\"position\":2,\"name\":\"Pirelli lan\u00e7a projeto piloto para monitorizar estradas\"}]},{\"@type\":\"WebSite\",\"@id\":\"https:\\\/\\\/revistadospneus.com\\\/pt\\\/#website\",\"url\":\"https:\\\/\\\/revistadospneus.com\\\/pt\\\/\",\"name\":\"Revista dos Pneus\",\"description\":\"Revista independente de pneus e servi\u00e7os r\u00e1pidos\",\"publisher\":{\"@id\":\"https:\\\/\\\/revistadospneus.com\\\/pt\\\/#organization\"},\"potentialAction\":[{\"@type\":\"SearchAction\",\"target\":{\"@type\":\"EntryPoint\",\"urlTemplate\":\"https:\\\/\\\/revistadospneus.com\\\/pt\\\/?s={search_term_string}\"},\"query-input\":{\"@type\":\"PropertyValueSpecification\",\"valueRequired\":true,\"valueName\":\"search_term_string\"}}],\"inLanguage\":\"pt-PT\"},{\"@type\":\"Organization\",\"@id\":\"https:\\\/\\\/revistadospneus.com\\\/pt\\\/#organization\",\"name\":\"Revista dos Pneus\",\"url\":\"https:\\\/\\\/revistadospneus.com\\\/pt\\\/\",\"logo\":{\"@type\":\"ImageObject\",\"inLanguage\":\"pt-PT\",\"@id\":\"https:\\\/\\\/revistadospneus.com\\\/pt\\\/#\\\/schema\\\/logo\\\/image\\\/\",\"url\":\"https:\\\/\\\/revistadospneus.com\\\/pt\\\/wp-content\\\/uploads\\\/logo2-1.png\",\"contentUrl\":\"https:\\\/\\\/revistadospneus.com\\\/pt\\\/wp-content\\\/uploads\\\/logo2-1.png\",\"width\":216,\"height\":70,\"caption\":\"Revista dos Pneus\"},\"image\":{\"@id\":\"https:\\\/\\\/revistadospneus.com\\\/pt\\\/#\\\/schema\\\/logo\\\/image\\\/\"},\"sameAs\":[\"https:\\\/\\\/www.facebook.com\\\/revistapneus\",\"https:\\\/\\\/x.com\\\/revistapneus\",\"https:\\\/\\\/www.linkedin.com\\\/company\\\/jornal-das-oficinas\\\/\",\"https:\\\/\\\/www.youtube.com\\\/channel\\\/UCbQZBqtcvV-oSQrr7RzINGg\"]},{\"@type\":\"Person\",\"@id\":\"https:\\\/\\\/revistadospneus.com\\\/pt\\\/#\\\/schema\\\/person\\\/9c602809538a614c26e5569d14ed6442\",\"name\":\"Reda\u00e7\u00e3o RP\",\"image\":{\"@type\":\"ImageObject\",\"inLanguage\":\"pt-PT\",\"@id\":\"https:\\\/\\\/secure.gravatar.com\\\/avatar\\\/71f2fa71737ad68a84fea94bc708ddac8ea5b0c4788dc2ad202f3ccb2887742f?s=96&d=wp_user_avatar&r=g\",\"url\":\"https:\\\/\\\/secure.gravatar.com\\\/avatar\\\/71f2fa71737ad68a84fea94bc708ddac8ea5b0c4788dc2ad202f3ccb2887742f?s=96&d=wp_user_avatar&r=g\",\"contentUrl\":\"https:\\\/\\\/secure.gravatar.com\\\/avatar\\\/71f2fa71737ad68a84fea94bc708ddac8ea5b0c4788dc2ad202f3ccb2887742f?s=96&d=wp_user_avatar&r=g\",\"caption\":\"Reda\u00e7\u00e3o RP\"},\"url\":\"https:\\\/\\\/revistadospneus.com\\\/pt\\\/author\\\/rpredacao\\\/\"}]}<\/script>\n<!-- \/ Yoast SEO plugin. -->","yoast_head_json":{"title":"Pirelli lan\u00e7a projeto piloto para monitorizar estradas - Revista dos Pneus","description":"O Governo Regional da Ap\u00falia e a Pirelli assinaram um acordo para ativar um sistema de monitoriza\u00e7\u00e3o da rede vi\u00e1ria da regi\u00e3o","robots":{"index":"index","follow":"follow","max-snippet":"max-snippet:-1","max-image-preview":"max-image-preview:large","max-video-preview":"max-video-preview:-1"},"canonical":"https:\/\/revistadospneus.com\/pt\/2025\/06\/26\/pirelli-lanca-projeto-piloto-para-monitorizar-estradas\/","og_locale":"pt_PT","og_type":"article","og_title":"Pirelli lan\u00e7a projeto piloto para monitorizar estradas - Revista dos Pneus","og_description":"O Governo Regional da Ap\u00falia e a Pirelli assinaram um acordo para ativar um sistema de monitoriza\u00e7\u00e3o da rede vi\u00e1ria da regi\u00e3o","og_url":"https:\/\/revistadospneus.com\/pt\/2025\/06\/26\/pirelli-lanca-projeto-piloto-para-monitorizar-estradas\/","og_site_name":"Revista dos Pneus","article_publisher":"https:\/\/www.facebook.com\/revistapneus","article_published_time":"2025-06-26T07:00:11+00:00","og_image":[{"width":1024,"height":581,"url":"https:\/\/revistadospneus.com\/pt\/wp-content\/uploads\/2025\/06\/Pirelli-lanca-projeto-piloto-para-monitorizar-estradas.jpg","type":"image\/jpeg"}],"author":"Reda\u00e7\u00e3o RP","twitter_card":"summary_large_image","twitter_creator":"@revistapneus","twitter_site":"@revistapneus","twitter_misc":{"Escrito por":"Reda\u00e7\u00e3o RP","Tempo estimado de leitura":"6 minutos"},"schema":{"@context":"https:\/\/schema.org","@graph":[{"@type":"Article","@id":"https:\/\/revistadospneus.com\/pt\/2025\/06\/26\/pirelli-lanca-projeto-piloto-para-monitorizar-estradas\/#article","isPartOf":{"@id":"https:\/\/revistadospneus.com\/pt\/2025\/06\/26\/pirelli-lanca-projeto-piloto-para-monitorizar-estradas\/"},"author":{"name":"Reda\u00e7\u00e3o RP","@id":"https:\/\/revistadospneus.com\/pt\/#\/schema\/person\/9c602809538a614c26e5569d14ed6442"},"headline":"Pirelli lan\u00e7a projeto piloto para monitorizar estradas","datePublished":"2025-06-26T07:00:11+00:00","mainEntityOfPage":{"@id":"https:\/\/revistadospneus.com\/pt\/2025\/06\/26\/pirelli-lanca-projeto-piloto-para-monitorizar-estradas\/"},"wordCount":1029,"publisher":{"@id":"https:\/\/revistadospneus.com\/pt\/#organization"},"image":{"@id":"https:\/\/revistadospneus.com\/pt\/2025\/06\/26\/pirelli-lanca-projeto-piloto-para-monitorizar-estradas\/#primaryimage"},"thumbnailUrl":"https:\/\/revistadospneus.com\/pt\/wp-content\/uploads\/2025\/06\/Pirelli-lanca-projeto-piloto-para-monitorizar-estradas.jpg","keywords":["dados visuais","estradas apulianas","Pirelli","Pirelli Cyber Tyre","Pneus","projeto piloto","sistema de monitoriza\u00e7\u00e3o","software"],"articleSection":["Empresas"],"inLanguage":"pt-PT"},{"@type":"WebPage","@id":"https:\/\/revistadospneus.com\/pt\/2025\/06\/26\/pirelli-lanca-projeto-piloto-para-monitorizar-estradas\/","url":"https:\/\/revistadospneus.com\/pt\/2025\/06\/26\/pirelli-lanca-projeto-piloto-para-monitorizar-estradas\/","name":"Pirelli lan\u00e7a projeto piloto para monitorizar estradas - Revista dos Pneus","isPartOf":{"@id":"https:\/\/revistadospneus.com\/pt\/#website"},"primaryImageOfPage":{"@id":"https:\/\/revistadospneus.com\/pt\/2025\/06\/26\/pirelli-lanca-projeto-piloto-para-monitorizar-estradas\/#primaryimage"},"image":{"@id":"https:\/\/revistadospneus.com\/pt\/2025\/06\/26\/pirelli-lanca-projeto-piloto-para-monitorizar-estradas\/#primaryimage"},"thumbnailUrl":"https:\/\/revistadospneus.com\/pt\/wp-content\/uploads\/2025\/06\/Pirelli-lanca-projeto-piloto-para-monitorizar-estradas.jpg","datePublished":"2025-06-26T07:00:11+00:00","description":"O Governo Regional da Ap\u00falia e a Pirelli assinaram um acordo para ativar um sistema de monitoriza\u00e7\u00e3o da rede vi\u00e1ria da regi\u00e3o","breadcrumb":{"@id":"https:\/\/revistadospneus.com\/pt\/2025\/06\/26\/pirelli-lanca-projeto-piloto-para-monitorizar-estradas\/#breadcrumb"},"inLanguage":"pt-PT","potentialAction":[{"@type":"ReadAction","target":["https:\/\/revistadospneus.com\/pt\/2025\/06\/26\/pirelli-lanca-projeto-piloto-para-monitorizar-estradas\/"]}]},{"@type":"ImageObject","inLanguage":"pt-PT","@id":"https:\/\/revistadospneus.com\/pt\/2025\/06\/26\/pirelli-lanca-projeto-piloto-para-monitorizar-estradas\/#primaryimage","url":"https:\/\/revistadospneus.com\/pt\/wp-content\/uploads\/2025\/06\/Pirelli-lanca-projeto-piloto-para-monitorizar-estradas.jpg","contentUrl":"https:\/\/revistadospneus.com\/pt\/wp-content\/uploads\/2025\/06\/Pirelli-lanca-projeto-piloto-para-monitorizar-estradas.jpg","width":1024,"height":581,"caption":"06 - Pirelli lanca projeto piloto para monitorizar estradas"},{"@type":"BreadcrumbList","@id":"https:\/\/revistadospneus.com\/pt\/2025\/06\/26\/pirelli-lanca-projeto-piloto-para-monitorizar-estradas\/#breadcrumb","itemListElement":[{"@type":"ListItem","position":1,"name":"In\u00edcio","item":"https:\/\/revistadospneus.com\/pt\/"},{"@type":"ListItem","position":2,"name":"Pirelli lan\u00e7a projeto piloto para monitorizar estradas"}]},{"@type":"WebSite","@id":"https:\/\/revistadospneus.com\/pt\/#website","url":"https:\/\/revistadospneus.com\/pt\/","name":"Revista dos Pneus","description":"Revista independente de pneus e servi\u00e7os r\u00e1pidos","publisher":{"@id":"https:\/\/revistadospneus.com\/pt\/#organization"},"potentialAction":[{"@type":"SearchAction","target":{"@type":"EntryPoint","urlTemplate":"https:\/\/revistadospneus.com\/pt\/?s={search_term_string}"},"query-input":{"@type":"PropertyValueSpecification","valueRequired":true,"valueName":"search_term_string"}}],"inLanguage":"pt-PT"},{"@type":"Organization","@id":"https:\/\/revistadospneus.com\/pt\/#organization","name":"Revista dos Pneus","url":"https:\/\/revistadospneus.com\/pt\/","logo":{"@type":"ImageObject","inLanguage":"pt-PT","@id":"https:\/\/revistadospneus.com\/pt\/#\/schema\/logo\/image\/","url":"https:\/\/revistadospneus.com\/pt\/wp-content\/uploads\/logo2-1.png","contentUrl":"https:\/\/revistadospneus.com\/pt\/wp-content\/uploads\/logo2-1.png","width":216,"height":70,"caption":"Revista dos Pneus"},"image":{"@id":"https:\/\/revistadospneus.com\/pt\/#\/schema\/logo\/image\/"},"sameAs":["https:\/\/www.facebook.com\/revistapneus","https:\/\/x.com\/revistapneus","https:\/\/www.linkedin.com\/company\/jornal-das-oficinas\/","https:\/\/www.youtube.com\/channel\/UCbQZBqtcvV-oSQrr7RzINGg"]},{"@type":"Person","@id":"https:\/\/revistadospneus.com\/pt\/#\/schema\/person\/9c602809538a614c26e5569d14ed6442","name":"Reda\u00e7\u00e3o RP","image":{"@type":"ImageObject","inLanguage":"pt-PT","@id":"https:\/\/secure.gravatar.com\/avatar\/71f2fa71737ad68a84fea94bc708ddac8ea5b0c4788dc2ad202f3ccb2887742f?s=96&d=wp_user_avatar&r=g","url":"https:\/\/secure.gravatar.com\/avatar\/71f2fa71737ad68a84fea94bc708ddac8ea5b0c4788dc2ad202f3ccb2887742f?s=96&d=wp_user_avatar&r=g","contentUrl":"https:\/\/secure.gravatar.com\/avatar\/71f2fa71737ad68a84fea94bc708ddac8ea5b0c4788dc2ad202f3ccb2887742f?s=96&d=wp_user_avatar&r=g","caption":"Reda\u00e7\u00e3o RP"},"url":"https:\/\/revistadospneus.com\/pt\/author\/rpredacao\/"}]}},"_links":{"self":[{"href":"https:\/\/revistadospneus.com\/pt\/wp-json\/wp\/v2\/posts\/75531","targetHints":{"allow":["GET"]}}],"collection":[{"href":"https:\/\/revistadospneus.com\/pt\/wp-json\/wp\/v2\/posts"}],"about":[{"href":"https:\/\/revistadospneus.com\/pt\/wp-json\/wp\/v2\/types\/post"}],"author":[{"embeddable":true,"href":"https:\/\/revistadospneus.com\/pt\/wp-json\/wp\/v2\/users\/13"}],"replies":[{"embeddable":true,"href":"https:\/\/revistadospneus.com\/pt\/wp-json\/wp\/v2\/comments?post=75531"}],"version-history":[{"count":6,"href":"https:\/\/revistadospneus.com\/pt\/wp-json\/wp\/v2\/posts\/75531\/revisions"}],"predecessor-version":[{"id":75571,"href":"https:\/\/revistadospneus.com\/pt\/wp-json\/wp\/v2\/posts\/75531\/revisions\/75571"}],"wp:featuredmedia":[{"embeddable":true,"href":"https:\/\/revistadospneus.com\/pt\/wp-json\/wp\/v2\/media\/75568"}],"wp:attachment":[{"href":"https:\/\/revistadospneus.com\/pt\/wp-json\/wp\/v2\/media?parent=75531"}],"wp:term":[{"taxonomy":"category","embeddable":true,"href":"https:\/\/revistadospneus.com\/pt\/wp-json\/wp\/v2\/categories?post=75531"},{"taxonomy":"post_tag","embeddable":true,"href":"https:\/\/revistadospneus.com\/pt\/wp-json\/wp\/v2\/tags?post=75531"}],"curies":[{"name":"wp","href":"https:\/\/api.w.org\/{rel}","templated":true}]}}