{"id":75535,"date":"2025-06-27T08:00:38","date_gmt":"2025-06-27T07:00:38","guid":{"rendered":"https:\/\/revistadospneus.com\/pt\/?p=75535"},"modified":"2025-06-27T08:57:58","modified_gmt":"2025-06-27T07:57:58","slug":"vipal-celebra-20-anos-na-europa","status":"publish","type":"post","link":"https:\/\/revistadospneus.com\/pt\/2025\/06\/27\/vipal-celebra-20-anos-na-europa\/","title":{"rendered":"Vipal celebra 20 anos na Europa"},"content":{"rendered":"<p><strong>\u00a0<img loading=\"lazy\" decoding=\"async\" class=\"alignnone size-full wp-image-75690\" src=\"https:\/\/revistadospneus.com\/pt\/wp-content\/uploads\/2025\/06\/Vipal-celebra-20-anos.png\" alt=\"06 - Vipal celebra 20 anos\" width=\"1024\" height=\"581\" srcset=\"https:\/\/revistadospneus.com\/pt\/wp-content\/uploads\/2025\/06\/Vipal-celebra-20-anos.png 1024w, https:\/\/revistadospneus.com\/pt\/wp-content\/uploads\/2025\/06\/Vipal-celebra-20-anos-300x170.png 300w, https:\/\/revistadospneus.com\/pt\/wp-content\/uploads\/2025\/06\/Vipal-celebra-20-anos-150x85.png 150w, https:\/\/revistadospneus.com\/pt\/wp-content\/uploads\/2025\/06\/Vipal-celebra-20-anos-768x436.png 768w\" sizes=\"auto, (max-width: 1024px) 100vw, 1024px\" \/><\/strong><\/p>\n<p><strong>A <a href=\"https:\/\/vipal.com\/\" target=\"_blank\" rel=\"noopener\">Vipal Borrachas<\/a> comemora 20 anos de opera\u00e7\u00f5es na Europa. Este marco assinala um cap\u00edtulo importante na hist\u00f3ria da empresa, consolidando a sua presen\u00e7a internacional e relev\u00e2ncia estrat\u00e9gica no mercado EMEA (Europa, M\u00e9dio Oriente e \u00c1frica)<\/strong><\/p>\n<p>Com sede em Val\u00eancia, Espanha, a filial europeia foi inicialmente criada para atender ao mercado local, mas rapidamente se expandiu para pa\u00edses vizinhos. Atualmente, a Vipal opera em mais de 50 pa\u00edses, contando com 5 empresas europeias e tr\u00eas centros de distribui\u00e7\u00e3o \u2014 localizados em Espanha, Eslov\u00e9nia e Reino Unido. A equipa EMEA \u00e9 composta por 13 profissionais que atuam nas \u00e1reas t\u00e9cnica, comercial, administrativa e de apoio ao cliente \u2014 uma estrutura concebida para responder \u00e0s exig\u00eancias de um mercado altamente especializado e exigente.<\/p>\n<p>Ao longo das duas \u00faltimas d\u00e9cadas, a Vipal consolidou a sua posi\u00e7\u00e3o entre as principais empresas do setor na Europa, sendo reconhecida pela qualidade dos seus produtos, apoio t\u00e9cnico e invent\u00e1rios estrategicamente localizados. No momento da expans\u00e3o, Espanha foi escolhida como sede devido aos fortes la\u00e7os comerciais da empresa com Espanha e Portugal. Nos primeiros tempos, a atividade comercial centrava-se em produtos para renovado e repara\u00e7\u00e3o de pneus, com apenas tr\u00eas colaboradores a gerir toda a opera\u00e7\u00e3o.<\/p>\n<p>Segundo Frederico Schmidt, Gerente Geral da Vipal na EMEA, a entrada no mercado europeu exigiu v\u00e1rias adapta\u00e7\u00f5es log\u00edsticas e uma compreens\u00e3o aprofundada das necessidades locais. &#8220;H\u00e1 vinte anos, mesmo com a internet ainda no in\u00edcio, tivemos a vis\u00e3o de adaptar o nosso portf\u00f3lio \u00e0s exig\u00eancias de cada regi\u00e3o. Ou seja, fomos estrat\u00e9gicos n\u00e3o s\u00f3 na manuten\u00e7\u00e3o das vendas de produtos espec\u00edficos, mas tamb\u00e9m no investimento em inova\u00e7\u00e3o&#8221;, explicou.<\/p>\n<p><strong>Esp\u00edrito pioneiro e crescimento na Europa<\/strong><\/p>\n<p>V\u00e1rios desenhos de piso marcaram presen\u00e7a ao longo dos anos, como o DV-RL, VRT3, VT110 e DV-UM3. Mais recentemente, o DV-UMe \u2014 um desenho desenvolvido especificamente para ve\u00edculos el\u00e9tricos \u2014 trouxe novo reconhecimento \u00e0 Vipal na Europa, posicionando a empresa na vanguarda do setor.<\/p>\n<p>Desde a abertura da sua primeira filial em solo europeu, a empresa expandiu de forma cont\u00ednua a sua presen\u00e7a comercial, conquistando mercados como It\u00e1lia, Alemanha, Rep\u00fablica Checa e Reino Unido. Atrav\u00e9s do crescimento nas vendas e distribui\u00e7\u00e3o, a Vipal Borrachas conseguiu adaptar-se a diferentes realidades comerciais e ganhar maior visibilidade no panorama global. Atualmente, a filial europeia abastece renovadores e distribuidores em mais de 50 pa\u00edses.<\/p>\n<p>&#8220;O n\u00edvel de reconhecimento e efici\u00eancia que alcan\u00e7\u00e1mos internacionalmente \u00e9 o resultado de duas d\u00e9cadas de trabalho consistente e estrat\u00e9gico. Conseguimos n\u00e3o s\u00f3 adaptar-nos a diferentes culturas, l\u00ednguas e exig\u00eancias dos clientes, como tamb\u00e9m refor\u00e7ar a nossa posi\u00e7\u00e3o na regi\u00e3o EMEA, aumentar as vendas e oferecer um servi\u00e7o personalizado&#8221;, acrescentou Fabricio Nedeff, Gerente Comercial da Vipal na EMEA.<\/p>\n<p><strong>Empresa celebra participa\u00e7\u00e3o de sucesso na Autopromotec 2025<\/strong><\/p>\n<p>De 21 a 24 de maio, a Vipal participou na Autopromotec 2025 \u2014 um dos principais eventos mundiais do setor autom\u00f3vel, realizado em Bolonha, It\u00e1lia. Durante o evento, a empresa foi distinguida com dois prestigiados Recircle Awards: Colaborador do Ano para Leonardo Oliveira, Diretor Regional de Vendas da Vipal nos Estados Unidos, e o Pr\u00e9mio de Educa\u00e7\u00e3o na Ind\u00fastria de Pneus, atribu\u00eddo \u00e0 Univipal.<\/p>\n<p>A feira refor\u00e7ou ainda mais a posi\u00e7\u00e3o internacional da empresa. O stand da Vipal atraiu um p\u00fablico altamente qualificado, incluindo parceiros de longa data e novos visitantes interessados em poss\u00edveis colabora\u00e7\u00f5es. Para Schmidt, que participou num painel sobre renovado de pneus, o sucesso no evento esteve diretamente ligado \u00e0 estrat\u00e9gia da empresa.<\/p>\n<p>&#8220;Desenhos como o VL110LA, VT570 e DV-UMe despertaram grande interesse entre os clientes, e conseguimos at\u00e9 fechar encomendas durante o evento. Os pneus renovados em exposi\u00e7\u00e3o tamb\u00e9m foram decisivos para atrair visitantes ao stand \u2014 o DV-UMe, em particular, chamou a aten\u00e7\u00e3o de parceiros que j\u00e1 o tinham visto na The Tire Cologne no ano passado e ficaram satisfeitos por saber que est\u00e1 agora oficialmente dispon\u00edvel&#8221;, comentou.<\/p>\n<p>Gilson Dugno, Diretor de Neg\u00f3cios Internacionais da Vipal Borrachas, tamb\u00e9m marcou presen\u00e7a e sublinhou a import\u00e2ncia da Autopromotec na estrat\u00e9gia global da empresa. &#8220;Participar em eventos desta dimens\u00e3o \u00e9 essencial para refor\u00e7ar a nossa presen\u00e7a nos mercados internacionais e fomentar rela\u00e7\u00f5es com parceiros estrat\u00e9gicos. Para al\u00e9m do lan\u00e7amento de novos produtos, \u00e9 tamb\u00e9m uma plataforma valiosa para posicionar a Vipal como uma marca global, atenta \u00e0s necessidades do mercado e comprometida com a inova\u00e7\u00e3o e a sustentabilidade&#8221;, destacou.<\/p>\n<p>Depois da \u00faltima participa\u00e7\u00e3o na Autopromotec em 2019 \u2014 altura em que foram estabelecidas rela\u00e7\u00f5es comerciais importantes \u2014, a Vipal regressou em 2025 com ainda mais for\u00e7a. Desta vez, a empresa alcan\u00e7ou um novo n\u00edvel de visibilidade ao participar no painel sobre recupera\u00e7\u00e3o de pneus e reciclagem de borracha. A sua presen\u00e7a refor\u00e7ou a imagem corporativa da Vipal junto de um p\u00fablico qualificado, gerou resultados concretos e consolidou o papel da marca como refer\u00eancia nos debates da ind\u00fastria sobre o futuro do setor autom\u00f3vel, em especial nas \u00e1reas de tecnologia, sustentabilidade e mobilidade el\u00e9trica.<\/p>\n<!-- AddThis Advanced Settings generic via filter on the_content --><!-- AddThis Share Buttons generic via filter on the_content -->","protected":false},"excerpt":{"rendered":"<p>\u00a0 A Vipal Borrachas comemora 20 anos de opera\u00e7\u00f5es&#8230;<!-- AddThis Advanced Settings generic via filter on get_the_excerpt --><!-- AddThis Share Buttons generic via filter on get_the_excerpt --><\/p>\n","protected":false},"author":13,"featured_media":75690,"comment_status":"closed","ping_status":"closed","sticky":false,"template":"","format":"standard","meta":{"footnotes":""},"categories":[29],"tags":[3354,3228,2372,4448,4333,1088],"class_list":["post-75535","post","type-post","status-publish","format-standard","has-post-thumbnail","hentry","category-empresas","tag-20-anos","tag-comemoracao","tag-crescimento","tag-mercado-emea","tag-presenca-internacional","tag-vipal-borrachas"],"yoast_head":"<!-- This site is optimized with the Yoast SEO plugin v27.5 - https:\/\/yoast.com\/product\/yoast-seo-wordpress\/ -->\n<title>Vipal celebra 20 anos na Europa - Revista dos Pneus<\/title>\n<meta name=\"description\" content=\"A Vipal Borrachas comemora 20 anos de opera\u00e7\u00f5es na Europa. Este marco assinala um cap\u00edtulo importante na hist\u00f3ria da empresa\" \/>\n<meta name=\"robots\" content=\"index, follow, max-snippet:-1, max-image-preview:large, max-video-preview:-1\" \/>\n<link rel=\"canonical\" href=\"https:\/\/revistadospneus.com\/pt\/2025\/06\/27\/vipal-celebra-20-anos-na-europa\/\" \/>\n<meta property=\"og:locale\" content=\"pt_PT\" \/>\n<meta property=\"og:type\" content=\"article\" \/>\n<meta property=\"og:title\" content=\"Vipal celebra 20 anos na Europa - Revista dos Pneus\" \/>\n<meta property=\"og:description\" content=\"A Vipal Borrachas comemora 20 anos de opera\u00e7\u00f5es na Europa. Este marco assinala um cap\u00edtulo importante na hist\u00f3ria da empresa\" \/>\n<meta property=\"og:url\" content=\"https:\/\/revistadospneus.com\/pt\/2025\/06\/27\/vipal-celebra-20-anos-na-europa\/\" \/>\n<meta property=\"og:site_name\" content=\"Revista dos Pneus\" \/>\n<meta property=\"article:publisher\" content=\"https:\/\/www.facebook.com\/revistapneus\" \/>\n<meta property=\"article:published_time\" content=\"2025-06-27T07:00:38+00:00\" \/>\n<meta property=\"article:modified_time\" content=\"2025-06-27T07:57:58+00:00\" \/>\n<meta property=\"og:image\" content=\"https:\/\/revistadospneus.com\/pt\/wp-content\/uploads\/2025\/06\/Vipal-celebra-20-anos.png\" \/>\n\t<meta property=\"og:image:width\" content=\"1024\" \/>\n\t<meta property=\"og:image:height\" content=\"581\" \/>\n\t<meta property=\"og:image:type\" content=\"image\/png\" \/>\n<meta name=\"author\" content=\"Reda\u00e7\u00e3o RP\" \/>\n<meta name=\"twitter:card\" content=\"summary_large_image\" \/>\n<meta name=\"twitter:creator\" content=\"@revistapneus\" \/>\n<meta name=\"twitter:site\" content=\"@revistapneus\" \/>\n<meta name=\"twitter:label1\" content=\"Escrito por\" \/>\n\t<meta name=\"twitter:data1\" content=\"Reda\u00e7\u00e3o RP\" \/>\n\t<meta name=\"twitter:label2\" content=\"Tempo estimado de leitura\" \/>\n\t<meta name=\"twitter:data2\" content=\"5 minutos\" \/>\n<script type=\"application\/ld+json\" class=\"yoast-schema-graph\">{\"@context\":\"https:\\\/\\\/schema.org\",\"@graph\":[{\"@type\":\"Article\",\"@id\":\"https:\\\/\\\/revistadospneus.com\\\/pt\\\/2025\\\/06\\\/27\\\/vipal-celebra-20-anos-na-europa\\\/#article\",\"isPartOf\":{\"@id\":\"https:\\\/\\\/revistadospneus.com\\\/pt\\\/2025\\\/06\\\/27\\\/vipal-celebra-20-anos-na-europa\\\/\"},\"author\":{\"name\":\"Reda\u00e7\u00e3o RP\",\"@id\":\"https:\\\/\\\/revistadospneus.com\\\/pt\\\/#\\\/schema\\\/person\\\/9c602809538a614c26e5569d14ed6442\"},\"headline\":\"Vipal celebra 20 anos na Europa\",\"datePublished\":\"2025-06-27T07:00:38+00:00\",\"dateModified\":\"2025-06-27T07:57:58+00:00\",\"mainEntityOfPage\":{\"@id\":\"https:\\\/\\\/revistadospneus.com\\\/pt\\\/2025\\\/06\\\/27\\\/vipal-celebra-20-anos-na-europa\\\/\"},\"wordCount\":891,\"publisher\":{\"@id\":\"https:\\\/\\\/revistadospneus.com\\\/pt\\\/#organization\"},\"image\":{\"@id\":\"https:\\\/\\\/revistadospneus.com\\\/pt\\\/2025\\\/06\\\/27\\\/vipal-celebra-20-anos-na-europa\\\/#primaryimage\"},\"thumbnailUrl\":\"https:\\\/\\\/revistadospneus.com\\\/pt\\\/wp-content\\\/uploads\\\/2025\\\/06\\\/Vipal-celebra-20-anos.png\",\"keywords\":[\"20 anos\",\"comemora\u00e7\u00e3o\",\"Crescimento\",\"mercado EMEA\",\"presen\u00e7a internacional\",\"Vipal Borrachas\"],\"articleSection\":[\"Empresas\"],\"inLanguage\":\"pt-PT\"},{\"@type\":\"WebPage\",\"@id\":\"https:\\\/\\\/revistadospneus.com\\\/pt\\\/2025\\\/06\\\/27\\\/vipal-celebra-20-anos-na-europa\\\/\",\"url\":\"https:\\\/\\\/revistadospneus.com\\\/pt\\\/2025\\\/06\\\/27\\\/vipal-celebra-20-anos-na-europa\\\/\",\"name\":\"Vipal celebra 20 anos na Europa - Revista dos Pneus\",\"isPartOf\":{\"@id\":\"https:\\\/\\\/revistadospneus.com\\\/pt\\\/#website\"},\"primaryImageOfPage\":{\"@id\":\"https:\\\/\\\/revistadospneus.com\\\/pt\\\/2025\\\/06\\\/27\\\/vipal-celebra-20-anos-na-europa\\\/#primaryimage\"},\"image\":{\"@id\":\"https:\\\/\\\/revistadospneus.com\\\/pt\\\/2025\\\/06\\\/27\\\/vipal-celebra-20-anos-na-europa\\\/#primaryimage\"},\"thumbnailUrl\":\"https:\\\/\\\/revistadospneus.com\\\/pt\\\/wp-content\\\/uploads\\\/2025\\\/06\\\/Vipal-celebra-20-anos.png\",\"datePublished\":\"2025-06-27T07:00:38+00:00\",\"dateModified\":\"2025-06-27T07:57:58+00:00\",\"description\":\"A Vipal Borrachas comemora 20 anos de opera\u00e7\u00f5es na Europa. Este marco assinala um cap\u00edtulo importante na hist\u00f3ria da empresa\",\"breadcrumb\":{\"@id\":\"https:\\\/\\\/revistadospneus.com\\\/pt\\\/2025\\\/06\\\/27\\\/vipal-celebra-20-anos-na-europa\\\/#breadcrumb\"},\"inLanguage\":\"pt-PT\",\"potentialAction\":[{\"@type\":\"ReadAction\",\"target\":[\"https:\\\/\\\/revistadospneus.com\\\/pt\\\/2025\\\/06\\\/27\\\/vipal-celebra-20-anos-na-europa\\\/\"]}]},{\"@type\":\"ImageObject\",\"inLanguage\":\"pt-PT\",\"@id\":\"https:\\\/\\\/revistadospneus.com\\\/pt\\\/2025\\\/06\\\/27\\\/vipal-celebra-20-anos-na-europa\\\/#primaryimage\",\"url\":\"https:\\\/\\\/revistadospneus.com\\\/pt\\\/wp-content\\\/uploads\\\/2025\\\/06\\\/Vipal-celebra-20-anos.png\",\"contentUrl\":\"https:\\\/\\\/revistadospneus.com\\\/pt\\\/wp-content\\\/uploads\\\/2025\\\/06\\\/Vipal-celebra-20-anos.png\",\"width\":1024,\"height\":581,\"caption\":\"06 - Vipal celebra 20 anos\"},{\"@type\":\"BreadcrumbList\",\"@id\":\"https:\\\/\\\/revistadospneus.com\\\/pt\\\/2025\\\/06\\\/27\\\/vipal-celebra-20-anos-na-europa\\\/#breadcrumb\",\"itemListElement\":[{\"@type\":\"ListItem\",\"position\":1,\"name\":\"In\u00edcio\",\"item\":\"https:\\\/\\\/revistadospneus.com\\\/pt\\\/\"},{\"@type\":\"ListItem\",\"position\":2,\"name\":\"Vipal celebra 20 anos na Europa\"}]},{\"@type\":\"WebSite\",\"@id\":\"https:\\\/\\\/revistadospneus.com\\\/pt\\\/#website\",\"url\":\"https:\\\/\\\/revistadospneus.com\\\/pt\\\/\",\"name\":\"Revista dos Pneus\",\"description\":\"Revista independente de pneus e servi\u00e7os r\u00e1pidos\",\"publisher\":{\"@id\":\"https:\\\/\\\/revistadospneus.com\\\/pt\\\/#organization\"},\"potentialAction\":[{\"@type\":\"SearchAction\",\"target\":{\"@type\":\"EntryPoint\",\"urlTemplate\":\"https:\\\/\\\/revistadospneus.com\\\/pt\\\/?s={search_term_string}\"},\"query-input\":{\"@type\":\"PropertyValueSpecification\",\"valueRequired\":true,\"valueName\":\"search_term_string\"}}],\"inLanguage\":\"pt-PT\"},{\"@type\":\"Organization\",\"@id\":\"https:\\\/\\\/revistadospneus.com\\\/pt\\\/#organization\",\"name\":\"Revista dos Pneus\",\"url\":\"https:\\\/\\\/revistadospneus.com\\\/pt\\\/\",\"logo\":{\"@type\":\"ImageObject\",\"inLanguage\":\"pt-PT\",\"@id\":\"https:\\\/\\\/revistadospneus.com\\\/pt\\\/#\\\/schema\\\/logo\\\/image\\\/\",\"url\":\"https:\\\/\\\/revistadospneus.com\\\/pt\\\/wp-content\\\/uploads\\\/logo2-1.png\",\"contentUrl\":\"https:\\\/\\\/revistadospneus.com\\\/pt\\\/wp-content\\\/uploads\\\/logo2-1.png\",\"width\":216,\"height\":70,\"caption\":\"Revista dos Pneus\"},\"image\":{\"@id\":\"https:\\\/\\\/revistadospneus.com\\\/pt\\\/#\\\/schema\\\/logo\\\/image\\\/\"},\"sameAs\":[\"https:\\\/\\\/www.facebook.com\\\/revistapneus\",\"https:\\\/\\\/x.com\\\/revistapneus\",\"https:\\\/\\\/www.linkedin.com\\\/company\\\/jornal-das-oficinas\\\/\",\"https:\\\/\\\/www.youtube.com\\\/channel\\\/UCbQZBqtcvV-oSQrr7RzINGg\"]},{\"@type\":\"Person\",\"@id\":\"https:\\\/\\\/revistadospneus.com\\\/pt\\\/#\\\/schema\\\/person\\\/9c602809538a614c26e5569d14ed6442\",\"name\":\"Reda\u00e7\u00e3o RP\",\"image\":{\"@type\":\"ImageObject\",\"inLanguage\":\"pt-PT\",\"@id\":\"https:\\\/\\\/secure.gravatar.com\\\/avatar\\\/71f2fa71737ad68a84fea94bc708ddac8ea5b0c4788dc2ad202f3ccb2887742f?s=96&d=wp_user_avatar&r=g\",\"url\":\"https:\\\/\\\/secure.gravatar.com\\\/avatar\\\/71f2fa71737ad68a84fea94bc708ddac8ea5b0c4788dc2ad202f3ccb2887742f?s=96&d=wp_user_avatar&r=g\",\"contentUrl\":\"https:\\\/\\\/secure.gravatar.com\\\/avatar\\\/71f2fa71737ad68a84fea94bc708ddac8ea5b0c4788dc2ad202f3ccb2887742f?s=96&d=wp_user_avatar&r=g\",\"caption\":\"Reda\u00e7\u00e3o RP\"},\"url\":\"https:\\\/\\\/revistadospneus.com\\\/pt\\\/author\\\/rpredacao\\\/\"}]}<\/script>\n<!-- \/ Yoast SEO plugin. -->","yoast_head_json":{"title":"Vipal celebra 20 anos na Europa - Revista dos Pneus","description":"A Vipal Borrachas comemora 20 anos de opera\u00e7\u00f5es na Europa. Este marco assinala um cap\u00edtulo importante na hist\u00f3ria da empresa","robots":{"index":"index","follow":"follow","max-snippet":"max-snippet:-1","max-image-preview":"max-image-preview:large","max-video-preview":"max-video-preview:-1"},"canonical":"https:\/\/revistadospneus.com\/pt\/2025\/06\/27\/vipal-celebra-20-anos-na-europa\/","og_locale":"pt_PT","og_type":"article","og_title":"Vipal celebra 20 anos na Europa - Revista dos Pneus","og_description":"A Vipal Borrachas comemora 20 anos de opera\u00e7\u00f5es na Europa. Este marco assinala um cap\u00edtulo importante na hist\u00f3ria da empresa","og_url":"https:\/\/revistadospneus.com\/pt\/2025\/06\/27\/vipal-celebra-20-anos-na-europa\/","og_site_name":"Revista dos Pneus","article_publisher":"https:\/\/www.facebook.com\/revistapneus","article_published_time":"2025-06-27T07:00:38+00:00","article_modified_time":"2025-06-27T07:57:58+00:00","og_image":[{"width":1024,"height":581,"url":"https:\/\/revistadospneus.com\/pt\/wp-content\/uploads\/2025\/06\/Vipal-celebra-20-anos.png","type":"image\/png"}],"author":"Reda\u00e7\u00e3o RP","twitter_card":"summary_large_image","twitter_creator":"@revistapneus","twitter_site":"@revistapneus","twitter_misc":{"Escrito por":"Reda\u00e7\u00e3o RP","Tempo estimado de leitura":"5 minutos"},"schema":{"@context":"https:\/\/schema.org","@graph":[{"@type":"Article","@id":"https:\/\/revistadospneus.com\/pt\/2025\/06\/27\/vipal-celebra-20-anos-na-europa\/#article","isPartOf":{"@id":"https:\/\/revistadospneus.com\/pt\/2025\/06\/27\/vipal-celebra-20-anos-na-europa\/"},"author":{"name":"Reda\u00e7\u00e3o RP","@id":"https:\/\/revistadospneus.com\/pt\/#\/schema\/person\/9c602809538a614c26e5569d14ed6442"},"headline":"Vipal celebra 20 anos na Europa","datePublished":"2025-06-27T07:00:38+00:00","dateModified":"2025-06-27T07:57:58+00:00","mainEntityOfPage":{"@id":"https:\/\/revistadospneus.com\/pt\/2025\/06\/27\/vipal-celebra-20-anos-na-europa\/"},"wordCount":891,"publisher":{"@id":"https:\/\/revistadospneus.com\/pt\/#organization"},"image":{"@id":"https:\/\/revistadospneus.com\/pt\/2025\/06\/27\/vipal-celebra-20-anos-na-europa\/#primaryimage"},"thumbnailUrl":"https:\/\/revistadospneus.com\/pt\/wp-content\/uploads\/2025\/06\/Vipal-celebra-20-anos.png","keywords":["20 anos","comemora\u00e7\u00e3o","Crescimento","mercado EMEA","presen\u00e7a internacional","Vipal Borrachas"],"articleSection":["Empresas"],"inLanguage":"pt-PT"},{"@type":"WebPage","@id":"https:\/\/revistadospneus.com\/pt\/2025\/06\/27\/vipal-celebra-20-anos-na-europa\/","url":"https:\/\/revistadospneus.com\/pt\/2025\/06\/27\/vipal-celebra-20-anos-na-europa\/","name":"Vipal celebra 20 anos na Europa - Revista dos Pneus","isPartOf":{"@id":"https:\/\/revistadospneus.com\/pt\/#website"},"primaryImageOfPage":{"@id":"https:\/\/revistadospneus.com\/pt\/2025\/06\/27\/vipal-celebra-20-anos-na-europa\/#primaryimage"},"image":{"@id":"https:\/\/revistadospneus.com\/pt\/2025\/06\/27\/vipal-celebra-20-anos-na-europa\/#primaryimage"},"thumbnailUrl":"https:\/\/revistadospneus.com\/pt\/wp-content\/uploads\/2025\/06\/Vipal-celebra-20-anos.png","datePublished":"2025-06-27T07:00:38+00:00","dateModified":"2025-06-27T07:57:58+00:00","description":"A Vipal Borrachas comemora 20 anos de opera\u00e7\u00f5es na Europa. Este marco assinala um cap\u00edtulo importante na hist\u00f3ria da empresa","breadcrumb":{"@id":"https:\/\/revistadospneus.com\/pt\/2025\/06\/27\/vipal-celebra-20-anos-na-europa\/#breadcrumb"},"inLanguage":"pt-PT","potentialAction":[{"@type":"ReadAction","target":["https:\/\/revistadospneus.com\/pt\/2025\/06\/27\/vipal-celebra-20-anos-na-europa\/"]}]},{"@type":"ImageObject","inLanguage":"pt-PT","@id":"https:\/\/revistadospneus.com\/pt\/2025\/06\/27\/vipal-celebra-20-anos-na-europa\/#primaryimage","url":"https:\/\/revistadospneus.com\/pt\/wp-content\/uploads\/2025\/06\/Vipal-celebra-20-anos.png","contentUrl":"https:\/\/revistadospneus.com\/pt\/wp-content\/uploads\/2025\/06\/Vipal-celebra-20-anos.png","width":1024,"height":581,"caption":"06 - Vipal celebra 20 anos"},{"@type":"BreadcrumbList","@id":"https:\/\/revistadospneus.com\/pt\/2025\/06\/27\/vipal-celebra-20-anos-na-europa\/#breadcrumb","itemListElement":[{"@type":"ListItem","position":1,"name":"In\u00edcio","item":"https:\/\/revistadospneus.com\/pt\/"},{"@type":"ListItem","position":2,"name":"Vipal celebra 20 anos na Europa"}]},{"@type":"WebSite","@id":"https:\/\/revistadospneus.com\/pt\/#website","url":"https:\/\/revistadospneus.com\/pt\/","name":"Revista dos Pneus","description":"Revista independente de pneus e servi\u00e7os r\u00e1pidos","publisher":{"@id":"https:\/\/revistadospneus.com\/pt\/#organization"},"potentialAction":[{"@type":"SearchAction","target":{"@type":"EntryPoint","urlTemplate":"https:\/\/revistadospneus.com\/pt\/?s={search_term_string}"},"query-input":{"@type":"PropertyValueSpecification","valueRequired":true,"valueName":"search_term_string"}}],"inLanguage":"pt-PT"},{"@type":"Organization","@id":"https:\/\/revistadospneus.com\/pt\/#organization","name":"Revista dos Pneus","url":"https:\/\/revistadospneus.com\/pt\/","logo":{"@type":"ImageObject","inLanguage":"pt-PT","@id":"https:\/\/revistadospneus.com\/pt\/#\/schema\/logo\/image\/","url":"https:\/\/revistadospneus.com\/pt\/wp-content\/uploads\/logo2-1.png","contentUrl":"https:\/\/revistadospneus.com\/pt\/wp-content\/uploads\/logo2-1.png","width":216,"height":70,"caption":"Revista dos Pneus"},"image":{"@id":"https:\/\/revistadospneus.com\/pt\/#\/schema\/logo\/image\/"},"sameAs":["https:\/\/www.facebook.com\/revistapneus","https:\/\/x.com\/revistapneus","https:\/\/www.linkedin.com\/company\/jornal-das-oficinas\/","https:\/\/www.youtube.com\/channel\/UCbQZBqtcvV-oSQrr7RzINGg"]},{"@type":"Person","@id":"https:\/\/revistadospneus.com\/pt\/#\/schema\/person\/9c602809538a614c26e5569d14ed6442","name":"Reda\u00e7\u00e3o RP","image":{"@type":"ImageObject","inLanguage":"pt-PT","@id":"https:\/\/secure.gravatar.com\/avatar\/71f2fa71737ad68a84fea94bc708ddac8ea5b0c4788dc2ad202f3ccb2887742f?s=96&d=wp_user_avatar&r=g","url":"https:\/\/secure.gravatar.com\/avatar\/71f2fa71737ad68a84fea94bc708ddac8ea5b0c4788dc2ad202f3ccb2887742f?s=96&d=wp_user_avatar&r=g","contentUrl":"https:\/\/secure.gravatar.com\/avatar\/71f2fa71737ad68a84fea94bc708ddac8ea5b0c4788dc2ad202f3ccb2887742f?s=96&d=wp_user_avatar&r=g","caption":"Reda\u00e7\u00e3o RP"},"url":"https:\/\/revistadospneus.com\/pt\/author\/rpredacao\/"}]}},"_links":{"self":[{"href":"https:\/\/revistadospneus.com\/pt\/wp-json\/wp\/v2\/posts\/75535","targetHints":{"allow":["GET"]}}],"collection":[{"href":"https:\/\/revistadospneus.com\/pt\/wp-json\/wp\/v2\/posts"}],"about":[{"href":"https:\/\/revistadospneus.com\/pt\/wp-json\/wp\/v2\/types\/post"}],"author":[{"embeddable":true,"href":"https:\/\/revistadospneus.com\/pt\/wp-json\/wp\/v2\/users\/13"}],"replies":[{"embeddable":true,"href":"https:\/\/revistadospneus.com\/pt\/wp-json\/wp\/v2\/comments?post=75535"}],"version-history":[{"count":10,"href":"https:\/\/revistadospneus.com\/pt\/wp-json\/wp\/v2\/posts\/75535\/revisions"}],"predecessor-version":[{"id":75692,"href":"https:\/\/revistadospneus.com\/pt\/wp-json\/wp\/v2\/posts\/75535\/revisions\/75692"}],"wp:featuredmedia":[{"embeddable":true,"href":"https:\/\/revistadospneus.com\/pt\/wp-json\/wp\/v2\/media\/75690"}],"wp:attachment":[{"href":"https:\/\/revistadospneus.com\/pt\/wp-json\/wp\/v2\/media?parent=75535"}],"wp:term":[{"taxonomy":"category","embeddable":true,"href":"https:\/\/revistadospneus.com\/pt\/wp-json\/wp\/v2\/categories?post=75535"},{"taxonomy":"post_tag","embeddable":true,"href":"https:\/\/revistadospneus.com\/pt\/wp-json\/wp\/v2\/tags?post=75535"}],"curies":[{"name":"wp","href":"https:\/\/api.w.org\/{rel}","templated":true}]}}