{"id":75927,"date":"2025-07-16T08:00:45","date_gmt":"2025-07-16T07:00:45","guid":{"rendered":"https:\/\/revistadospneus.com\/pt\/?p=75927"},"modified":"2025-07-14T21:19:28","modified_gmt":"2025-07-14T20:19:28","slug":"pirelli-faz-historia-com-os-p-zero-em-goodwood","status":"publish","type":"post","link":"https:\/\/revistadospneus.com\/pt\/2025\/07\/16\/pirelli-faz-historia-com-os-p-zero-em-goodwood\/","title":{"rendered":"Pirelli faz hist\u00f3ria com os P Zero em Goodwood"},"content":{"rendered":"<p><strong><img loading=\"lazy\" decoding=\"async\" class=\"alignnone size-full wp-image-75933\" src=\"https:\/\/revistadospneus.com\/pt\/wp-content\/uploads\/2025\/07\/Pirelli-faz-historia-com-nova-geracao-do-pneu-P-Zero-em-Goodwood.jpg\" alt=\"07 - Pirelli faz historia com nova geracao do pneu P Zero em Goodwood\" width=\"1024\" height=\"581\" srcset=\"https:\/\/revistadospneus.com\/pt\/wp-content\/uploads\/2025\/07\/Pirelli-faz-historia-com-nova-geracao-do-pneu-P-Zero-em-Goodwood.jpg 1024w, https:\/\/revistadospneus.com\/pt\/wp-content\/uploads\/2025\/07\/Pirelli-faz-historia-com-nova-geracao-do-pneu-P-Zero-em-Goodwood-300x170.jpg 300w, https:\/\/revistadospneus.com\/pt\/wp-content\/uploads\/2025\/07\/Pirelli-faz-historia-com-nova-geracao-do-pneu-P-Zero-em-Goodwood-150x85.jpg 150w, https:\/\/revistadospneus.com\/pt\/wp-content\/uploads\/2025\/07\/Pirelli-faz-historia-com-nova-geracao-do-pneu-P-Zero-em-Goodwood-768x436.jpg 768w\" sizes=\"auto, (max-width: 1024px) 100vw, 1024px\" \/><\/strong><\/p>\n<p><strong>No <a href=\"https:\/\/www.goodwood.com\/motorsport\/festival-of-speed\/\" target=\"_blank\" rel=\"noopener\">Festival of Speed 2025<\/a>, a <a href=\"https:\/\/www.pirelli.com\/\" target=\"_blank\" rel=\"noopener\">Pirelli<\/a> apresentou a nova gera\u00e7\u00e3o do pneu P Zero com um alinhamento de supercarros de alto desempenho. A marca aproveitou o evento para destacar 40 anos de evolu\u00e7\u00e3o tecnol\u00f3gica e estrear o primeiro pneu global com 70% de materiais sustent\u00e1veis<\/strong><\/p>\n<p>A Pirelli deu in\u00edcio ao Goodwood Festival of Speed 2025 com um desfile impressionante de supercarros que somavam mais de 10.000 cavalos de pot\u00eancia, assinalando o lan\u00e7amento da quinta gera\u00e7\u00e3o do ic\u00f3nico pneu P Zero. Este momento comemorativo sublinhou tamb\u00e9m os 40 anos de um produto que, desde a sua estreia em 1985, definiu o segmento dos ultra-high performance (UHP), com mais de 3.000 vers\u00f5es desenvolvidas para modelos espec\u00edficos, sempre com foco na inova\u00e7\u00e3o, seguran\u00e7a e performance.<\/p>\n<p>Entre os modelos presentes na emblem\u00e1tica Rampa de Goodwood, destacaram-se o Ferrari F40 \u2014 o primeiro a usar o P Zero em 1987 \u2014, o Lancia Delta S4 Stradale, o novo Lamborghini Urus SE (primeiro a usar a 5.\u00aa gera\u00e7\u00e3o), e o Lotus Evija, um hipercarro el\u00e9trico equipado com o P Zero Trofeo R com tecnologia &#8220;Elect&#8221;. O desfile incluiu ainda o McLaren Artura e o Pagani Utopia Roadster, ambos com o sistema inteligente Pirelli Cyber Tyre, bem como o Porsche 911 Carrera 4 GTS, s\u00edmbolo do equil\u00edbrio entre performance e versatilidade.<\/p>\n<p>O encerramento ficou a cargo de um monolugar de F\u00f3rmula 1 com pneus P Zero de 18 polegadas, refor\u00e7ando a liga\u00e7\u00e3o entre pista e estrada, onde o P Zero nasceu e continua a evoluir.<\/p>\n<p><strong>Pneus Sustent\u00e1veis e Tecnologia Avan\u00e7ada\u00a0<\/strong><\/p>\n<p>Durante o evento, a Pirelli e a JLR apresentaram tamb\u00e9m o primeiro pneu global de produ\u00e7\u00e3o composto por mais de 70% de materiais reciclados e biol\u00f3gicos. Este novo P Zero, com certifica\u00e7\u00e3o FSC e desenvolvido para jantes de 22&#8243; do Range Rover, \u00e9 um marco na sustentabilidade da marca.<\/p>\n<p><strong>Fam\u00edlia P Zero: do legado \u00e0 inova\u00e7\u00e3o<\/strong><\/p>\n<p>Hoje, o P Zero \u00e9 sin\u00f3nimo de performance para ve\u00edculos Premium e Prestige. Entre os modelos da gama destacam-se:<br \/>\n\u2022 P Zero 5.\u00aa gera\u00e7\u00e3o: desempenho elevado e m\u00e1xima seguran\u00e7a;<br \/>\n\u2022 P Zero E: concebido para ve\u00edculos el\u00e9tricos com materiais sustent\u00e1veis;<br \/>\n\u2022 P Zero R: foco na performance desportiva em estrada;<br \/>\n\u2022 P Zero Trofeo RS: homologado para estrada, mas otimizado para pista;<br \/>\n\u2022 P Zero Winter 2: performance em condi\u00e7\u00f5es de inverno.<\/p>\n<p>Para assinalar os 40 anos, a marca lan\u00e7ou uma edi\u00e7\u00e3o limitada do P Zero original de 1985, integrada na linha Pirelli Collezione, que une design cl\u00e1ssico a tecnologia moderna para ve\u00edculos vintage e cl\u00e1ssicos.<\/p>\n<div data-mode=\"normal\" data-oembed=\"1\" data-provider=\"youtube\" id=\"arve-youtube-eqfrth1tpvi\" style=\"max-width:800px;\" class=\"arve\">\n<div class=\"arve-inner\">\n<div class=\"arve-embed arve-embed--has-aspect-ratio\">\n<div class=\"arve-ar\" style=\"padding-top:56.250000%\"><\/div>\n<p>\t\t\t<iframe allow=\"accelerometer &apos;none&apos;;autoplay &apos;none&apos;;bluetooth &apos;none&apos;;browsing-topics &apos;none&apos;;camera &apos;none&apos;;clipboard-read &apos;none&apos;;clipboard-write;display-capture &apos;none&apos;;encrypted-media &apos;none&apos;;gamepad &apos;none&apos;;geolocation &apos;none&apos;;gyroscope &apos;none&apos;;hid &apos;none&apos;;identity-credentials-get &apos;none&apos;;idle-detection &apos;none&apos;;keyboard-map &apos;none&apos;;local-fonts;magnetometer &apos;none&apos;;microphone &apos;none&apos;;midi &apos;none&apos;;otp-credentials &apos;none&apos;;payment &apos;none&apos;;picture-in-picture;publickey-credentials-create &apos;none&apos;;publickey-credentials-get &apos;none&apos;;screen-wake-lock &apos;none&apos;;serial &apos;none&apos;;summarizer &apos;none&apos;;sync-xhr;usb &apos;none&apos;;web-share;window-management &apos;none&apos;;xr-spatial-tracking &apos;none&apos;;\" allowfullscreen=\"\" class=\"arve-iframe fitvidsignore\" credentialless data-arve=\"arve-youtube-eqfrth1tpvi\" data-lenis-prevent=\"\" data-src-no-ap=\"https:\/\/www.youtube-nocookie.com\/embed\/eQFRth1TpvI?feature=oembed&amp;iv_load_policy=3&amp;modestbranding=1&amp;rel=0&amp;autohide=1&amp;playsinline=0&amp;autoplay=0\" frameborder=\"0\" height=\"450\" loading=\"lazy\" name=\"\" referrerpolicy=\"strict-origin-when-cross-origin\" sandbox=\"allow-scripts allow-same-origin allow-presentation allow-popups allow-popups-to-escape-sandbox\" scrolling=\"no\" src=\"https:\/\/www.youtube-nocookie.com\/embed\/eQFRth1TpvI?feature=oembed&#038;iv_load_policy=3&#038;modestbranding=1&#038;rel=0&#038;autohide=1&#038;playsinline=0&#038;autoplay=0\" title=\"\" width=\"800\"><\/iframe><\/p><\/div>\n<\/p><\/div>\n<p>\t<script type=\"application\/ld+json\">{\"@context\":\"http:\\\/\\\/schema.org\\\/\",\"@id\":\"https:\\\/\\\/revistadospneus.com\\\/pt\\\/2025\\\/07\\\/16\\\/pirelli-faz-historia-com-os-p-zero-em-goodwood\\\/#arve-youtube-eqfrth1tpvi\",\"type\":\"VideoObject\",\"embedURL\":\"https:\\\/\\\/www.youtube-nocookie.com\\\/embed\\\/eQFRth1TpvI?feature=oembed&iv_load_policy=3&modestbranding=1&rel=0&autohide=1&playsinline=0&autoplay=0\"}<\/script><\/p>\n<\/div>\n<!-- AddThis Advanced Settings generic via filter on the_content --><!-- AddThis Share Buttons generic via filter on the_content -->","protected":false},"excerpt":{"rendered":"<p>No Festival of Speed 2025, a Pirelli apresentou a&#8230;<!-- AddThis Advanced Settings generic via filter on get_the_excerpt --><!-- AddThis Share Buttons generic via filter on get_the_excerpt --><\/p>\n","protected":false},"author":13,"featured_media":75933,"comment_status":"closed","ping_status":"closed","sticky":false,"template":"","format":"standard","meta":{"footnotes":""},"categories":[29],"tags":[3488,3905,4520,2077,4519,109,3157],"class_list":["post-75927","post","type-post","status-publish","format-standard","has-post-thumbnail","hentry","category-empresas","tag-40-anos","tag-evolucao-tecnologica","tag-festival-of-speed-2025","tag-materiais-sustentaveis","tag-nova-geracao","tag-pirelli","tag-pneu-p-zero"],"yoast_head":"<!-- This site is optimized with the Yoast SEO plugin v27.5 - https:\/\/yoast.com\/product\/yoast-seo-wordpress\/ -->\n<title>Pirelli faz hist\u00f3ria com os P Zero em Goodwood - Revista dos Pneus<\/title>\n<meta name=\"description\" content=\"No Festival of Speed 2025, a Pirelli apresentou a nova gera\u00e7\u00e3o do pneu P Zero com um alinhamento de supercarros de alto desempenho\" \/>\n<meta name=\"robots\" content=\"index, follow, max-snippet:-1, max-image-preview:large, max-video-preview:-1\" \/>\n<link rel=\"canonical\" href=\"https:\/\/revistadospneus.com\/pt\/2025\/07\/16\/pirelli-faz-historia-com-os-p-zero-em-goodwood\/\" \/>\n<meta property=\"og:locale\" content=\"pt_PT\" \/>\n<meta property=\"og:type\" content=\"article\" \/>\n<meta property=\"og:title\" content=\"Pirelli faz hist\u00f3ria com os P Zero em Goodwood - Revista dos Pneus\" \/>\n<meta property=\"og:description\" content=\"No Festival of Speed 2025, a Pirelli apresentou a nova gera\u00e7\u00e3o do pneu P Zero com um alinhamento de supercarros de alto desempenho\" \/>\n<meta property=\"og:url\" content=\"https:\/\/revistadospneus.com\/pt\/2025\/07\/16\/pirelli-faz-historia-com-os-p-zero-em-goodwood\/\" \/>\n<meta property=\"og:site_name\" content=\"Revista dos Pneus\" \/>\n<meta property=\"article:publisher\" content=\"https:\/\/www.facebook.com\/revistapneus\" \/>\n<meta property=\"article:published_time\" content=\"2025-07-16T07:00:45+00:00\" \/>\n<meta property=\"og:image\" content=\"https:\/\/revistadospneus.com\/pt\/wp-content\/uploads\/2025\/07\/Pirelli-faz-historia-com-nova-geracao-do-pneu-P-Zero-em-Goodwood.jpg\" \/>\n\t<meta property=\"og:image:width\" content=\"1024\" \/>\n\t<meta property=\"og:image:height\" content=\"581\" \/>\n\t<meta property=\"og:image:type\" content=\"image\/jpeg\" \/>\n<meta name=\"author\" content=\"Reda\u00e7\u00e3o RP\" \/>\n<meta name=\"twitter:card\" content=\"summary_large_image\" \/>\n<meta name=\"twitter:creator\" content=\"@revistapneus\" \/>\n<meta name=\"twitter:site\" content=\"@revistapneus\" \/>\n<meta name=\"twitter:label1\" content=\"Escrito por\" \/>\n\t<meta name=\"twitter:data1\" content=\"Reda\u00e7\u00e3o RP\" \/>\n\t<meta name=\"twitter:label2\" content=\"Tempo estimado de leitura\" \/>\n\t<meta name=\"twitter:data2\" content=\"3 minutos\" \/>\n<script type=\"application\/ld+json\" class=\"yoast-schema-graph\">{\"@context\":\"https:\\\/\\\/schema.org\",\"@graph\":[{\"@type\":\"Article\",\"@id\":\"https:\\\/\\\/revistadospneus.com\\\/pt\\\/2025\\\/07\\\/16\\\/pirelli-faz-historia-com-os-p-zero-em-goodwood\\\/#article\",\"isPartOf\":{\"@id\":\"https:\\\/\\\/revistadospneus.com\\\/pt\\\/2025\\\/07\\\/16\\\/pirelli-faz-historia-com-os-p-zero-em-goodwood\\\/\"},\"author\":{\"name\":\"Reda\u00e7\u00e3o RP\",\"@id\":\"https:\\\/\\\/revistadospneus.com\\\/pt\\\/#\\\/schema\\\/person\\\/9c602809538a614c26e5569d14ed6442\"},\"headline\":\"Pirelli faz hist\u00f3ria com os P Zero em Goodwood\",\"datePublished\":\"2025-07-16T07:00:45+00:00\",\"mainEntityOfPage\":{\"@id\":\"https:\\\/\\\/revistadospneus.com\\\/pt\\\/2025\\\/07\\\/16\\\/pirelli-faz-historia-com-os-p-zero-em-goodwood\\\/\"},\"wordCount\":448,\"publisher\":{\"@id\":\"https:\\\/\\\/revistadospneus.com\\\/pt\\\/#organization\"},\"image\":{\"@id\":\"https:\\\/\\\/revistadospneus.com\\\/pt\\\/2025\\\/07\\\/16\\\/pirelli-faz-historia-com-os-p-zero-em-goodwood\\\/#primaryimage\"},\"thumbnailUrl\":\"https:\\\/\\\/revistadospneus.com\\\/pt\\\/wp-content\\\/uploads\\\/2025\\\/07\\\/Pirelli-faz-historia-com-nova-geracao-do-pneu-P-Zero-em-Goodwood.jpg\",\"keywords\":[\"40 anos\",\"evolu\u00e7\u00e3o tecnol\u00f3gica\",\"Festival of Speed 2025\",\"materiais sustent\u00e1veis\",\"nova gera\u00e7\u00e3o\",\"Pirelli\",\"pneu P Zero\"],\"articleSection\":[\"Empresas\"],\"inLanguage\":\"pt-PT\"},{\"@type\":\"WebPage\",\"@id\":\"https:\\\/\\\/revistadospneus.com\\\/pt\\\/2025\\\/07\\\/16\\\/pirelli-faz-historia-com-os-p-zero-em-goodwood\\\/\",\"url\":\"https:\\\/\\\/revistadospneus.com\\\/pt\\\/2025\\\/07\\\/16\\\/pirelli-faz-historia-com-os-p-zero-em-goodwood\\\/\",\"name\":\"Pirelli faz hist\u00f3ria com os P Zero em Goodwood - Revista dos Pneus\",\"isPartOf\":{\"@id\":\"https:\\\/\\\/revistadospneus.com\\\/pt\\\/#website\"},\"primaryImageOfPage\":{\"@id\":\"https:\\\/\\\/revistadospneus.com\\\/pt\\\/2025\\\/07\\\/16\\\/pirelli-faz-historia-com-os-p-zero-em-goodwood\\\/#primaryimage\"},\"image\":{\"@id\":\"https:\\\/\\\/revistadospneus.com\\\/pt\\\/2025\\\/07\\\/16\\\/pirelli-faz-historia-com-os-p-zero-em-goodwood\\\/#primaryimage\"},\"thumbnailUrl\":\"https:\\\/\\\/revistadospneus.com\\\/pt\\\/wp-content\\\/uploads\\\/2025\\\/07\\\/Pirelli-faz-historia-com-nova-geracao-do-pneu-P-Zero-em-Goodwood.jpg\",\"datePublished\":\"2025-07-16T07:00:45+00:00\",\"description\":\"No Festival of Speed 2025, a Pirelli apresentou a nova gera\u00e7\u00e3o do pneu P Zero com um alinhamento de supercarros de alto desempenho\",\"breadcrumb\":{\"@id\":\"https:\\\/\\\/revistadospneus.com\\\/pt\\\/2025\\\/07\\\/16\\\/pirelli-faz-historia-com-os-p-zero-em-goodwood\\\/#breadcrumb\"},\"inLanguage\":\"pt-PT\",\"potentialAction\":[{\"@type\":\"ReadAction\",\"target\":[\"https:\\\/\\\/revistadospneus.com\\\/pt\\\/2025\\\/07\\\/16\\\/pirelli-faz-historia-com-os-p-zero-em-goodwood\\\/\"]}]},{\"@type\":\"ImageObject\",\"inLanguage\":\"pt-PT\",\"@id\":\"https:\\\/\\\/revistadospneus.com\\\/pt\\\/2025\\\/07\\\/16\\\/pirelli-faz-historia-com-os-p-zero-em-goodwood\\\/#primaryimage\",\"url\":\"https:\\\/\\\/revistadospneus.com\\\/pt\\\/wp-content\\\/uploads\\\/2025\\\/07\\\/Pirelli-faz-historia-com-nova-geracao-do-pneu-P-Zero-em-Goodwood.jpg\",\"contentUrl\":\"https:\\\/\\\/revistadospneus.com\\\/pt\\\/wp-content\\\/uploads\\\/2025\\\/07\\\/Pirelli-faz-historia-com-nova-geracao-do-pneu-P-Zero-em-Goodwood.jpg\",\"width\":1024,\"height\":581,\"caption\":\"07 - Pirelli faz historia com nova geracao do pneu P Zero em Goodwood\"},{\"@type\":\"BreadcrumbList\",\"@id\":\"https:\\\/\\\/revistadospneus.com\\\/pt\\\/2025\\\/07\\\/16\\\/pirelli-faz-historia-com-os-p-zero-em-goodwood\\\/#breadcrumb\",\"itemListElement\":[{\"@type\":\"ListItem\",\"position\":1,\"name\":\"In\u00edcio\",\"item\":\"https:\\\/\\\/revistadospneus.com\\\/pt\\\/\"},{\"@type\":\"ListItem\",\"position\":2,\"name\":\"Pirelli faz hist\u00f3ria com os P Zero em Goodwood\"}]},{\"@type\":\"WebSite\",\"@id\":\"https:\\\/\\\/revistadospneus.com\\\/pt\\\/#website\",\"url\":\"https:\\\/\\\/revistadospneus.com\\\/pt\\\/\",\"name\":\"Revista dos Pneus\",\"description\":\"Revista independente de pneus e servi\u00e7os r\u00e1pidos\",\"publisher\":{\"@id\":\"https:\\\/\\\/revistadospneus.com\\\/pt\\\/#organization\"},\"potentialAction\":[{\"@type\":\"SearchAction\",\"target\":{\"@type\":\"EntryPoint\",\"urlTemplate\":\"https:\\\/\\\/revistadospneus.com\\\/pt\\\/?s={search_term_string}\"},\"query-input\":{\"@type\":\"PropertyValueSpecification\",\"valueRequired\":true,\"valueName\":\"search_term_string\"}}],\"inLanguage\":\"pt-PT\"},{\"@type\":\"Organization\",\"@id\":\"https:\\\/\\\/revistadospneus.com\\\/pt\\\/#organization\",\"name\":\"Revista dos Pneus\",\"url\":\"https:\\\/\\\/revistadospneus.com\\\/pt\\\/\",\"logo\":{\"@type\":\"ImageObject\",\"inLanguage\":\"pt-PT\",\"@id\":\"https:\\\/\\\/revistadospneus.com\\\/pt\\\/#\\\/schema\\\/logo\\\/image\\\/\",\"url\":\"https:\\\/\\\/revistadospneus.com\\\/pt\\\/wp-content\\\/uploads\\\/logo2-1.png\",\"contentUrl\":\"https:\\\/\\\/revistadospneus.com\\\/pt\\\/wp-content\\\/uploads\\\/logo2-1.png\",\"width\":216,\"height\":70,\"caption\":\"Revista dos Pneus\"},\"image\":{\"@id\":\"https:\\\/\\\/revistadospneus.com\\\/pt\\\/#\\\/schema\\\/logo\\\/image\\\/\"},\"sameAs\":[\"https:\\\/\\\/www.facebook.com\\\/revistapneus\",\"https:\\\/\\\/x.com\\\/revistapneus\",\"https:\\\/\\\/www.linkedin.com\\\/company\\\/jornal-das-oficinas\\\/\",\"https:\\\/\\\/www.youtube.com\\\/channel\\\/UCbQZBqtcvV-oSQrr7RzINGg\"]},{\"@type\":\"Person\",\"@id\":\"https:\\\/\\\/revistadospneus.com\\\/pt\\\/#\\\/schema\\\/person\\\/9c602809538a614c26e5569d14ed6442\",\"name\":\"Reda\u00e7\u00e3o RP\",\"image\":{\"@type\":\"ImageObject\",\"inLanguage\":\"pt-PT\",\"@id\":\"https:\\\/\\\/secure.gravatar.com\\\/avatar\\\/71f2fa71737ad68a84fea94bc708ddac8ea5b0c4788dc2ad202f3ccb2887742f?s=96&d=wp_user_avatar&r=g\",\"url\":\"https:\\\/\\\/secure.gravatar.com\\\/avatar\\\/71f2fa71737ad68a84fea94bc708ddac8ea5b0c4788dc2ad202f3ccb2887742f?s=96&d=wp_user_avatar&r=g\",\"contentUrl\":\"https:\\\/\\\/secure.gravatar.com\\\/avatar\\\/71f2fa71737ad68a84fea94bc708ddac8ea5b0c4788dc2ad202f3ccb2887742f?s=96&d=wp_user_avatar&r=g\",\"caption\":\"Reda\u00e7\u00e3o RP\"},\"url\":\"https:\\\/\\\/revistadospneus.com\\\/pt\\\/author\\\/rpredacao\\\/\"}]}<\/script>\n<!-- \/ Yoast SEO plugin. -->","yoast_head_json":{"title":"Pirelli faz hist\u00f3ria com os P Zero em Goodwood - Revista dos Pneus","description":"No Festival of Speed 2025, a Pirelli apresentou a nova gera\u00e7\u00e3o do pneu P Zero com um alinhamento de supercarros de alto desempenho","robots":{"index":"index","follow":"follow","max-snippet":"max-snippet:-1","max-image-preview":"max-image-preview:large","max-video-preview":"max-video-preview:-1"},"canonical":"https:\/\/revistadospneus.com\/pt\/2025\/07\/16\/pirelli-faz-historia-com-os-p-zero-em-goodwood\/","og_locale":"pt_PT","og_type":"article","og_title":"Pirelli faz hist\u00f3ria com os P Zero em Goodwood - Revista dos Pneus","og_description":"No Festival of Speed 2025, a Pirelli apresentou a nova gera\u00e7\u00e3o do pneu P Zero com um alinhamento de supercarros de alto desempenho","og_url":"https:\/\/revistadospneus.com\/pt\/2025\/07\/16\/pirelli-faz-historia-com-os-p-zero-em-goodwood\/","og_site_name":"Revista dos Pneus","article_publisher":"https:\/\/www.facebook.com\/revistapneus","article_published_time":"2025-07-16T07:00:45+00:00","og_image":[{"width":1024,"height":581,"url":"https:\/\/revistadospneus.com\/pt\/wp-content\/uploads\/2025\/07\/Pirelli-faz-historia-com-nova-geracao-do-pneu-P-Zero-em-Goodwood.jpg","type":"image\/jpeg"}],"author":"Reda\u00e7\u00e3o RP","twitter_card":"summary_large_image","twitter_creator":"@revistapneus","twitter_site":"@revistapneus","twitter_misc":{"Escrito por":"Reda\u00e7\u00e3o RP","Tempo estimado de leitura":"3 minutos"},"schema":{"@context":"https:\/\/schema.org","@graph":[{"@type":"Article","@id":"https:\/\/revistadospneus.com\/pt\/2025\/07\/16\/pirelli-faz-historia-com-os-p-zero-em-goodwood\/#article","isPartOf":{"@id":"https:\/\/revistadospneus.com\/pt\/2025\/07\/16\/pirelli-faz-historia-com-os-p-zero-em-goodwood\/"},"author":{"name":"Reda\u00e7\u00e3o RP","@id":"https:\/\/revistadospneus.com\/pt\/#\/schema\/person\/9c602809538a614c26e5569d14ed6442"},"headline":"Pirelli faz hist\u00f3ria com os P Zero em Goodwood","datePublished":"2025-07-16T07:00:45+00:00","mainEntityOfPage":{"@id":"https:\/\/revistadospneus.com\/pt\/2025\/07\/16\/pirelli-faz-historia-com-os-p-zero-em-goodwood\/"},"wordCount":448,"publisher":{"@id":"https:\/\/revistadospneus.com\/pt\/#organization"},"image":{"@id":"https:\/\/revistadospneus.com\/pt\/2025\/07\/16\/pirelli-faz-historia-com-os-p-zero-em-goodwood\/#primaryimage"},"thumbnailUrl":"https:\/\/revistadospneus.com\/pt\/wp-content\/uploads\/2025\/07\/Pirelli-faz-historia-com-nova-geracao-do-pneu-P-Zero-em-Goodwood.jpg","keywords":["40 anos","evolu\u00e7\u00e3o tecnol\u00f3gica","Festival of Speed 2025","materiais sustent\u00e1veis","nova gera\u00e7\u00e3o","Pirelli","pneu P Zero"],"articleSection":["Empresas"],"inLanguage":"pt-PT"},{"@type":"WebPage","@id":"https:\/\/revistadospneus.com\/pt\/2025\/07\/16\/pirelli-faz-historia-com-os-p-zero-em-goodwood\/","url":"https:\/\/revistadospneus.com\/pt\/2025\/07\/16\/pirelli-faz-historia-com-os-p-zero-em-goodwood\/","name":"Pirelli faz hist\u00f3ria com os P Zero em Goodwood - Revista dos Pneus","isPartOf":{"@id":"https:\/\/revistadospneus.com\/pt\/#website"},"primaryImageOfPage":{"@id":"https:\/\/revistadospneus.com\/pt\/2025\/07\/16\/pirelli-faz-historia-com-os-p-zero-em-goodwood\/#primaryimage"},"image":{"@id":"https:\/\/revistadospneus.com\/pt\/2025\/07\/16\/pirelli-faz-historia-com-os-p-zero-em-goodwood\/#primaryimage"},"thumbnailUrl":"https:\/\/revistadospneus.com\/pt\/wp-content\/uploads\/2025\/07\/Pirelli-faz-historia-com-nova-geracao-do-pneu-P-Zero-em-Goodwood.jpg","datePublished":"2025-07-16T07:00:45+00:00","description":"No Festival of Speed 2025, a Pirelli apresentou a nova gera\u00e7\u00e3o do pneu P Zero com um alinhamento de supercarros de alto desempenho","breadcrumb":{"@id":"https:\/\/revistadospneus.com\/pt\/2025\/07\/16\/pirelli-faz-historia-com-os-p-zero-em-goodwood\/#breadcrumb"},"inLanguage":"pt-PT","potentialAction":[{"@type":"ReadAction","target":["https:\/\/revistadospneus.com\/pt\/2025\/07\/16\/pirelli-faz-historia-com-os-p-zero-em-goodwood\/"]}]},{"@type":"ImageObject","inLanguage":"pt-PT","@id":"https:\/\/revistadospneus.com\/pt\/2025\/07\/16\/pirelli-faz-historia-com-os-p-zero-em-goodwood\/#primaryimage","url":"https:\/\/revistadospneus.com\/pt\/wp-content\/uploads\/2025\/07\/Pirelli-faz-historia-com-nova-geracao-do-pneu-P-Zero-em-Goodwood.jpg","contentUrl":"https:\/\/revistadospneus.com\/pt\/wp-content\/uploads\/2025\/07\/Pirelli-faz-historia-com-nova-geracao-do-pneu-P-Zero-em-Goodwood.jpg","width":1024,"height":581,"caption":"07 - Pirelli faz historia com nova geracao do pneu P Zero em Goodwood"},{"@type":"BreadcrumbList","@id":"https:\/\/revistadospneus.com\/pt\/2025\/07\/16\/pirelli-faz-historia-com-os-p-zero-em-goodwood\/#breadcrumb","itemListElement":[{"@type":"ListItem","position":1,"name":"In\u00edcio","item":"https:\/\/revistadospneus.com\/pt\/"},{"@type":"ListItem","position":2,"name":"Pirelli faz hist\u00f3ria com os P Zero em Goodwood"}]},{"@type":"WebSite","@id":"https:\/\/revistadospneus.com\/pt\/#website","url":"https:\/\/revistadospneus.com\/pt\/","name":"Revista dos Pneus","description":"Revista independente de pneus e servi\u00e7os r\u00e1pidos","publisher":{"@id":"https:\/\/revistadospneus.com\/pt\/#organization"},"potentialAction":[{"@type":"SearchAction","target":{"@type":"EntryPoint","urlTemplate":"https:\/\/revistadospneus.com\/pt\/?s={search_term_string}"},"query-input":{"@type":"PropertyValueSpecification","valueRequired":true,"valueName":"search_term_string"}}],"inLanguage":"pt-PT"},{"@type":"Organization","@id":"https:\/\/revistadospneus.com\/pt\/#organization","name":"Revista dos Pneus","url":"https:\/\/revistadospneus.com\/pt\/","logo":{"@type":"ImageObject","inLanguage":"pt-PT","@id":"https:\/\/revistadospneus.com\/pt\/#\/schema\/logo\/image\/","url":"https:\/\/revistadospneus.com\/pt\/wp-content\/uploads\/logo2-1.png","contentUrl":"https:\/\/revistadospneus.com\/pt\/wp-content\/uploads\/logo2-1.png","width":216,"height":70,"caption":"Revista dos Pneus"},"image":{"@id":"https:\/\/revistadospneus.com\/pt\/#\/schema\/logo\/image\/"},"sameAs":["https:\/\/www.facebook.com\/revistapneus","https:\/\/x.com\/revistapneus","https:\/\/www.linkedin.com\/company\/jornal-das-oficinas\/","https:\/\/www.youtube.com\/channel\/UCbQZBqtcvV-oSQrr7RzINGg"]},{"@type":"Person","@id":"https:\/\/revistadospneus.com\/pt\/#\/schema\/person\/9c602809538a614c26e5569d14ed6442","name":"Reda\u00e7\u00e3o RP","image":{"@type":"ImageObject","inLanguage":"pt-PT","@id":"https:\/\/secure.gravatar.com\/avatar\/71f2fa71737ad68a84fea94bc708ddac8ea5b0c4788dc2ad202f3ccb2887742f?s=96&d=wp_user_avatar&r=g","url":"https:\/\/secure.gravatar.com\/avatar\/71f2fa71737ad68a84fea94bc708ddac8ea5b0c4788dc2ad202f3ccb2887742f?s=96&d=wp_user_avatar&r=g","contentUrl":"https:\/\/secure.gravatar.com\/avatar\/71f2fa71737ad68a84fea94bc708ddac8ea5b0c4788dc2ad202f3ccb2887742f?s=96&d=wp_user_avatar&r=g","caption":"Reda\u00e7\u00e3o RP"},"url":"https:\/\/revistadospneus.com\/pt\/author\/rpredacao\/"}]}},"_links":{"self":[{"href":"https:\/\/revistadospneus.com\/pt\/wp-json\/wp\/v2\/posts\/75927","targetHints":{"allow":["GET"]}}],"collection":[{"href":"https:\/\/revistadospneus.com\/pt\/wp-json\/wp\/v2\/posts"}],"about":[{"href":"https:\/\/revistadospneus.com\/pt\/wp-json\/wp\/v2\/types\/post"}],"author":[{"embeddable":true,"href":"https:\/\/revistadospneus.com\/pt\/wp-json\/wp\/v2\/users\/13"}],"replies":[{"embeddable":true,"href":"https:\/\/revistadospneus.com\/pt\/wp-json\/wp\/v2\/comments?post=75927"}],"version-history":[{"count":5,"href":"https:\/\/revistadospneus.com\/pt\/wp-json\/wp\/v2\/posts\/75927\/revisions"}],"predecessor-version":[{"id":75939,"href":"https:\/\/revistadospneus.com\/pt\/wp-json\/wp\/v2\/posts\/75927\/revisions\/75939"}],"wp:featuredmedia":[{"embeddable":true,"href":"https:\/\/revistadospneus.com\/pt\/wp-json\/wp\/v2\/media\/75933"}],"wp:attachment":[{"href":"https:\/\/revistadospneus.com\/pt\/wp-json\/wp\/v2\/media?parent=75927"}],"wp:term":[{"taxonomy":"category","embeddable":true,"href":"https:\/\/revistadospneus.com\/pt\/wp-json\/wp\/v2\/categories?post=75927"},{"taxonomy":"post_tag","embeddable":true,"href":"https:\/\/revistadospneus.com\/pt\/wp-json\/wp\/v2\/tags?post=75927"}],"curies":[{"name":"wp","href":"https:\/\/api.w.org\/{rel}","templated":true}]}}