{"id":76941,"date":"2025-10-19T21:00:22","date_gmt":"2025-10-19T20:00:22","guid":{"rendered":"https:\/\/revistadospneus.com\/pt\/?p=76941"},"modified":"2025-10-19T14:14:43","modified_gmt":"2025-10-19T13:14:43","slug":"20-o-aniversario-jo-20-anos-a-dar-voz-ao-aftermarket","status":"publish","type":"post","link":"https:\/\/revistadospneus.com\/pt\/2025\/10\/19\/20-o-aniversario-jo-20-anos-a-dar-voz-ao-aftermarket\/","title":{"rendered":"20.\u00ba anivers\u00e1rio JO &#8211; 20 anos a dar voz ao aftermarket!"},"content":{"rendered":"<p><img loading=\"lazy\" decoding=\"async\" class=\"alignnone size-full wp-image-76947\" src=\"https:\/\/revistadospneus.com\/pt\/wp-content\/uploads\/2025\/10\/20.o-aniversario-JO-20-anos-a-dar-voz-ao-aftermarket.jpg\" alt=\"10 - 20.o aniversario JO 20 anos a dar voz ao aftermarket\" width=\"1024\" height=\"581\" srcset=\"https:\/\/revistadospneus.com\/pt\/wp-content\/uploads\/2025\/10\/20.o-aniversario-JO-20-anos-a-dar-voz-ao-aftermarket.jpg 1024w, https:\/\/revistadospneus.com\/pt\/wp-content\/uploads\/2025\/10\/20.o-aniversario-JO-20-anos-a-dar-voz-ao-aftermarket-300x170.jpg 300w, https:\/\/revistadospneus.com\/pt\/wp-content\/uploads\/2025\/10\/20.o-aniversario-JO-20-anos-a-dar-voz-ao-aftermarket-150x85.jpg 150w, https:\/\/revistadospneus.com\/pt\/wp-content\/uploads\/2025\/10\/20.o-aniversario-JO-20-anos-a-dar-voz-ao-aftermarket-768x436.jpg 768w\" sizes=\"auto, (max-width: 1024px) 100vw, 1024px\" \/><\/p>\n<p><strong>Em outubro de 2005, nascia o Jornal das Oficinas (JO), uma publica\u00e7\u00e3o que se tornou uma refer\u00eancia incontorn\u00e1vel no aftermarket autom\u00f3vel em Portugal. Mais do que o lan\u00e7amento de um jornal, o seu aparecimento representou a cria\u00e7\u00e3o de um espa\u00e7o de uni\u00e3o, informa\u00e7\u00e3o e desenvolvimento para milhares de profissionais ligados \u00e0 repara\u00e7\u00e3o autom\u00f3vel<\/strong><\/p>\n<p>Desde o primeiro n\u00famero, em 2005, o JO assumiu-se como uma publica\u00e7\u00e3o independente, cred\u00edvel e isenta, com a miss\u00e3o de dar voz a todo o setor, das pequenas oficinas locais \u00e0s grandes marcas e distribuidores.<\/p>\n<p>Ao longo destes 20 anos, o JO destacou-se por inovar, surpreender e acrescentar valor ao aftermarket. Sempre atento \u00e0s transforma\u00e7\u00f5es do setor, acompanhou o aparecimento de grupos de compra internacionais, o crescimento das redes de oficinas padronizadas e a evolu\u00e7\u00e3o tecnol\u00f3gica que hoje marca profundamente a repara\u00e7\u00e3o autom\u00f3vel.<\/p>\n<p>A cada edi\u00e7\u00e3o, o JO n\u00e3o se limitou a noticiar, mas interpretou tend\u00eancias, deu palco a diferentes vozes e ajudou empresas e profissionais a compreender desafios e oportunidades. A sua apresenta\u00e7\u00e3o diferenciada, o rigor editorial e a utilidade pr\u00e1tica dos conte\u00fados tornaram-no n\u00e3o apenas um jornal, mas uma verdadeira ferramenta de gest\u00e3o e um parceiro estrat\u00e9gico para os seus leitores.<\/p>\n<p>Com 225 edi\u00e7\u00f5es publicadas, o JO consolidou-se como uma pe\u00e7a essencial no quotidiano de milhares de profissionais, refletindo a for\u00e7a e a diversidade do aftermarket portugu\u00eas. Para al\u00e9m da edi\u00e7\u00e3o em papel e online, criou iniciativas marcantes como os Congressos Ib\u00e9ricos de Aftermarket, a <a href=\"https:\/\/www.apcomunicacao.com\/\">Gala TOP 100<\/a>, e competi\u00e7\u00f5es como o <a href=\"https:\/\/www.apcomunicacao.com\/melhor-mecatronico\" target=\"_blank\" rel=\"noopener\">Melhor Mecatr\u00f3nico<\/a> e o <a href=\"https:\/\/www.apcomunicacao.com\/challenge-oficinas\" target=\"_blank\" rel=\"noopener\">Challenge Oficinas<\/a>, promovendo a informa\u00e7\u00e3o, a forma\u00e7\u00e3o e a inova\u00e7\u00e3o no setor.<\/p>\n<p>Celebrar os 20 anos do Jornal das Oficinas \u00e9 celebrar tamb\u00e9m o percurso do aftermarket em Portugal. Numa altura de profundas transforma\u00e7\u00f5es \u2014 com a chegada dos ve\u00edculos el\u00e9tricos, a digitaliza\u00e7\u00e3o e as novas exig\u00eancias de clientes cada vez mais informados \u2014 o JO continua a cumprir a sua miss\u00e3o: informar com rigor, apoiar os profissionais e ser a voz do setor.<\/p>\n<p>O futuro trar\u00e1 novos desafios, mas tamb\u00e9m novas oportunidades, e o JO continuar\u00e1 a evoluir lado a lado com o mercado, mantendo-se fiel \u00e0 sua identidade: um jornal diferente, que h\u00e1 duas d\u00e9cadas d\u00e1 voz ao aftermarket.<\/p>\n<!-- AddThis Advanced Settings generic via filter on the_content --><!-- AddThis Share Buttons generic via filter on the_content -->","protected":false},"excerpt":{"rendered":"<p>Em outubro de 2005, nascia o Jornal das Oficinas&#8230;<!-- AddThis Advanced Settings generic via filter on get_the_excerpt --><!-- AddThis Share Buttons generic via filter on get_the_excerpt --><\/p>\n","protected":false},"author":13,"featured_media":76947,"comment_status":"closed","ping_status":"closed","sticky":false,"template":"","format":"standard","meta":{"footnotes":""},"categories":[37],"tags":[3354,1967,3615,2466,201,4749,4750],"class_list":["post-76941","post","type-post","status-publish","format-standard","has-post-thumbnail","hentry","category-mercado","tag-20-anos","tag-aftermarket-automovel","tag-celebracao","tag-dar-voz-ao-aftermarket","tag-gala-top-100","tag-referencia-aftermarket","tag-referencia-incontornavel"],"yoast_head":"<!-- This site is optimized with the Yoast SEO plugin v27.5 - https:\/\/yoast.com\/product\/yoast-seo-wordpress\/ -->\n<title>20.\u00ba anivers\u00e1rio JO - 20 anos a dar voz ao aftermarket! - Revista dos Pneus<\/title>\n<meta name=\"description\" content=\"Em outubro de 2005, nascia o Jornal das Oficinas (JO), uma publica\u00e7\u00e3o que se tornou uma refer\u00eancia incontorn\u00e1vel no aftermarket autom\u00f3vel\" \/>\n<meta name=\"robots\" content=\"index, follow, max-snippet:-1, max-image-preview:large, max-video-preview:-1\" \/>\n<link rel=\"canonical\" href=\"https:\/\/revistadospneus.com\/pt\/2025\/10\/19\/20-o-aniversario-jo-20-anos-a-dar-voz-ao-aftermarket\/\" \/>\n<meta property=\"og:locale\" content=\"pt_PT\" \/>\n<meta property=\"og:type\" content=\"article\" \/>\n<meta property=\"og:title\" content=\"20.\u00ba anivers\u00e1rio JO - 20 anos a dar voz ao aftermarket! - Revista dos Pneus\" \/>\n<meta property=\"og:description\" content=\"Em outubro de 2005, nascia o Jornal das Oficinas (JO), uma publica\u00e7\u00e3o que se tornou uma refer\u00eancia incontorn\u00e1vel no aftermarket autom\u00f3vel\" \/>\n<meta property=\"og:url\" content=\"https:\/\/revistadospneus.com\/pt\/2025\/10\/19\/20-o-aniversario-jo-20-anos-a-dar-voz-ao-aftermarket\/\" \/>\n<meta property=\"og:site_name\" content=\"Revista dos Pneus\" \/>\n<meta property=\"article:publisher\" content=\"https:\/\/www.facebook.com\/revistapneus\" \/>\n<meta property=\"article:published_time\" content=\"2025-10-19T20:00:22+00:00\" \/>\n<meta property=\"og:image\" content=\"https:\/\/revistadospneus.com\/pt\/wp-content\/uploads\/2025\/10\/20.o-aniversario-JO-20-anos-a-dar-voz-ao-aftermarket.jpg\" \/>\n\t<meta property=\"og:image:width\" content=\"1024\" \/>\n\t<meta property=\"og:image:height\" content=\"581\" \/>\n\t<meta property=\"og:image:type\" content=\"image\/jpeg\" \/>\n<meta name=\"author\" content=\"Reda\u00e7\u00e3o RP\" \/>\n<meta name=\"twitter:card\" content=\"summary_large_image\" \/>\n<meta name=\"twitter:creator\" content=\"@revistapneus\" \/>\n<meta name=\"twitter:site\" content=\"@revistapneus\" \/>\n<meta name=\"twitter:label1\" content=\"Escrito por\" \/>\n\t<meta name=\"twitter:data1\" content=\"Reda\u00e7\u00e3o RP\" \/>\n\t<meta name=\"twitter:label2\" content=\"Tempo estimado de leitura\" \/>\n\t<meta name=\"twitter:data2\" content=\"3 minutos\" \/>\n<script type=\"application\/ld+json\" class=\"yoast-schema-graph\">{\"@context\":\"https:\\\/\\\/schema.org\",\"@graph\":[{\"@type\":\"Article\",\"@id\":\"https:\\\/\\\/revistadospneus.com\\\/pt\\\/2025\\\/10\\\/19\\\/20-o-aniversario-jo-20-anos-a-dar-voz-ao-aftermarket\\\/#article\",\"isPartOf\":{\"@id\":\"https:\\\/\\\/revistadospneus.com\\\/pt\\\/2025\\\/10\\\/19\\\/20-o-aniversario-jo-20-anos-a-dar-voz-ao-aftermarket\\\/\"},\"author\":{\"name\":\"Reda\u00e7\u00e3o RP\",\"@id\":\"https:\\\/\\\/revistadospneus.com\\\/pt\\\/#\\\/schema\\\/person\\\/9c602809538a614c26e5569d14ed6442\"},\"headline\":\"20.\u00ba anivers\u00e1rio JO &#8211; 20 anos a dar voz ao aftermarket!\",\"datePublished\":\"2025-10-19T20:00:22+00:00\",\"mainEntityOfPage\":{\"@id\":\"https:\\\/\\\/revistadospneus.com\\\/pt\\\/2025\\\/10\\\/19\\\/20-o-aniversario-jo-20-anos-a-dar-voz-ao-aftermarket\\\/\"},\"wordCount\":411,\"publisher\":{\"@id\":\"https:\\\/\\\/revistadospneus.com\\\/pt\\\/#organization\"},\"image\":{\"@id\":\"https:\\\/\\\/revistadospneus.com\\\/pt\\\/2025\\\/10\\\/19\\\/20-o-aniversario-jo-20-anos-a-dar-voz-ao-aftermarket\\\/#primaryimage\"},\"thumbnailUrl\":\"https:\\\/\\\/revistadospneus.com\\\/pt\\\/wp-content\\\/uploads\\\/2025\\\/10\\\/20.o-aniversario-JO-20-anos-a-dar-voz-ao-aftermarket.jpg\",\"keywords\":[\"20 anos\",\"Aftermarket Autom\u00f3vel\",\"Celebra\u00e7\u00e3o\",\"Dar Voz ao Aftermarket\",\"Gala TOP 100\",\"refer\u00eancia aftermarket\",\"refer\u00eancia incontorn\u00e1vel\"],\"articleSection\":[\"Mercado\"],\"inLanguage\":\"pt-PT\"},{\"@type\":\"WebPage\",\"@id\":\"https:\\\/\\\/revistadospneus.com\\\/pt\\\/2025\\\/10\\\/19\\\/20-o-aniversario-jo-20-anos-a-dar-voz-ao-aftermarket\\\/\",\"url\":\"https:\\\/\\\/revistadospneus.com\\\/pt\\\/2025\\\/10\\\/19\\\/20-o-aniversario-jo-20-anos-a-dar-voz-ao-aftermarket\\\/\",\"name\":\"20.\u00ba anivers\u00e1rio JO - 20 anos a dar voz ao aftermarket! - Revista dos Pneus\",\"isPartOf\":{\"@id\":\"https:\\\/\\\/revistadospneus.com\\\/pt\\\/#website\"},\"primaryImageOfPage\":{\"@id\":\"https:\\\/\\\/revistadospneus.com\\\/pt\\\/2025\\\/10\\\/19\\\/20-o-aniversario-jo-20-anos-a-dar-voz-ao-aftermarket\\\/#primaryimage\"},\"image\":{\"@id\":\"https:\\\/\\\/revistadospneus.com\\\/pt\\\/2025\\\/10\\\/19\\\/20-o-aniversario-jo-20-anos-a-dar-voz-ao-aftermarket\\\/#primaryimage\"},\"thumbnailUrl\":\"https:\\\/\\\/revistadospneus.com\\\/pt\\\/wp-content\\\/uploads\\\/2025\\\/10\\\/20.o-aniversario-JO-20-anos-a-dar-voz-ao-aftermarket.jpg\",\"datePublished\":\"2025-10-19T20:00:22+00:00\",\"description\":\"Em outubro de 2005, nascia o Jornal das Oficinas (JO), uma publica\u00e7\u00e3o que se tornou uma refer\u00eancia incontorn\u00e1vel no aftermarket autom\u00f3vel\",\"breadcrumb\":{\"@id\":\"https:\\\/\\\/revistadospneus.com\\\/pt\\\/2025\\\/10\\\/19\\\/20-o-aniversario-jo-20-anos-a-dar-voz-ao-aftermarket\\\/#breadcrumb\"},\"inLanguage\":\"pt-PT\",\"potentialAction\":[{\"@type\":\"ReadAction\",\"target\":[\"https:\\\/\\\/revistadospneus.com\\\/pt\\\/2025\\\/10\\\/19\\\/20-o-aniversario-jo-20-anos-a-dar-voz-ao-aftermarket\\\/\"]}]},{\"@type\":\"ImageObject\",\"inLanguage\":\"pt-PT\",\"@id\":\"https:\\\/\\\/revistadospneus.com\\\/pt\\\/2025\\\/10\\\/19\\\/20-o-aniversario-jo-20-anos-a-dar-voz-ao-aftermarket\\\/#primaryimage\",\"url\":\"https:\\\/\\\/revistadospneus.com\\\/pt\\\/wp-content\\\/uploads\\\/2025\\\/10\\\/20.o-aniversario-JO-20-anos-a-dar-voz-ao-aftermarket.jpg\",\"contentUrl\":\"https:\\\/\\\/revistadospneus.com\\\/pt\\\/wp-content\\\/uploads\\\/2025\\\/10\\\/20.o-aniversario-JO-20-anos-a-dar-voz-ao-aftermarket.jpg\",\"width\":1024,\"height\":581,\"caption\":\"10 - 20.o aniversario JO 20 anos a dar voz ao aftermarket\"},{\"@type\":\"BreadcrumbList\",\"@id\":\"https:\\\/\\\/revistadospneus.com\\\/pt\\\/2025\\\/10\\\/19\\\/20-o-aniversario-jo-20-anos-a-dar-voz-ao-aftermarket\\\/#breadcrumb\",\"itemListElement\":[{\"@type\":\"ListItem\",\"position\":1,\"name\":\"In\u00edcio\",\"item\":\"https:\\\/\\\/revistadospneus.com\\\/pt\\\/\"},{\"@type\":\"ListItem\",\"position\":2,\"name\":\"20.\u00ba anivers\u00e1rio JO &#8211; 20 anos a dar voz ao aftermarket!\"}]},{\"@type\":\"WebSite\",\"@id\":\"https:\\\/\\\/revistadospneus.com\\\/pt\\\/#website\",\"url\":\"https:\\\/\\\/revistadospneus.com\\\/pt\\\/\",\"name\":\"Revista dos Pneus\",\"description\":\"Revista independente de pneus e servi\u00e7os r\u00e1pidos\",\"publisher\":{\"@id\":\"https:\\\/\\\/revistadospneus.com\\\/pt\\\/#organization\"},\"potentialAction\":[{\"@type\":\"SearchAction\",\"target\":{\"@type\":\"EntryPoint\",\"urlTemplate\":\"https:\\\/\\\/revistadospneus.com\\\/pt\\\/?s={search_term_string}\"},\"query-input\":{\"@type\":\"PropertyValueSpecification\",\"valueRequired\":true,\"valueName\":\"search_term_string\"}}],\"inLanguage\":\"pt-PT\"},{\"@type\":\"Organization\",\"@id\":\"https:\\\/\\\/revistadospneus.com\\\/pt\\\/#organization\",\"name\":\"Revista dos Pneus\",\"url\":\"https:\\\/\\\/revistadospneus.com\\\/pt\\\/\",\"logo\":{\"@type\":\"ImageObject\",\"inLanguage\":\"pt-PT\",\"@id\":\"https:\\\/\\\/revistadospneus.com\\\/pt\\\/#\\\/schema\\\/logo\\\/image\\\/\",\"url\":\"https:\\\/\\\/revistadospneus.com\\\/pt\\\/wp-content\\\/uploads\\\/logo2-1.png\",\"contentUrl\":\"https:\\\/\\\/revistadospneus.com\\\/pt\\\/wp-content\\\/uploads\\\/logo2-1.png\",\"width\":216,\"height\":70,\"caption\":\"Revista dos Pneus\"},\"image\":{\"@id\":\"https:\\\/\\\/revistadospneus.com\\\/pt\\\/#\\\/schema\\\/logo\\\/image\\\/\"},\"sameAs\":[\"https:\\\/\\\/www.facebook.com\\\/revistapneus\",\"https:\\\/\\\/x.com\\\/revistapneus\",\"https:\\\/\\\/www.linkedin.com\\\/company\\\/jornal-das-oficinas\\\/\",\"https:\\\/\\\/www.youtube.com\\\/channel\\\/UCbQZBqtcvV-oSQrr7RzINGg\"]},{\"@type\":\"Person\",\"@id\":\"https:\\\/\\\/revistadospneus.com\\\/pt\\\/#\\\/schema\\\/person\\\/9c602809538a614c26e5569d14ed6442\",\"name\":\"Reda\u00e7\u00e3o RP\",\"image\":{\"@type\":\"ImageObject\",\"inLanguage\":\"pt-PT\",\"@id\":\"https:\\\/\\\/secure.gravatar.com\\\/avatar\\\/71f2fa71737ad68a84fea94bc708ddac8ea5b0c4788dc2ad202f3ccb2887742f?s=96&d=wp_user_avatar&r=g\",\"url\":\"https:\\\/\\\/secure.gravatar.com\\\/avatar\\\/71f2fa71737ad68a84fea94bc708ddac8ea5b0c4788dc2ad202f3ccb2887742f?s=96&d=wp_user_avatar&r=g\",\"contentUrl\":\"https:\\\/\\\/secure.gravatar.com\\\/avatar\\\/71f2fa71737ad68a84fea94bc708ddac8ea5b0c4788dc2ad202f3ccb2887742f?s=96&d=wp_user_avatar&r=g\",\"caption\":\"Reda\u00e7\u00e3o RP\"},\"url\":\"https:\\\/\\\/revistadospneus.com\\\/pt\\\/author\\\/rpredacao\\\/\"}]}<\/script>\n<!-- \/ Yoast SEO plugin. -->","yoast_head_json":{"title":"20.\u00ba anivers\u00e1rio JO - 20 anos a dar voz ao aftermarket! - Revista dos Pneus","description":"Em outubro de 2005, nascia o Jornal das Oficinas (JO), uma publica\u00e7\u00e3o que se tornou uma refer\u00eancia incontorn\u00e1vel no aftermarket autom\u00f3vel","robots":{"index":"index","follow":"follow","max-snippet":"max-snippet:-1","max-image-preview":"max-image-preview:large","max-video-preview":"max-video-preview:-1"},"canonical":"https:\/\/revistadospneus.com\/pt\/2025\/10\/19\/20-o-aniversario-jo-20-anos-a-dar-voz-ao-aftermarket\/","og_locale":"pt_PT","og_type":"article","og_title":"20.\u00ba anivers\u00e1rio JO - 20 anos a dar voz ao aftermarket! - Revista dos Pneus","og_description":"Em outubro de 2005, nascia o Jornal das Oficinas (JO), uma publica\u00e7\u00e3o que se tornou uma refer\u00eancia incontorn\u00e1vel no aftermarket autom\u00f3vel","og_url":"https:\/\/revistadospneus.com\/pt\/2025\/10\/19\/20-o-aniversario-jo-20-anos-a-dar-voz-ao-aftermarket\/","og_site_name":"Revista dos Pneus","article_publisher":"https:\/\/www.facebook.com\/revistapneus","article_published_time":"2025-10-19T20:00:22+00:00","og_image":[{"width":1024,"height":581,"url":"https:\/\/revistadospneus.com\/pt\/wp-content\/uploads\/2025\/10\/20.o-aniversario-JO-20-anos-a-dar-voz-ao-aftermarket.jpg","type":"image\/jpeg"}],"author":"Reda\u00e7\u00e3o RP","twitter_card":"summary_large_image","twitter_creator":"@revistapneus","twitter_site":"@revistapneus","twitter_misc":{"Escrito por":"Reda\u00e7\u00e3o RP","Tempo estimado de leitura":"3 minutos"},"schema":{"@context":"https:\/\/schema.org","@graph":[{"@type":"Article","@id":"https:\/\/revistadospneus.com\/pt\/2025\/10\/19\/20-o-aniversario-jo-20-anos-a-dar-voz-ao-aftermarket\/#article","isPartOf":{"@id":"https:\/\/revistadospneus.com\/pt\/2025\/10\/19\/20-o-aniversario-jo-20-anos-a-dar-voz-ao-aftermarket\/"},"author":{"name":"Reda\u00e7\u00e3o RP","@id":"https:\/\/revistadospneus.com\/pt\/#\/schema\/person\/9c602809538a614c26e5569d14ed6442"},"headline":"20.\u00ba anivers\u00e1rio JO &#8211; 20 anos a dar voz ao aftermarket!","datePublished":"2025-10-19T20:00:22+00:00","mainEntityOfPage":{"@id":"https:\/\/revistadospneus.com\/pt\/2025\/10\/19\/20-o-aniversario-jo-20-anos-a-dar-voz-ao-aftermarket\/"},"wordCount":411,"publisher":{"@id":"https:\/\/revistadospneus.com\/pt\/#organization"},"image":{"@id":"https:\/\/revistadospneus.com\/pt\/2025\/10\/19\/20-o-aniversario-jo-20-anos-a-dar-voz-ao-aftermarket\/#primaryimage"},"thumbnailUrl":"https:\/\/revistadospneus.com\/pt\/wp-content\/uploads\/2025\/10\/20.o-aniversario-JO-20-anos-a-dar-voz-ao-aftermarket.jpg","keywords":["20 anos","Aftermarket Autom\u00f3vel","Celebra\u00e7\u00e3o","Dar Voz ao Aftermarket","Gala TOP 100","refer\u00eancia aftermarket","refer\u00eancia incontorn\u00e1vel"],"articleSection":["Mercado"],"inLanguage":"pt-PT"},{"@type":"WebPage","@id":"https:\/\/revistadospneus.com\/pt\/2025\/10\/19\/20-o-aniversario-jo-20-anos-a-dar-voz-ao-aftermarket\/","url":"https:\/\/revistadospneus.com\/pt\/2025\/10\/19\/20-o-aniversario-jo-20-anos-a-dar-voz-ao-aftermarket\/","name":"20.\u00ba anivers\u00e1rio JO - 20 anos a dar voz ao aftermarket! - Revista dos Pneus","isPartOf":{"@id":"https:\/\/revistadospneus.com\/pt\/#website"},"primaryImageOfPage":{"@id":"https:\/\/revistadospneus.com\/pt\/2025\/10\/19\/20-o-aniversario-jo-20-anos-a-dar-voz-ao-aftermarket\/#primaryimage"},"image":{"@id":"https:\/\/revistadospneus.com\/pt\/2025\/10\/19\/20-o-aniversario-jo-20-anos-a-dar-voz-ao-aftermarket\/#primaryimage"},"thumbnailUrl":"https:\/\/revistadospneus.com\/pt\/wp-content\/uploads\/2025\/10\/20.o-aniversario-JO-20-anos-a-dar-voz-ao-aftermarket.jpg","datePublished":"2025-10-19T20:00:22+00:00","description":"Em outubro de 2005, nascia o Jornal das Oficinas (JO), uma publica\u00e7\u00e3o que se tornou uma refer\u00eancia incontorn\u00e1vel no aftermarket autom\u00f3vel","breadcrumb":{"@id":"https:\/\/revistadospneus.com\/pt\/2025\/10\/19\/20-o-aniversario-jo-20-anos-a-dar-voz-ao-aftermarket\/#breadcrumb"},"inLanguage":"pt-PT","potentialAction":[{"@type":"ReadAction","target":["https:\/\/revistadospneus.com\/pt\/2025\/10\/19\/20-o-aniversario-jo-20-anos-a-dar-voz-ao-aftermarket\/"]}]},{"@type":"ImageObject","inLanguage":"pt-PT","@id":"https:\/\/revistadospneus.com\/pt\/2025\/10\/19\/20-o-aniversario-jo-20-anos-a-dar-voz-ao-aftermarket\/#primaryimage","url":"https:\/\/revistadospneus.com\/pt\/wp-content\/uploads\/2025\/10\/20.o-aniversario-JO-20-anos-a-dar-voz-ao-aftermarket.jpg","contentUrl":"https:\/\/revistadospneus.com\/pt\/wp-content\/uploads\/2025\/10\/20.o-aniversario-JO-20-anos-a-dar-voz-ao-aftermarket.jpg","width":1024,"height":581,"caption":"10 - 20.o aniversario JO 20 anos a dar voz ao aftermarket"},{"@type":"BreadcrumbList","@id":"https:\/\/revistadospneus.com\/pt\/2025\/10\/19\/20-o-aniversario-jo-20-anos-a-dar-voz-ao-aftermarket\/#breadcrumb","itemListElement":[{"@type":"ListItem","position":1,"name":"In\u00edcio","item":"https:\/\/revistadospneus.com\/pt\/"},{"@type":"ListItem","position":2,"name":"20.\u00ba anivers\u00e1rio JO &#8211; 20 anos a dar voz ao aftermarket!"}]},{"@type":"WebSite","@id":"https:\/\/revistadospneus.com\/pt\/#website","url":"https:\/\/revistadospneus.com\/pt\/","name":"Revista dos Pneus","description":"Revista independente de pneus e servi\u00e7os r\u00e1pidos","publisher":{"@id":"https:\/\/revistadospneus.com\/pt\/#organization"},"potentialAction":[{"@type":"SearchAction","target":{"@type":"EntryPoint","urlTemplate":"https:\/\/revistadospneus.com\/pt\/?s={search_term_string}"},"query-input":{"@type":"PropertyValueSpecification","valueRequired":true,"valueName":"search_term_string"}}],"inLanguage":"pt-PT"},{"@type":"Organization","@id":"https:\/\/revistadospneus.com\/pt\/#organization","name":"Revista dos Pneus","url":"https:\/\/revistadospneus.com\/pt\/","logo":{"@type":"ImageObject","inLanguage":"pt-PT","@id":"https:\/\/revistadospneus.com\/pt\/#\/schema\/logo\/image\/","url":"https:\/\/revistadospneus.com\/pt\/wp-content\/uploads\/logo2-1.png","contentUrl":"https:\/\/revistadospneus.com\/pt\/wp-content\/uploads\/logo2-1.png","width":216,"height":70,"caption":"Revista dos Pneus"},"image":{"@id":"https:\/\/revistadospneus.com\/pt\/#\/schema\/logo\/image\/"},"sameAs":["https:\/\/www.facebook.com\/revistapneus","https:\/\/x.com\/revistapneus","https:\/\/www.linkedin.com\/company\/jornal-das-oficinas\/","https:\/\/www.youtube.com\/channel\/UCbQZBqtcvV-oSQrr7RzINGg"]},{"@type":"Person","@id":"https:\/\/revistadospneus.com\/pt\/#\/schema\/person\/9c602809538a614c26e5569d14ed6442","name":"Reda\u00e7\u00e3o RP","image":{"@type":"ImageObject","inLanguage":"pt-PT","@id":"https:\/\/secure.gravatar.com\/avatar\/71f2fa71737ad68a84fea94bc708ddac8ea5b0c4788dc2ad202f3ccb2887742f?s=96&d=wp_user_avatar&r=g","url":"https:\/\/secure.gravatar.com\/avatar\/71f2fa71737ad68a84fea94bc708ddac8ea5b0c4788dc2ad202f3ccb2887742f?s=96&d=wp_user_avatar&r=g","contentUrl":"https:\/\/secure.gravatar.com\/avatar\/71f2fa71737ad68a84fea94bc708ddac8ea5b0c4788dc2ad202f3ccb2887742f?s=96&d=wp_user_avatar&r=g","caption":"Reda\u00e7\u00e3o RP"},"url":"https:\/\/revistadospneus.com\/pt\/author\/rpredacao\/"}]}},"_links":{"self":[{"href":"https:\/\/revistadospneus.com\/pt\/wp-json\/wp\/v2\/posts\/76941","targetHints":{"allow":["GET"]}}],"collection":[{"href":"https:\/\/revistadospneus.com\/pt\/wp-json\/wp\/v2\/posts"}],"about":[{"href":"https:\/\/revistadospneus.com\/pt\/wp-json\/wp\/v2\/types\/post"}],"author":[{"embeddable":true,"href":"https:\/\/revistadospneus.com\/pt\/wp-json\/wp\/v2\/users\/13"}],"replies":[{"embeddable":true,"href":"https:\/\/revistadospneus.com\/pt\/wp-json\/wp\/v2\/comments?post=76941"}],"version-history":[{"count":2,"href":"https:\/\/revistadospneus.com\/pt\/wp-json\/wp\/v2\/posts\/76941\/revisions"}],"predecessor-version":[{"id":76951,"href":"https:\/\/revistadospneus.com\/pt\/wp-json\/wp\/v2\/posts\/76941\/revisions\/76951"}],"wp:featuredmedia":[{"embeddable":true,"href":"https:\/\/revistadospneus.com\/pt\/wp-json\/wp\/v2\/media\/76947"}],"wp:attachment":[{"href":"https:\/\/revistadospneus.com\/pt\/wp-json\/wp\/v2\/media?parent=76941"}],"wp:term":[{"taxonomy":"category","embeddable":true,"href":"https:\/\/revistadospneus.com\/pt\/wp-json\/wp\/v2\/categories?post=76941"},{"taxonomy":"post_tag","embeddable":true,"href":"https:\/\/revistadospneus.com\/pt\/wp-json\/wp\/v2\/tags?post=76941"}],"curies":[{"name":"wp","href":"https:\/\/api.w.org\/{rel}","templated":true}]}}