{"id":77113,"date":"2025-11-04T08:00:01","date_gmt":"2025-11-04T08:00:01","guid":{"rendered":"https:\/\/revistadospneus.com\/pt\/?p=77113"},"modified":"2025-10-31T14:17:13","modified_gmt":"2025-10-31T14:17:13","slug":"luis-simoes-distinguida-pela-michelin","status":"publish","type":"post","link":"https:\/\/revistadospneus.com\/pt\/2025\/11\/04\/luis-simoes-distinguida-pela-michelin\/","title":{"rendered":"Lu\u00eds Sim\u00f5es distinguida pela Michelin"},"content":{"rendered":"<p><strong><img loading=\"lazy\" decoding=\"async\" class=\"alignnone size-full wp-image-77120\" src=\"https:\/\/revistadospneus.com\/pt\/wp-content\/uploads\/2025\/10\/Luis-Simoes-distinguida-pela-Michelin.png\" alt=\"10 - Luis Simoes distinguida pela Michelin\" width=\"1024\" height=\"581\" srcset=\"https:\/\/revistadospneus.com\/pt\/wp-content\/uploads\/2025\/10\/Luis-Simoes-distinguida-pela-Michelin.png 1024w, https:\/\/revistadospneus.com\/pt\/wp-content\/uploads\/2025\/10\/Luis-Simoes-distinguida-pela-Michelin-300x170.png 300w, https:\/\/revistadospneus.com\/pt\/wp-content\/uploads\/2025\/10\/Luis-Simoes-distinguida-pela-Michelin-150x85.png 150w, https:\/\/revistadospneus.com\/pt\/wp-content\/uploads\/2025\/10\/Luis-Simoes-distinguida-pela-Michelin-768x436.png 768w\" sizes=\"auto, (max-width: 1024px) 100vw, 1024px\" \/><\/strong><\/p>\n<p><strong>A <a href=\"https:\/\/www.luis-simoes.com\/\" target=\"_blank\" rel=\"noopener\">Lu\u00eds Sim\u00f5es<\/a>, operador log\u00edstico de refer\u00eancia na Pen\u00ednsula Ib\u00e9rica, recebeu a Declara\u00e7\u00e3o de Gest\u00e3o Sustent\u00e1vel da <a href=\"https:\/\/www.michelin.pt\/\" target=\"_blank\" rel=\"noopener\">Michelin<\/a>, uma distin\u00e7\u00e3o que certifica a gest\u00e3o eficiente de pneus e a consequente redu\u00e7\u00e3o de emiss\u00f5es e recursos utilizados<\/strong><\/p>\n<p>A iniciativa insere-se na miss\u00e3o estrat\u00e9gica da Lu\u00eds Sim\u00f5es de oferecer servi\u00e7os de transporte e log\u00edstica descarbonizados e eficientes. Para tal, a empresa implementa a\u00e7\u00f5es e medidas na cadeia de valor e prioriza a celebra\u00e7\u00e3o de parcerias respons\u00e1veis que contribuam para um futuro com um menor impacto ambiental.<\/p>\n<p>H\u00e1 mais de uma d\u00e9cada que a Lu\u00eds Sim\u00f5es confia nos pneus recauchutados da Michelin \u2013 e, particularmente, no modelo Michelin REMIX, uma solu\u00e7\u00e3o concebida para satisfazer as exig\u00eancias atuais do setor dos transportes e minimizar a sua pegada ecol\u00f3gica. Este modelo \u00e9 utilizado por toda a frota do neg\u00f3cio de Transportes da empresa, tanto em Espanha como em Portugal, bem como pelos ve\u00edculos em regime de aluguer da RETA \u2013 a empresa do grupo Lu\u00eds Sim\u00f5es especializada na comercializa\u00e7\u00e3o, manuten\u00e7\u00e3o e repara\u00e7\u00e3o de ve\u00edculos de transporte para uso profissional, que tem vindo a expandir a sua frota de aluguer com diversas tipologias de viaturas pesadas e ligeiras.<\/p>\n<p>&#8220;O modelo REMIX n\u00e3o apenas prolonga a vida \u00fatil do produto, como tamb\u00e9m reduz o consumo de mat\u00e9rias-primas e a utiliza\u00e7\u00e3o de combust\u00edvel, favorecendo uma mobilidade mais sustent\u00e1vel&#8221;, sublinhou a empresa em comunicado.<\/p>\n<p>Gra\u00e7as a esta colabora\u00e7\u00e3o, em 2024 a Lu\u00eds Sim\u00f5es conseguiu evitar a emiss\u00e3o de 193.9 toneladas de CO2 e a utiliza\u00e7\u00e3o de 32.8 toneladas de mat\u00e9rias-primas. &#8220;Estes resultados traduzem-se numa maior efici\u00eancia operacional, numa frota mais segura e com menor impacto no ambiente, e numa menor resist\u00eancia ao rolamento, o que tem impacto direto na redu\u00e7\u00e3o do consumo de combust\u00edvel e, consequentemente, das emiss\u00f5es poluentes&#8221;, referiu.<\/p>\n<p>&#8220;Estamos orgulhosos por fazer parte de um projeto que procura estabelecer um novo padr\u00e3o no setor dos transportes. Contar com parceiros que se mant\u00eam na vanguarda da inova\u00e7\u00e3o, otimizando as opera\u00e7\u00f5es e minimizando o impacto ambiental, \u00e9 fundamental para concretizar a nossa vis\u00e3o estrat\u00e9gica e alcan\u00e7ar os objetivos do Grupo&#8221;, afirmou Fernanda Sim\u00f5es, administradora da \u00e1rea de transportes da Lu\u00eds Sim\u00f5es.<\/p>\n<p><strong>Tecnologia ao servi\u00e7o da efici\u00eancia e seguran\u00e7a<\/strong><\/p>\n<p>Adicionalmente, as instala\u00e7\u00f5es do Grupo incorporaram a tecnologia QuickScan, uma solu\u00e7\u00e3o de manuten\u00e7\u00e3o preditiva desenvolvida pela Michelin que permite um acompanhamento profissional e preciso do estado da frota. Atrav\u00e9s de bandas magn\u00e9ticas instaladas no pavimento das instala\u00e7\u00f5es da RETA, esta tecnologia consegue medir automaticamente a profundidade da borracha restante no pneu, de cada vez que um ve\u00edculo circula por cima delas.<\/p>\n<p>Gra\u00e7as a esta leitura r\u00e1pida, o sistema deteta poss\u00edveis desgastes ou anomalias e emite alertas em tempo real, facilitando interven\u00e7\u00f5es preventivas. Desta forma, a gest\u00e3o da manuten\u00e7\u00e3o \u00e9 otimizada, a efici\u00eancia operacional \u00e9 melhorada, e a frota mant\u00e9m-se mais segura e sustent\u00e1vel.<\/p>\n<p><strong>Metodologia para medir a redu\u00e7\u00e3o das emiss\u00f5es<\/strong><\/p>\n<p>Para calcular a redu\u00e7\u00e3o de emiss\u00f5es de CO2, a Michelin considerou todo o ciclo de vida dos produtos, levando a cabo a\u00e7\u00f5es de reescultura\u00e7\u00e3o e recauchutagem de pneus, de acordo com as especifica\u00e7\u00f5es t\u00e9cnicas. Estas a\u00e7\u00f5es reduzem consideravelmente o consumo de mat\u00e9rias-primas dos pneus e o consumo de combust\u00edvel dos ve\u00edculos e, consequentemente, a sua pegada de carbono.<\/p>\n<p>No caso dos pneus recauchutados MICHELIN REMIX, grande parte da estrutura original do pneu \u00e9 reutilizada. Tal permite uma economia consider\u00e1vel de mat\u00e9rias-primas e, portanto, uma menor quantidade de emiss\u00f5es associadas ao seu fabrico. Para al\u00e9m disso, o modelo oferece uma durabilidade compar\u00e1vel \u00e0 de um pneu novo da Michelin, pois utiliza praticamente a mesma mistura de materiais e mant\u00e9m o mesmo desenho na banda de rodagem. Cada pneu recauchutado permite poupar aproximadamente 50kg de mat\u00e9rias-primas; e tendo em conta que por cada quilo de mat\u00e9ria-prima poupado se evita a emiss\u00e3o de 2.3 kg de CO\u2082e, a poupan\u00e7a total pode atingir at\u00e9 115 kg de CO\u2082e por pneu.<\/p>\n<p>Por sua vez, o pneu reesculturado permite percorrer at\u00e9 25% mais quil\u00f3metros do que um pneu novo convencional, o que implica uma maior efici\u00eancia operacional. Adicionalmente, pode reduzir o consumo de combust\u00edvel em 5.6%, o que se traduz numa redu\u00e7\u00e3o m\u00e9dia de 0.3 litros por cada 100 quil\u00f3metros percorridos ao longo da vida \u00fatil do pneu, numa atividade de carga geral.<\/p>\n<!-- AddThis Advanced Settings generic via filter on the_content --><!-- AddThis Share Buttons generic via filter on the_content -->","protected":false},"excerpt":{"rendered":"<p>A Lu\u00eds Sim\u00f5es, operador log\u00edstico de refer\u00eancia na Pen\u00ednsula&#8230;<!-- AddThis Advanced Settings generic via filter on get_the_excerpt --><!-- AddThis Share Buttons generic via filter on get_the_excerpt --><\/p>\n","protected":false},"author":13,"featured_media":77120,"comment_status":"closed","ping_status":"closed","sticky":false,"template":"","format":"standard","meta":{"footnotes":""},"categories":[29],"tags":[4797,1680,4796,48,108,1922],"class_list":["post-77113","post","type-post","status-publish","format-standard","has-post-thumbnail","hentry","category-empresas","tag-declaracao-de-gestao-sustentavel","tag-distincao","tag-luis-simoes","tag-michelin","tag-pneus","tag-reducao-de-emissoes"],"yoast_head":"<!-- This site is optimized with the Yoast SEO plugin v27.5 - https:\/\/yoast.com\/product\/yoast-seo-wordpress\/ -->\n<title>Lu\u00eds Sim\u00f5es distinguida pela Michelin - Revista dos Pneus<\/title>\n<meta name=\"description\" content=\"A Lu\u00eds Sim\u00f5es recebeu a Declara\u00e7\u00e3o de Gest\u00e3o Sustent\u00e1vel da Michelin, uma distin\u00e7\u00e3o que certifica a gest\u00e3o eficiente na redu\u00e7\u00e3o de CO2\" \/>\n<meta name=\"robots\" content=\"index, follow, max-snippet:-1, max-image-preview:large, max-video-preview:-1\" \/>\n<link rel=\"canonical\" href=\"https:\/\/revistadospneus.com\/pt\/2025\/11\/04\/luis-simoes-distinguida-pela-michelin\/\" \/>\n<meta property=\"og:locale\" content=\"pt_PT\" \/>\n<meta property=\"og:type\" content=\"article\" \/>\n<meta property=\"og:title\" content=\"Lu\u00eds Sim\u00f5es distinguida pela Michelin - Revista dos Pneus\" \/>\n<meta property=\"og:description\" content=\"A Lu\u00eds Sim\u00f5es recebeu a Declara\u00e7\u00e3o de Gest\u00e3o Sustent\u00e1vel da Michelin, uma distin\u00e7\u00e3o que certifica a gest\u00e3o eficiente na redu\u00e7\u00e3o de CO2\" \/>\n<meta property=\"og:url\" content=\"https:\/\/revistadospneus.com\/pt\/2025\/11\/04\/luis-simoes-distinguida-pela-michelin\/\" \/>\n<meta property=\"og:site_name\" content=\"Revista dos Pneus\" \/>\n<meta property=\"article:publisher\" content=\"https:\/\/www.facebook.com\/revistapneus\" \/>\n<meta property=\"article:published_time\" content=\"2025-11-04T08:00:01+00:00\" \/>\n<meta property=\"og:image\" content=\"https:\/\/revistadospneus.com\/pt\/wp-content\/uploads\/2025\/10\/Luis-Simoes-distinguida-pela-Michelin.png\" \/>\n\t<meta property=\"og:image:width\" content=\"1024\" \/>\n\t<meta property=\"og:image:height\" content=\"581\" \/>\n\t<meta property=\"og:image:type\" content=\"image\/png\" \/>\n<meta name=\"author\" content=\"Reda\u00e7\u00e3o RP\" \/>\n<meta name=\"twitter:card\" content=\"summary_large_image\" \/>\n<meta name=\"twitter:creator\" content=\"@revistapneus\" \/>\n<meta name=\"twitter:site\" content=\"@revistapneus\" \/>\n<meta name=\"twitter:label1\" content=\"Escrito por\" \/>\n\t<meta name=\"twitter:data1\" content=\"Reda\u00e7\u00e3o RP\" \/>\n\t<meta name=\"twitter:label2\" content=\"Tempo estimado de leitura\" \/>\n\t<meta name=\"twitter:data2\" content=\"5 minutos\" \/>\n<script type=\"application\/ld+json\" class=\"yoast-schema-graph\">{\"@context\":\"https:\\\/\\\/schema.org\",\"@graph\":[{\"@type\":\"Article\",\"@id\":\"https:\\\/\\\/revistadospneus.com\\\/pt\\\/2025\\\/11\\\/04\\\/luis-simoes-distinguida-pela-michelin\\\/#article\",\"isPartOf\":{\"@id\":\"https:\\\/\\\/revistadospneus.com\\\/pt\\\/2025\\\/11\\\/04\\\/luis-simoes-distinguida-pela-michelin\\\/\"},\"author\":{\"name\":\"Reda\u00e7\u00e3o RP\",\"@id\":\"https:\\\/\\\/revistadospneus.com\\\/pt\\\/#\\\/schema\\\/person\\\/9c602809538a614c26e5569d14ed6442\"},\"headline\":\"Lu\u00eds Sim\u00f5es distinguida pela Michelin\",\"datePublished\":\"2025-11-04T08:00:01+00:00\",\"mainEntityOfPage\":{\"@id\":\"https:\\\/\\\/revistadospneus.com\\\/pt\\\/2025\\\/11\\\/04\\\/luis-simoes-distinguida-pela-michelin\\\/\"},\"wordCount\":799,\"publisher\":{\"@id\":\"https:\\\/\\\/revistadospneus.com\\\/pt\\\/#organization\"},\"image\":{\"@id\":\"https:\\\/\\\/revistadospneus.com\\\/pt\\\/2025\\\/11\\\/04\\\/luis-simoes-distinguida-pela-michelin\\\/#primaryimage\"},\"thumbnailUrl\":\"https:\\\/\\\/revistadospneus.com\\\/pt\\\/wp-content\\\/uploads\\\/2025\\\/10\\\/Luis-Simoes-distinguida-pela-Michelin.png\",\"keywords\":[\"Declara\u00e7\u00e3o de Gest\u00e3o Sustent\u00e1vel\",\"Distin\u00e7\u00e3o\",\"Lu\u00eds Sim\u00f5es\",\"Michelin\",\"Pneus\",\"redu\u00e7\u00e3o de emiss\u00f5es\"],\"articleSection\":[\"Empresas\"],\"inLanguage\":\"pt-PT\"},{\"@type\":\"WebPage\",\"@id\":\"https:\\\/\\\/revistadospneus.com\\\/pt\\\/2025\\\/11\\\/04\\\/luis-simoes-distinguida-pela-michelin\\\/\",\"url\":\"https:\\\/\\\/revistadospneus.com\\\/pt\\\/2025\\\/11\\\/04\\\/luis-simoes-distinguida-pela-michelin\\\/\",\"name\":\"Lu\u00eds Sim\u00f5es distinguida pela Michelin - Revista dos Pneus\",\"isPartOf\":{\"@id\":\"https:\\\/\\\/revistadospneus.com\\\/pt\\\/#website\"},\"primaryImageOfPage\":{\"@id\":\"https:\\\/\\\/revistadospneus.com\\\/pt\\\/2025\\\/11\\\/04\\\/luis-simoes-distinguida-pela-michelin\\\/#primaryimage\"},\"image\":{\"@id\":\"https:\\\/\\\/revistadospneus.com\\\/pt\\\/2025\\\/11\\\/04\\\/luis-simoes-distinguida-pela-michelin\\\/#primaryimage\"},\"thumbnailUrl\":\"https:\\\/\\\/revistadospneus.com\\\/pt\\\/wp-content\\\/uploads\\\/2025\\\/10\\\/Luis-Simoes-distinguida-pela-Michelin.png\",\"datePublished\":\"2025-11-04T08:00:01+00:00\",\"description\":\"A Lu\u00eds Sim\u00f5es recebeu a Declara\u00e7\u00e3o de Gest\u00e3o Sustent\u00e1vel da Michelin, uma distin\u00e7\u00e3o que certifica a gest\u00e3o eficiente na redu\u00e7\u00e3o de CO2\",\"breadcrumb\":{\"@id\":\"https:\\\/\\\/revistadospneus.com\\\/pt\\\/2025\\\/11\\\/04\\\/luis-simoes-distinguida-pela-michelin\\\/#breadcrumb\"},\"inLanguage\":\"pt-PT\",\"potentialAction\":[{\"@type\":\"ReadAction\",\"target\":[\"https:\\\/\\\/revistadospneus.com\\\/pt\\\/2025\\\/11\\\/04\\\/luis-simoes-distinguida-pela-michelin\\\/\"]}]},{\"@type\":\"ImageObject\",\"inLanguage\":\"pt-PT\",\"@id\":\"https:\\\/\\\/revistadospneus.com\\\/pt\\\/2025\\\/11\\\/04\\\/luis-simoes-distinguida-pela-michelin\\\/#primaryimage\",\"url\":\"https:\\\/\\\/revistadospneus.com\\\/pt\\\/wp-content\\\/uploads\\\/2025\\\/10\\\/Luis-Simoes-distinguida-pela-Michelin.png\",\"contentUrl\":\"https:\\\/\\\/revistadospneus.com\\\/pt\\\/wp-content\\\/uploads\\\/2025\\\/10\\\/Luis-Simoes-distinguida-pela-Michelin.png\",\"width\":1024,\"height\":581,\"caption\":\"10 - Luis Simoes distinguida pela Michelin\"},{\"@type\":\"BreadcrumbList\",\"@id\":\"https:\\\/\\\/revistadospneus.com\\\/pt\\\/2025\\\/11\\\/04\\\/luis-simoes-distinguida-pela-michelin\\\/#breadcrumb\",\"itemListElement\":[{\"@type\":\"ListItem\",\"position\":1,\"name\":\"In\u00edcio\",\"item\":\"https:\\\/\\\/revistadospneus.com\\\/pt\\\/\"},{\"@type\":\"ListItem\",\"position\":2,\"name\":\"Lu\u00eds Sim\u00f5es distinguida pela Michelin\"}]},{\"@type\":\"WebSite\",\"@id\":\"https:\\\/\\\/revistadospneus.com\\\/pt\\\/#website\",\"url\":\"https:\\\/\\\/revistadospneus.com\\\/pt\\\/\",\"name\":\"Revista dos Pneus\",\"description\":\"Revista independente de pneus e servi\u00e7os r\u00e1pidos\",\"publisher\":{\"@id\":\"https:\\\/\\\/revistadospneus.com\\\/pt\\\/#organization\"},\"potentialAction\":[{\"@type\":\"SearchAction\",\"target\":{\"@type\":\"EntryPoint\",\"urlTemplate\":\"https:\\\/\\\/revistadospneus.com\\\/pt\\\/?s={search_term_string}\"},\"query-input\":{\"@type\":\"PropertyValueSpecification\",\"valueRequired\":true,\"valueName\":\"search_term_string\"}}],\"inLanguage\":\"pt-PT\"},{\"@type\":\"Organization\",\"@id\":\"https:\\\/\\\/revistadospneus.com\\\/pt\\\/#organization\",\"name\":\"Revista dos Pneus\",\"url\":\"https:\\\/\\\/revistadospneus.com\\\/pt\\\/\",\"logo\":{\"@type\":\"ImageObject\",\"inLanguage\":\"pt-PT\",\"@id\":\"https:\\\/\\\/revistadospneus.com\\\/pt\\\/#\\\/schema\\\/logo\\\/image\\\/\",\"url\":\"https:\\\/\\\/revistadospneus.com\\\/pt\\\/wp-content\\\/uploads\\\/logo2-1.png\",\"contentUrl\":\"https:\\\/\\\/revistadospneus.com\\\/pt\\\/wp-content\\\/uploads\\\/logo2-1.png\",\"width\":216,\"height\":70,\"caption\":\"Revista dos Pneus\"},\"image\":{\"@id\":\"https:\\\/\\\/revistadospneus.com\\\/pt\\\/#\\\/schema\\\/logo\\\/image\\\/\"},\"sameAs\":[\"https:\\\/\\\/www.facebook.com\\\/revistapneus\",\"https:\\\/\\\/x.com\\\/revistapneus\",\"https:\\\/\\\/www.linkedin.com\\\/company\\\/jornal-das-oficinas\\\/\",\"https:\\\/\\\/www.youtube.com\\\/channel\\\/UCbQZBqtcvV-oSQrr7RzINGg\"]},{\"@type\":\"Person\",\"@id\":\"https:\\\/\\\/revistadospneus.com\\\/pt\\\/#\\\/schema\\\/person\\\/9c602809538a614c26e5569d14ed6442\",\"name\":\"Reda\u00e7\u00e3o RP\",\"image\":{\"@type\":\"ImageObject\",\"inLanguage\":\"pt-PT\",\"@id\":\"https:\\\/\\\/secure.gravatar.com\\\/avatar\\\/71f2fa71737ad68a84fea94bc708ddac8ea5b0c4788dc2ad202f3ccb2887742f?s=96&d=wp_user_avatar&r=g\",\"url\":\"https:\\\/\\\/secure.gravatar.com\\\/avatar\\\/71f2fa71737ad68a84fea94bc708ddac8ea5b0c4788dc2ad202f3ccb2887742f?s=96&d=wp_user_avatar&r=g\",\"contentUrl\":\"https:\\\/\\\/secure.gravatar.com\\\/avatar\\\/71f2fa71737ad68a84fea94bc708ddac8ea5b0c4788dc2ad202f3ccb2887742f?s=96&d=wp_user_avatar&r=g\",\"caption\":\"Reda\u00e7\u00e3o RP\"},\"url\":\"https:\\\/\\\/revistadospneus.com\\\/pt\\\/author\\\/rpredacao\\\/\"}]}<\/script>\n<!-- \/ Yoast SEO plugin. -->","yoast_head_json":{"title":"Lu\u00eds Sim\u00f5es distinguida pela Michelin - Revista dos Pneus","description":"A Lu\u00eds Sim\u00f5es recebeu a Declara\u00e7\u00e3o de Gest\u00e3o Sustent\u00e1vel da Michelin, uma distin\u00e7\u00e3o que certifica a gest\u00e3o eficiente na redu\u00e7\u00e3o de CO2","robots":{"index":"index","follow":"follow","max-snippet":"max-snippet:-1","max-image-preview":"max-image-preview:large","max-video-preview":"max-video-preview:-1"},"canonical":"https:\/\/revistadospneus.com\/pt\/2025\/11\/04\/luis-simoes-distinguida-pela-michelin\/","og_locale":"pt_PT","og_type":"article","og_title":"Lu\u00eds Sim\u00f5es distinguida pela Michelin - Revista dos Pneus","og_description":"A Lu\u00eds Sim\u00f5es recebeu a Declara\u00e7\u00e3o de Gest\u00e3o Sustent\u00e1vel da Michelin, uma distin\u00e7\u00e3o que certifica a gest\u00e3o eficiente na redu\u00e7\u00e3o de CO2","og_url":"https:\/\/revistadospneus.com\/pt\/2025\/11\/04\/luis-simoes-distinguida-pela-michelin\/","og_site_name":"Revista dos Pneus","article_publisher":"https:\/\/www.facebook.com\/revistapneus","article_published_time":"2025-11-04T08:00:01+00:00","og_image":[{"width":1024,"height":581,"url":"https:\/\/revistadospneus.com\/pt\/wp-content\/uploads\/2025\/10\/Luis-Simoes-distinguida-pela-Michelin.png","type":"image\/png"}],"author":"Reda\u00e7\u00e3o RP","twitter_card":"summary_large_image","twitter_creator":"@revistapneus","twitter_site":"@revistapneus","twitter_misc":{"Escrito por":"Reda\u00e7\u00e3o RP","Tempo estimado de leitura":"5 minutos"},"schema":{"@context":"https:\/\/schema.org","@graph":[{"@type":"Article","@id":"https:\/\/revistadospneus.com\/pt\/2025\/11\/04\/luis-simoes-distinguida-pela-michelin\/#article","isPartOf":{"@id":"https:\/\/revistadospneus.com\/pt\/2025\/11\/04\/luis-simoes-distinguida-pela-michelin\/"},"author":{"name":"Reda\u00e7\u00e3o RP","@id":"https:\/\/revistadospneus.com\/pt\/#\/schema\/person\/9c602809538a614c26e5569d14ed6442"},"headline":"Lu\u00eds Sim\u00f5es distinguida pela Michelin","datePublished":"2025-11-04T08:00:01+00:00","mainEntityOfPage":{"@id":"https:\/\/revistadospneus.com\/pt\/2025\/11\/04\/luis-simoes-distinguida-pela-michelin\/"},"wordCount":799,"publisher":{"@id":"https:\/\/revistadospneus.com\/pt\/#organization"},"image":{"@id":"https:\/\/revistadospneus.com\/pt\/2025\/11\/04\/luis-simoes-distinguida-pela-michelin\/#primaryimage"},"thumbnailUrl":"https:\/\/revistadospneus.com\/pt\/wp-content\/uploads\/2025\/10\/Luis-Simoes-distinguida-pela-Michelin.png","keywords":["Declara\u00e7\u00e3o de Gest\u00e3o Sustent\u00e1vel","Distin\u00e7\u00e3o","Lu\u00eds Sim\u00f5es","Michelin","Pneus","redu\u00e7\u00e3o de emiss\u00f5es"],"articleSection":["Empresas"],"inLanguage":"pt-PT"},{"@type":"WebPage","@id":"https:\/\/revistadospneus.com\/pt\/2025\/11\/04\/luis-simoes-distinguida-pela-michelin\/","url":"https:\/\/revistadospneus.com\/pt\/2025\/11\/04\/luis-simoes-distinguida-pela-michelin\/","name":"Lu\u00eds Sim\u00f5es distinguida pela Michelin - Revista dos Pneus","isPartOf":{"@id":"https:\/\/revistadospneus.com\/pt\/#website"},"primaryImageOfPage":{"@id":"https:\/\/revistadospneus.com\/pt\/2025\/11\/04\/luis-simoes-distinguida-pela-michelin\/#primaryimage"},"image":{"@id":"https:\/\/revistadospneus.com\/pt\/2025\/11\/04\/luis-simoes-distinguida-pela-michelin\/#primaryimage"},"thumbnailUrl":"https:\/\/revistadospneus.com\/pt\/wp-content\/uploads\/2025\/10\/Luis-Simoes-distinguida-pela-Michelin.png","datePublished":"2025-11-04T08:00:01+00:00","description":"A Lu\u00eds Sim\u00f5es recebeu a Declara\u00e7\u00e3o de Gest\u00e3o Sustent\u00e1vel da Michelin, uma distin\u00e7\u00e3o que certifica a gest\u00e3o eficiente na redu\u00e7\u00e3o de CO2","breadcrumb":{"@id":"https:\/\/revistadospneus.com\/pt\/2025\/11\/04\/luis-simoes-distinguida-pela-michelin\/#breadcrumb"},"inLanguage":"pt-PT","potentialAction":[{"@type":"ReadAction","target":["https:\/\/revistadospneus.com\/pt\/2025\/11\/04\/luis-simoes-distinguida-pela-michelin\/"]}]},{"@type":"ImageObject","inLanguage":"pt-PT","@id":"https:\/\/revistadospneus.com\/pt\/2025\/11\/04\/luis-simoes-distinguida-pela-michelin\/#primaryimage","url":"https:\/\/revistadospneus.com\/pt\/wp-content\/uploads\/2025\/10\/Luis-Simoes-distinguida-pela-Michelin.png","contentUrl":"https:\/\/revistadospneus.com\/pt\/wp-content\/uploads\/2025\/10\/Luis-Simoes-distinguida-pela-Michelin.png","width":1024,"height":581,"caption":"10 - Luis Simoes distinguida pela Michelin"},{"@type":"BreadcrumbList","@id":"https:\/\/revistadospneus.com\/pt\/2025\/11\/04\/luis-simoes-distinguida-pela-michelin\/#breadcrumb","itemListElement":[{"@type":"ListItem","position":1,"name":"In\u00edcio","item":"https:\/\/revistadospneus.com\/pt\/"},{"@type":"ListItem","position":2,"name":"Lu\u00eds Sim\u00f5es distinguida pela Michelin"}]},{"@type":"WebSite","@id":"https:\/\/revistadospneus.com\/pt\/#website","url":"https:\/\/revistadospneus.com\/pt\/","name":"Revista dos Pneus","description":"Revista independente de pneus e servi\u00e7os r\u00e1pidos","publisher":{"@id":"https:\/\/revistadospneus.com\/pt\/#organization"},"potentialAction":[{"@type":"SearchAction","target":{"@type":"EntryPoint","urlTemplate":"https:\/\/revistadospneus.com\/pt\/?s={search_term_string}"},"query-input":{"@type":"PropertyValueSpecification","valueRequired":true,"valueName":"search_term_string"}}],"inLanguage":"pt-PT"},{"@type":"Organization","@id":"https:\/\/revistadospneus.com\/pt\/#organization","name":"Revista dos Pneus","url":"https:\/\/revistadospneus.com\/pt\/","logo":{"@type":"ImageObject","inLanguage":"pt-PT","@id":"https:\/\/revistadospneus.com\/pt\/#\/schema\/logo\/image\/","url":"https:\/\/revistadospneus.com\/pt\/wp-content\/uploads\/logo2-1.png","contentUrl":"https:\/\/revistadospneus.com\/pt\/wp-content\/uploads\/logo2-1.png","width":216,"height":70,"caption":"Revista dos Pneus"},"image":{"@id":"https:\/\/revistadospneus.com\/pt\/#\/schema\/logo\/image\/"},"sameAs":["https:\/\/www.facebook.com\/revistapneus","https:\/\/x.com\/revistapneus","https:\/\/www.linkedin.com\/company\/jornal-das-oficinas\/","https:\/\/www.youtube.com\/channel\/UCbQZBqtcvV-oSQrr7RzINGg"]},{"@type":"Person","@id":"https:\/\/revistadospneus.com\/pt\/#\/schema\/person\/9c602809538a614c26e5569d14ed6442","name":"Reda\u00e7\u00e3o RP","image":{"@type":"ImageObject","inLanguage":"pt-PT","@id":"https:\/\/secure.gravatar.com\/avatar\/71f2fa71737ad68a84fea94bc708ddac8ea5b0c4788dc2ad202f3ccb2887742f?s=96&d=wp_user_avatar&r=g","url":"https:\/\/secure.gravatar.com\/avatar\/71f2fa71737ad68a84fea94bc708ddac8ea5b0c4788dc2ad202f3ccb2887742f?s=96&d=wp_user_avatar&r=g","contentUrl":"https:\/\/secure.gravatar.com\/avatar\/71f2fa71737ad68a84fea94bc708ddac8ea5b0c4788dc2ad202f3ccb2887742f?s=96&d=wp_user_avatar&r=g","caption":"Reda\u00e7\u00e3o RP"},"url":"https:\/\/revistadospneus.com\/pt\/author\/rpredacao\/"}]}},"_links":{"self":[{"href":"https:\/\/revistadospneus.com\/pt\/wp-json\/wp\/v2\/posts\/77113","targetHints":{"allow":["GET"]}}],"collection":[{"href":"https:\/\/revistadospneus.com\/pt\/wp-json\/wp\/v2\/posts"}],"about":[{"href":"https:\/\/revistadospneus.com\/pt\/wp-json\/wp\/v2\/types\/post"}],"author":[{"embeddable":true,"href":"https:\/\/revistadospneus.com\/pt\/wp-json\/wp\/v2\/users\/13"}],"replies":[{"embeddable":true,"href":"https:\/\/revistadospneus.com\/pt\/wp-json\/wp\/v2\/comments?post=77113"}],"version-history":[{"count":6,"href":"https:\/\/revistadospneus.com\/pt\/wp-json\/wp\/v2\/posts\/77113\/revisions"}],"predecessor-version":[{"id":77121,"href":"https:\/\/revistadospneus.com\/pt\/wp-json\/wp\/v2\/posts\/77113\/revisions\/77121"}],"wp:featuredmedia":[{"embeddable":true,"href":"https:\/\/revistadospneus.com\/pt\/wp-json\/wp\/v2\/media\/77120"}],"wp:attachment":[{"href":"https:\/\/revistadospneus.com\/pt\/wp-json\/wp\/v2\/media?parent=77113"}],"wp:term":[{"taxonomy":"category","embeddable":true,"href":"https:\/\/revistadospneus.com\/pt\/wp-json\/wp\/v2\/categories?post=77113"},{"taxonomy":"post_tag","embeddable":true,"href":"https:\/\/revistadospneus.com\/pt\/wp-json\/wp\/v2\/tags?post=77113"}],"curies":[{"name":"wp","href":"https:\/\/api.w.org\/{rel}","templated":true}]}}