{"id":78292,"date":"2026-03-13T08:00:32","date_gmt":"2026-03-13T08:00:32","guid":{"rendered":"https:\/\/revistadospneus.com\/pt\/?p=78292"},"modified":"2026-03-12T09:15:23","modified_gmt":"2026-03-12T09:15:23","slug":"don-tyre-passa-a-integrar-a-nex-tyres","status":"publish","type":"post","link":"https:\/\/revistadospneus.com\/pt\/2026\/03\/13\/don-tyre-passa-a-integrar-a-nex-tyres\/","title":{"rendered":"DON TYRE passa a integrar a NEX TYRES"},"content":{"rendered":"<p><strong><img loading=\"lazy\" decoding=\"async\" class=\"alignnone size-full wp-image-78301\" src=\"https:\/\/revistadospneus.com\/pt\/wp-content\/uploads\/2026\/03\/Noticia-medios-DONTYRE-ahora-es-NEX-PT-2.jpg\" alt=\"03 - Noticia medios DONTYRE ahora es NEX PT 2\" width=\"1024\" height=\"581\" srcset=\"https:\/\/revistadospneus.com\/pt\/wp-content\/uploads\/2026\/03\/Noticia-medios-DONTYRE-ahora-es-NEX-PT-2.jpg 1024w, https:\/\/revistadospneus.com\/pt\/wp-content\/uploads\/2026\/03\/Noticia-medios-DONTYRE-ahora-es-NEX-PT-2-300x170.jpg 300w, https:\/\/revistadospneus.com\/pt\/wp-content\/uploads\/2026\/03\/Noticia-medios-DONTYRE-ahora-es-NEX-PT-2-150x85.jpg 150w, https:\/\/revistadospneus.com\/pt\/wp-content\/uploads\/2026\/03\/Noticia-medios-DONTYRE-ahora-es-NEX-PT-2-768x436.jpg 768w\" sizes=\"auto, (max-width: 1024px) 100vw, 1024px\" \/><\/strong><\/p>\n<p><strong>A <a href=\"https:\/\/www.dontyre.es\/\" target=\"_blank\" rel=\"noopener\">DON TYRE<\/a> passar\u00e1 a integrar a estrutura internacional da <a href=\"https:\/\/www.nextyres.pt\/\" target=\"_blank\" rel=\"noopener\">NEX TYRES<\/a> a partir de 1 de maio, numa opera\u00e7\u00e3o que garante a continuidade da equipa e das opera\u00e7\u00f5es, ao mesmo tempo que amplia o acesso dos clientes a uma rede log\u00edstica e comercial mais abrangente<\/strong><\/p>\n<p>A DON TYRE inicia uma nova etapa ao integrar a estrutura internacional da NEX TYRES, passando a operar sob esta marca a partir de 1 de maio. A opera\u00e7\u00e3o une ambas as organiza\u00e7\u00f5es como distribuidoras internacionais de pneus multimarcas e multissegmentos.<\/p>\n<p>Segundo as empresas, a transi\u00e7\u00e3o mant\u00e9m a ess\u00eancia da DON TYRE, bem como a sua equipa e forma de trabalhar, mas passa a contar com o suporte de uma organiza\u00e7\u00e3o de maior dimens\u00e3o e alcance.<\/p>\n<p>Ao longo dos anos, a DON TYRE construiu uma s\u00f3lida reputa\u00e7\u00e3o no setor da distribui\u00e7\u00e3o de pneus, baseada na proximidade com as oficinas, na agilidade operacional e num profundo conhecimento do mercado. Esta trajet\u00f3ria e forma de entender o neg\u00f3cio encaixam-se perfeitamente na estrat\u00e9gia da NEX TYRES, centrada em proporcionar valor real aos profissionais atrav\u00e9s do servi\u00e7o, da disponibilidade e da efici\u00eancia log\u00edstica.<\/p>\n<p>Com esta integra\u00e7\u00e3o, os clientes da DON TYRE passam a fazer parte da estrutura da NEX TYRES, tendo acesso a maior capacidade de stock, uma gama mais ampla de marcas e propostas comerciais, bem como ao apoio de uma rede log\u00edstica e operacional com alcance nacional e internacional.<\/p>\n<p>A opera\u00e7\u00e3o prev\u00ea tamb\u00e9m a integra\u00e7\u00e3o completa da estrutura humana e operacional da DON TYRE, garantindo a continuidade da equipa, dos processos e do servi\u00e7o j\u00e1 conhecido pelos clientes.<\/p>\n<p>Para Txomin Castillo, diretor-geral da NEX TYRES, &#8220;a incorpora\u00e7\u00e3o da DON TYRE \u00e0 estrutura da NEX TYRES \u00e9 um passo natural dentro da nossa estrat\u00e9gia de crescimento. Partilhamos a mesma vis\u00e3o do neg\u00f3cio e uma forma muito semelhante de entender a rela\u00e7\u00e3o com a oficina.&#8221;<\/p>\n<p>J\u00e1 a dire\u00e7\u00e3o da DON TYRE sublinhou que &#8220;esta nova etapa permite dar continuidade ao nosso projeto empresarial, refor\u00e7ando a nossa proposta de valor e oferecendo aos nossos clientes uma estrutura mais s\u00f3lida, sem perder a proximidade e a forma de trabalhar que sempre nos caracterizou.&#8221;<\/p>\n<p>Com esta integra\u00e7\u00e3o, a NEX TYRES refor\u00e7a a sua presen\u00e7a no mercado espanhol, incorporando o conhecimento local e a experi\u00eancia da DON TYRE numa estrutura internacional orientada para o servi\u00e7o profissional das oficinas.<\/p>\n<!-- AddThis Advanced Settings generic via filter on the_content --><!-- AddThis Share Buttons generic via filter on the_content -->","protected":false},"excerpt":{"rendered":"<p>A DON TYRE passar\u00e1 a integrar a estrutura internacional&#8230;<!-- AddThis Advanced Settings generic via filter on get_the_excerpt --><!-- AddThis Share Buttons generic via filter on get_the_excerpt --><\/p>\n","protected":false},"author":13,"featured_media":78301,"comment_status":"closed","ping_status":"closed","sticky":false,"template":"","format":"standard","meta":{"footnotes":""},"categories":[29],"tags":[2326,5080,5083,5081,5082,945],"class_list":["post-78292","post","type-post","status-publish","format-standard","has-post-thumbnail","hentry","category-empresas","tag-distribuicao-de-pneus","tag-don-tyre","tag-eficiencia-logistica","tag-estrutura-internacional","tag-integracao","tag-nex-tyres"],"yoast_head":"<!-- This site is optimized with the Yoast SEO plugin v27.4 - https:\/\/yoast.com\/product\/yoast-seo-wordpress\/ -->\n<title>DON TYRE passa a integrar a NEX TYRES - Revista dos Pneus<\/title>\n<meta name=\"description\" content=\"A DON TYRE passar\u00e1 a integrar a estrutura internacional da NEX TYRES, numa opera\u00e7\u00e3o que garante a continuidade da equipa e das opera\u00e7\u00f5es\" \/>\n<meta name=\"robots\" content=\"index, follow, max-snippet:-1, max-image-preview:large, max-video-preview:-1\" \/>\n<link rel=\"canonical\" href=\"https:\/\/revistadospneus.com\/pt\/2026\/03\/13\/don-tyre-passa-a-integrar-a-nex-tyres\/\" \/>\n<meta property=\"og:locale\" content=\"pt_PT\" \/>\n<meta property=\"og:type\" content=\"article\" \/>\n<meta property=\"og:title\" content=\"DON TYRE passa a integrar a NEX TYRES - Revista dos Pneus\" \/>\n<meta property=\"og:description\" content=\"A DON TYRE passar\u00e1 a integrar a estrutura internacional da NEX TYRES, numa opera\u00e7\u00e3o que garante a continuidade da equipa e das opera\u00e7\u00f5es\" \/>\n<meta property=\"og:url\" content=\"https:\/\/revistadospneus.com\/pt\/2026\/03\/13\/don-tyre-passa-a-integrar-a-nex-tyres\/\" \/>\n<meta property=\"og:site_name\" content=\"Revista dos Pneus\" \/>\n<meta property=\"article:publisher\" content=\"https:\/\/www.facebook.com\/revistapneus\" \/>\n<meta property=\"article:published_time\" content=\"2026-03-13T08:00:32+00:00\" \/>\n<meta property=\"og:image\" content=\"https:\/\/revistadospneus.com\/pt\/wp-content\/uploads\/2026\/03\/Noticia-medios-DONTYRE-ahora-es-NEX-PT-2.jpg\" \/>\n\t<meta property=\"og:image:width\" content=\"1024\" \/>\n\t<meta property=\"og:image:height\" content=\"581\" \/>\n\t<meta property=\"og:image:type\" content=\"image\/jpeg\" \/>\n<meta name=\"author\" content=\"Reda\u00e7\u00e3o RP\" \/>\n<meta name=\"twitter:card\" content=\"summary_large_image\" \/>\n<meta name=\"twitter:creator\" content=\"@revistapneus\" \/>\n<meta name=\"twitter:site\" content=\"@revistapneus\" \/>\n<meta name=\"twitter:label1\" content=\"Escrito por\" \/>\n\t<meta name=\"twitter:data1\" content=\"Reda\u00e7\u00e3o RP\" \/>\n\t<meta name=\"twitter:label2\" content=\"Tempo estimado de leitura\" \/>\n\t<meta name=\"twitter:data2\" content=\"3 minutos\" \/>\n<script type=\"application\/ld+json\" class=\"yoast-schema-graph\">{\"@context\":\"https:\\\/\\\/schema.org\",\"@graph\":[{\"@type\":\"Article\",\"@id\":\"https:\\\/\\\/revistadospneus.com\\\/pt\\\/2026\\\/03\\\/13\\\/don-tyre-passa-a-integrar-a-nex-tyres\\\/#article\",\"isPartOf\":{\"@id\":\"https:\\\/\\\/revistadospneus.com\\\/pt\\\/2026\\\/03\\\/13\\\/don-tyre-passa-a-integrar-a-nex-tyres\\\/\"},\"author\":{\"name\":\"Reda\u00e7\u00e3o RP\",\"@id\":\"https:\\\/\\\/revistadospneus.com\\\/pt\\\/#\\\/schema\\\/person\\\/9c602809538a614c26e5569d14ed6442\"},\"headline\":\"DON TYRE passa a integrar a NEX TYRES\",\"datePublished\":\"2026-03-13T08:00:32+00:00\",\"mainEntityOfPage\":{\"@id\":\"https:\\\/\\\/revistadospneus.com\\\/pt\\\/2026\\\/03\\\/13\\\/don-tyre-passa-a-integrar-a-nex-tyres\\\/\"},\"wordCount\":429,\"publisher\":{\"@id\":\"https:\\\/\\\/revistadospneus.com\\\/pt\\\/#organization\"},\"image\":{\"@id\":\"https:\\\/\\\/revistadospneus.com\\\/pt\\\/2026\\\/03\\\/13\\\/don-tyre-passa-a-integrar-a-nex-tyres\\\/#primaryimage\"},\"thumbnailUrl\":\"https:\\\/\\\/revistadospneus.com\\\/pt\\\/wp-content\\\/uploads\\\/2026\\\/03\\\/Noticia-medios-DONTYRE-ahora-es-NEX-PT-2.jpg\",\"keywords\":[\"distribui\u00e7\u00e3o de pneus\",\"DON TYRE\",\"efici\u00eancia log\u00edstica\",\"estrutura internacional\",\"integra\u00e7\u00e3o\",\"NEX Tyres\"],\"articleSection\":[\"Empresas\"],\"inLanguage\":\"pt-PT\"},{\"@type\":\"WebPage\",\"@id\":\"https:\\\/\\\/revistadospneus.com\\\/pt\\\/2026\\\/03\\\/13\\\/don-tyre-passa-a-integrar-a-nex-tyres\\\/\",\"url\":\"https:\\\/\\\/revistadospneus.com\\\/pt\\\/2026\\\/03\\\/13\\\/don-tyre-passa-a-integrar-a-nex-tyres\\\/\",\"name\":\"DON TYRE passa a integrar a NEX TYRES - Revista dos Pneus\",\"isPartOf\":{\"@id\":\"https:\\\/\\\/revistadospneus.com\\\/pt\\\/#website\"},\"primaryImageOfPage\":{\"@id\":\"https:\\\/\\\/revistadospneus.com\\\/pt\\\/2026\\\/03\\\/13\\\/don-tyre-passa-a-integrar-a-nex-tyres\\\/#primaryimage\"},\"image\":{\"@id\":\"https:\\\/\\\/revistadospneus.com\\\/pt\\\/2026\\\/03\\\/13\\\/don-tyre-passa-a-integrar-a-nex-tyres\\\/#primaryimage\"},\"thumbnailUrl\":\"https:\\\/\\\/revistadospneus.com\\\/pt\\\/wp-content\\\/uploads\\\/2026\\\/03\\\/Noticia-medios-DONTYRE-ahora-es-NEX-PT-2.jpg\",\"datePublished\":\"2026-03-13T08:00:32+00:00\",\"description\":\"A DON TYRE passar\u00e1 a integrar a estrutura internacional da NEX TYRES, numa opera\u00e7\u00e3o que garante a continuidade da equipa e das opera\u00e7\u00f5es\",\"breadcrumb\":{\"@id\":\"https:\\\/\\\/revistadospneus.com\\\/pt\\\/2026\\\/03\\\/13\\\/don-tyre-passa-a-integrar-a-nex-tyres\\\/#breadcrumb\"},\"inLanguage\":\"pt-PT\",\"potentialAction\":[{\"@type\":\"ReadAction\",\"target\":[\"https:\\\/\\\/revistadospneus.com\\\/pt\\\/2026\\\/03\\\/13\\\/don-tyre-passa-a-integrar-a-nex-tyres\\\/\"]}]},{\"@type\":\"ImageObject\",\"inLanguage\":\"pt-PT\",\"@id\":\"https:\\\/\\\/revistadospneus.com\\\/pt\\\/2026\\\/03\\\/13\\\/don-tyre-passa-a-integrar-a-nex-tyres\\\/#primaryimage\",\"url\":\"https:\\\/\\\/revistadospneus.com\\\/pt\\\/wp-content\\\/uploads\\\/2026\\\/03\\\/Noticia-medios-DONTYRE-ahora-es-NEX-PT-2.jpg\",\"contentUrl\":\"https:\\\/\\\/revistadospneus.com\\\/pt\\\/wp-content\\\/uploads\\\/2026\\\/03\\\/Noticia-medios-DONTYRE-ahora-es-NEX-PT-2.jpg\",\"width\":1024,\"height\":581,\"caption\":\"03 - Noticia medios DONTYRE ahora es NEX PT 2\"},{\"@type\":\"BreadcrumbList\",\"@id\":\"https:\\\/\\\/revistadospneus.com\\\/pt\\\/2026\\\/03\\\/13\\\/don-tyre-passa-a-integrar-a-nex-tyres\\\/#breadcrumb\",\"itemListElement\":[{\"@type\":\"ListItem\",\"position\":1,\"name\":\"In\u00edcio\",\"item\":\"https:\\\/\\\/revistadospneus.com\\\/pt\\\/\"},{\"@type\":\"ListItem\",\"position\":2,\"name\":\"DON TYRE passa a integrar a NEX TYRES\"}]},{\"@type\":\"WebSite\",\"@id\":\"https:\\\/\\\/revistadospneus.com\\\/pt\\\/#website\",\"url\":\"https:\\\/\\\/revistadospneus.com\\\/pt\\\/\",\"name\":\"Revista dos Pneus\",\"description\":\"Revista independente de pneus e servi\u00e7os r\u00e1pidos\",\"publisher\":{\"@id\":\"https:\\\/\\\/revistadospneus.com\\\/pt\\\/#organization\"},\"potentialAction\":[{\"@type\":\"SearchAction\",\"target\":{\"@type\":\"EntryPoint\",\"urlTemplate\":\"https:\\\/\\\/revistadospneus.com\\\/pt\\\/?s={search_term_string}\"},\"query-input\":{\"@type\":\"PropertyValueSpecification\",\"valueRequired\":true,\"valueName\":\"search_term_string\"}}],\"inLanguage\":\"pt-PT\"},{\"@type\":\"Organization\",\"@id\":\"https:\\\/\\\/revistadospneus.com\\\/pt\\\/#organization\",\"name\":\"Revista dos Pneus\",\"url\":\"https:\\\/\\\/revistadospneus.com\\\/pt\\\/\",\"logo\":{\"@type\":\"ImageObject\",\"inLanguage\":\"pt-PT\",\"@id\":\"https:\\\/\\\/revistadospneus.com\\\/pt\\\/#\\\/schema\\\/logo\\\/image\\\/\",\"url\":\"https:\\\/\\\/revistadospneus.com\\\/pt\\\/wp-content\\\/uploads\\\/logo2-1.png\",\"contentUrl\":\"https:\\\/\\\/revistadospneus.com\\\/pt\\\/wp-content\\\/uploads\\\/logo2-1.png\",\"width\":216,\"height\":70,\"caption\":\"Revista dos Pneus\"},\"image\":{\"@id\":\"https:\\\/\\\/revistadospneus.com\\\/pt\\\/#\\\/schema\\\/logo\\\/image\\\/\"},\"sameAs\":[\"https:\\\/\\\/www.facebook.com\\\/revistapneus\",\"https:\\\/\\\/x.com\\\/revistapneus\",\"https:\\\/\\\/www.linkedin.com\\\/company\\\/jornal-das-oficinas\\\/\",\"https:\\\/\\\/www.youtube.com\\\/channel\\\/UCbQZBqtcvV-oSQrr7RzINGg\"]},{\"@type\":\"Person\",\"@id\":\"https:\\\/\\\/revistadospneus.com\\\/pt\\\/#\\\/schema\\\/person\\\/9c602809538a614c26e5569d14ed6442\",\"name\":\"Reda\u00e7\u00e3o RP\",\"image\":{\"@type\":\"ImageObject\",\"inLanguage\":\"pt-PT\",\"@id\":\"https:\\\/\\\/secure.gravatar.com\\\/avatar\\\/71f2fa71737ad68a84fea94bc708ddac8ea5b0c4788dc2ad202f3ccb2887742f?s=96&d=wp_user_avatar&r=g\",\"url\":\"https:\\\/\\\/secure.gravatar.com\\\/avatar\\\/71f2fa71737ad68a84fea94bc708ddac8ea5b0c4788dc2ad202f3ccb2887742f?s=96&d=wp_user_avatar&r=g\",\"contentUrl\":\"https:\\\/\\\/secure.gravatar.com\\\/avatar\\\/71f2fa71737ad68a84fea94bc708ddac8ea5b0c4788dc2ad202f3ccb2887742f?s=96&d=wp_user_avatar&r=g\",\"caption\":\"Reda\u00e7\u00e3o RP\"},\"url\":\"https:\\\/\\\/revistadospneus.com\\\/pt\\\/author\\\/rpredacao\\\/\"}]}<\/script>\n<!-- \/ Yoast SEO plugin. -->","yoast_head_json":{"title":"DON TYRE passa a integrar a NEX TYRES - Revista dos Pneus","description":"A DON TYRE passar\u00e1 a integrar a estrutura internacional da NEX TYRES, numa opera\u00e7\u00e3o que garante a continuidade da equipa e das opera\u00e7\u00f5es","robots":{"index":"index","follow":"follow","max-snippet":"max-snippet:-1","max-image-preview":"max-image-preview:large","max-video-preview":"max-video-preview:-1"},"canonical":"https:\/\/revistadospneus.com\/pt\/2026\/03\/13\/don-tyre-passa-a-integrar-a-nex-tyres\/","og_locale":"pt_PT","og_type":"article","og_title":"DON TYRE passa a integrar a NEX TYRES - Revista dos Pneus","og_description":"A DON TYRE passar\u00e1 a integrar a estrutura internacional da NEX TYRES, numa opera\u00e7\u00e3o que garante a continuidade da equipa e das opera\u00e7\u00f5es","og_url":"https:\/\/revistadospneus.com\/pt\/2026\/03\/13\/don-tyre-passa-a-integrar-a-nex-tyres\/","og_site_name":"Revista dos Pneus","article_publisher":"https:\/\/www.facebook.com\/revistapneus","article_published_time":"2026-03-13T08:00:32+00:00","og_image":[{"width":1024,"height":581,"url":"https:\/\/revistadospneus.com\/pt\/wp-content\/uploads\/2026\/03\/Noticia-medios-DONTYRE-ahora-es-NEX-PT-2.jpg","type":"image\/jpeg"}],"author":"Reda\u00e7\u00e3o RP","twitter_card":"summary_large_image","twitter_creator":"@revistapneus","twitter_site":"@revistapneus","twitter_misc":{"Escrito por":"Reda\u00e7\u00e3o RP","Tempo estimado de leitura":"3 minutos"},"schema":{"@context":"https:\/\/schema.org","@graph":[{"@type":"Article","@id":"https:\/\/revistadospneus.com\/pt\/2026\/03\/13\/don-tyre-passa-a-integrar-a-nex-tyres\/#article","isPartOf":{"@id":"https:\/\/revistadospneus.com\/pt\/2026\/03\/13\/don-tyre-passa-a-integrar-a-nex-tyres\/"},"author":{"name":"Reda\u00e7\u00e3o RP","@id":"https:\/\/revistadospneus.com\/pt\/#\/schema\/person\/9c602809538a614c26e5569d14ed6442"},"headline":"DON TYRE passa a integrar a NEX TYRES","datePublished":"2026-03-13T08:00:32+00:00","mainEntityOfPage":{"@id":"https:\/\/revistadospneus.com\/pt\/2026\/03\/13\/don-tyre-passa-a-integrar-a-nex-tyres\/"},"wordCount":429,"publisher":{"@id":"https:\/\/revistadospneus.com\/pt\/#organization"},"image":{"@id":"https:\/\/revistadospneus.com\/pt\/2026\/03\/13\/don-tyre-passa-a-integrar-a-nex-tyres\/#primaryimage"},"thumbnailUrl":"https:\/\/revistadospneus.com\/pt\/wp-content\/uploads\/2026\/03\/Noticia-medios-DONTYRE-ahora-es-NEX-PT-2.jpg","keywords":["distribui\u00e7\u00e3o de pneus","DON TYRE","efici\u00eancia log\u00edstica","estrutura internacional","integra\u00e7\u00e3o","NEX Tyres"],"articleSection":["Empresas"],"inLanguage":"pt-PT"},{"@type":"WebPage","@id":"https:\/\/revistadospneus.com\/pt\/2026\/03\/13\/don-tyre-passa-a-integrar-a-nex-tyres\/","url":"https:\/\/revistadospneus.com\/pt\/2026\/03\/13\/don-tyre-passa-a-integrar-a-nex-tyres\/","name":"DON TYRE passa a integrar a NEX TYRES - Revista dos Pneus","isPartOf":{"@id":"https:\/\/revistadospneus.com\/pt\/#website"},"primaryImageOfPage":{"@id":"https:\/\/revistadospneus.com\/pt\/2026\/03\/13\/don-tyre-passa-a-integrar-a-nex-tyres\/#primaryimage"},"image":{"@id":"https:\/\/revistadospneus.com\/pt\/2026\/03\/13\/don-tyre-passa-a-integrar-a-nex-tyres\/#primaryimage"},"thumbnailUrl":"https:\/\/revistadospneus.com\/pt\/wp-content\/uploads\/2026\/03\/Noticia-medios-DONTYRE-ahora-es-NEX-PT-2.jpg","datePublished":"2026-03-13T08:00:32+00:00","description":"A DON TYRE passar\u00e1 a integrar a estrutura internacional da NEX TYRES, numa opera\u00e7\u00e3o que garante a continuidade da equipa e das opera\u00e7\u00f5es","breadcrumb":{"@id":"https:\/\/revistadospneus.com\/pt\/2026\/03\/13\/don-tyre-passa-a-integrar-a-nex-tyres\/#breadcrumb"},"inLanguage":"pt-PT","potentialAction":[{"@type":"ReadAction","target":["https:\/\/revistadospneus.com\/pt\/2026\/03\/13\/don-tyre-passa-a-integrar-a-nex-tyres\/"]}]},{"@type":"ImageObject","inLanguage":"pt-PT","@id":"https:\/\/revistadospneus.com\/pt\/2026\/03\/13\/don-tyre-passa-a-integrar-a-nex-tyres\/#primaryimage","url":"https:\/\/revistadospneus.com\/pt\/wp-content\/uploads\/2026\/03\/Noticia-medios-DONTYRE-ahora-es-NEX-PT-2.jpg","contentUrl":"https:\/\/revistadospneus.com\/pt\/wp-content\/uploads\/2026\/03\/Noticia-medios-DONTYRE-ahora-es-NEX-PT-2.jpg","width":1024,"height":581,"caption":"03 - Noticia medios DONTYRE ahora es NEX PT 2"},{"@type":"BreadcrumbList","@id":"https:\/\/revistadospneus.com\/pt\/2026\/03\/13\/don-tyre-passa-a-integrar-a-nex-tyres\/#breadcrumb","itemListElement":[{"@type":"ListItem","position":1,"name":"In\u00edcio","item":"https:\/\/revistadospneus.com\/pt\/"},{"@type":"ListItem","position":2,"name":"DON TYRE passa a integrar a NEX TYRES"}]},{"@type":"WebSite","@id":"https:\/\/revistadospneus.com\/pt\/#website","url":"https:\/\/revistadospneus.com\/pt\/","name":"Revista dos Pneus","description":"Revista independente de pneus e servi\u00e7os r\u00e1pidos","publisher":{"@id":"https:\/\/revistadospneus.com\/pt\/#organization"},"potentialAction":[{"@type":"SearchAction","target":{"@type":"EntryPoint","urlTemplate":"https:\/\/revistadospneus.com\/pt\/?s={search_term_string}"},"query-input":{"@type":"PropertyValueSpecification","valueRequired":true,"valueName":"search_term_string"}}],"inLanguage":"pt-PT"},{"@type":"Organization","@id":"https:\/\/revistadospneus.com\/pt\/#organization","name":"Revista dos Pneus","url":"https:\/\/revistadospneus.com\/pt\/","logo":{"@type":"ImageObject","inLanguage":"pt-PT","@id":"https:\/\/revistadospneus.com\/pt\/#\/schema\/logo\/image\/","url":"https:\/\/revistadospneus.com\/pt\/wp-content\/uploads\/logo2-1.png","contentUrl":"https:\/\/revistadospneus.com\/pt\/wp-content\/uploads\/logo2-1.png","width":216,"height":70,"caption":"Revista dos Pneus"},"image":{"@id":"https:\/\/revistadospneus.com\/pt\/#\/schema\/logo\/image\/"},"sameAs":["https:\/\/www.facebook.com\/revistapneus","https:\/\/x.com\/revistapneus","https:\/\/www.linkedin.com\/company\/jornal-das-oficinas\/","https:\/\/www.youtube.com\/channel\/UCbQZBqtcvV-oSQrr7RzINGg"]},{"@type":"Person","@id":"https:\/\/revistadospneus.com\/pt\/#\/schema\/person\/9c602809538a614c26e5569d14ed6442","name":"Reda\u00e7\u00e3o RP","image":{"@type":"ImageObject","inLanguage":"pt-PT","@id":"https:\/\/secure.gravatar.com\/avatar\/71f2fa71737ad68a84fea94bc708ddac8ea5b0c4788dc2ad202f3ccb2887742f?s=96&d=wp_user_avatar&r=g","url":"https:\/\/secure.gravatar.com\/avatar\/71f2fa71737ad68a84fea94bc708ddac8ea5b0c4788dc2ad202f3ccb2887742f?s=96&d=wp_user_avatar&r=g","contentUrl":"https:\/\/secure.gravatar.com\/avatar\/71f2fa71737ad68a84fea94bc708ddac8ea5b0c4788dc2ad202f3ccb2887742f?s=96&d=wp_user_avatar&r=g","caption":"Reda\u00e7\u00e3o RP"},"url":"https:\/\/revistadospneus.com\/pt\/author\/rpredacao\/"}]}},"_links":{"self":[{"href":"https:\/\/revistadospneus.com\/pt\/wp-json\/wp\/v2\/posts\/78292","targetHints":{"allow":["GET"]}}],"collection":[{"href":"https:\/\/revistadospneus.com\/pt\/wp-json\/wp\/v2\/posts"}],"about":[{"href":"https:\/\/revistadospneus.com\/pt\/wp-json\/wp\/v2\/types\/post"}],"author":[{"embeddable":true,"href":"https:\/\/revistadospneus.com\/pt\/wp-json\/wp\/v2\/users\/13"}],"replies":[{"embeddable":true,"href":"https:\/\/revistadospneus.com\/pt\/wp-json\/wp\/v2\/comments?post=78292"}],"version-history":[{"count":8,"href":"https:\/\/revistadospneus.com\/pt\/wp-json\/wp\/v2\/posts\/78292\/revisions"}],"predecessor-version":[{"id":78302,"href":"https:\/\/revistadospneus.com\/pt\/wp-json\/wp\/v2\/posts\/78292\/revisions\/78302"}],"wp:featuredmedia":[{"embeddable":true,"href":"https:\/\/revistadospneus.com\/pt\/wp-json\/wp\/v2\/media\/78301"}],"wp:attachment":[{"href":"https:\/\/revistadospneus.com\/pt\/wp-json\/wp\/v2\/media?parent=78292"}],"wp:term":[{"taxonomy":"category","embeddable":true,"href":"https:\/\/revistadospneus.com\/pt\/wp-json\/wp\/v2\/categories?post=78292"},{"taxonomy":"post_tag","embeddable":true,"href":"https:\/\/revistadospneus.com\/pt\/wp-json\/wp\/v2\/tags?post=78292"}],"curies":[{"name":"wp","href":"https:\/\/api.w.org\/{rel}","templated":true}]}}