{"id":78477,"date":"2026-04-02T08:00:36","date_gmt":"2026-04-02T07:00:36","guid":{"rendered":"https:\/\/revistadospneus.com\/pt\/?p=78477"},"modified":"2026-04-01T13:31:06","modified_gmt":"2026-04-01T12:31:06","slug":"nex-tyres-renova-identidade-corporativa","status":"publish","type":"post","link":"https:\/\/revistadospneus.com\/pt\/2026\/04\/02\/nex-tyres-renova-identidade-corporativa\/","title":{"rendered":"NEX Tyres renova identidade corporativa"},"content":{"rendered":"<p><img loading=\"lazy\" decoding=\"async\" class=\"alignnone size-full wp-image-78476\" src=\"https:\/\/revistadospneus.com\/pt\/wp-content\/uploads\/2026\/03\/Press-Release-Nex-new-logo-2026.jpg\" alt=\"\" width=\"1024\" height=\"580\" srcset=\"https:\/\/revistadospneus.com\/pt\/wp-content\/uploads\/2026\/03\/Press-Release-Nex-new-logo-2026.jpg 1024w, https:\/\/revistadospneus.com\/pt\/wp-content\/uploads\/2026\/03\/Press-Release-Nex-new-logo-2026-300x170.jpg 300w, https:\/\/revistadospneus.com\/pt\/wp-content\/uploads\/2026\/03\/Press-Release-Nex-new-logo-2026-150x85.jpg 150w, https:\/\/revistadospneus.com\/pt\/wp-content\/uploads\/2026\/03\/Press-Release-Nex-new-logo-2026-768x435.jpg 768w\" sizes=\"auto, (max-width: 1024px) 100vw, 1024px\" \/><\/p>\n<p><strong>A <a href=\"https:\/\/www.nextyres.pt\/\" target=\"_blank\" rel=\"noopener\">NEX Tyres<\/a> apresentou uma nova identidade visual, refletindo o crescimento da empresa e a sua evolu\u00e7\u00e3o no setor, marcada por recentes aquisi\u00e7\u00f5es estrat\u00e9gicas<\/strong><\/p>\n<p>A renova\u00e7\u00e3o do log\u00f3tipo e do universo visual da marca responde \u00e0 transforma\u00e7\u00e3o que a empresa tem vivido, consolidando a sua posi\u00e7\u00e3o no mercado e ampliando a sua estrutura com recentes incorpora\u00e7\u00f5es estrat\u00e9gicas, como a aquisi\u00e7\u00e3o das empresas Palacios e Don Tyre.<\/p>\n<p>Um dos elementos mais destacados desta nova identidade \u00e9 a evolu\u00e7\u00e3o da sua paleta de cores. A NEX TYRES abandona o caracter\u00edstico verde fluorescente que definiu a sua imagem durante anos para adotar tons azuis mais equilibrados e visualmente confort\u00e1veis, alinhados com uma marca mais madura, s\u00f3lida e profissional.<\/p>\n<p>Al\u00e9m disso, o redesenho introduz uma mudan\u00e7a significativa no s\u00edmbolo da empresa: o &#8220;X&#8221; da NEX. At\u00e9 agora orientado para a direita como representa\u00e7\u00e3o de avan\u00e7o, a nova vers\u00e3o aponta para cima, simbolizando o crescimento da empresa e a sua ambi\u00e7\u00e3o de continuar a expandir-se no mercado.<\/p>\n<p>&#8220;Esta mudan\u00e7a de identidade n\u00e3o \u00e9 apenas est\u00e9tica, mas representa o momento atual da empresa: uma organiza\u00e7\u00e3o em plena evolu\u00e7\u00e3o, que continua a refor\u00e7ar a sua presen\u00e7a no setor e a ampliar a sua proposta de valor para clientes e colaboradores a n\u00edvel internacional&#8221;, explicou a NEX TYRES.<\/p>\n<p>Com esta nova imagem, a empresa reafirma o seu compromisso com o futuro e com um projeto empresarial que continua a crescer e a adaptar-se aos desafios de um mercado cada vez mais din\u00e2mico.<\/p>\n<!-- AddThis Advanced Settings generic via filter on the_content --><!-- AddThis Share Buttons generic via filter on the_content -->","protected":false},"excerpt":{"rendered":"<p>A NEX Tyres apresentou uma nova identidade visual, refletindo&#8230;<!-- AddThis Advanced Settings generic via filter on get_the_excerpt --><!-- AddThis Share Buttons generic via filter on get_the_excerpt --><\/p>\n","protected":false},"author":13,"featured_media":78476,"comment_status":"closed","ping_status":"closed","sticky":false,"template":"","format":"standard","meta":{"footnotes":""},"categories":[29],"tags":[5122,5124,945,3447,5123],"class_list":["post-78477","post","type-post","status-publish","format-standard","has-post-thumbnail","hentry","category-empresas","tag-identidade-corporativa","tag-incorporacoes-estrategicas","tag-nex-tyres","tag-nova-imagem","tag-renovacao-do-logotipo"],"yoast_head":"<!-- This site is optimized with the Yoast SEO plugin v27.5 - https:\/\/yoast.com\/product\/yoast-seo-wordpress\/ -->\n<title>NEX Tyres renova identidade corporativa - Revista dos Pneus<\/title>\n<meta name=\"description\" content=\"A NEX Tyres apresentou uma nova identidade visual, refletindo o crescimento da empresa e a sua evolu\u00e7\u00e3o no setor\" \/>\n<meta name=\"robots\" content=\"index, follow, max-snippet:-1, max-image-preview:large, max-video-preview:-1\" \/>\n<link rel=\"canonical\" href=\"https:\/\/revistadospneus.com\/pt\/2026\/04\/02\/nex-tyres-renova-identidade-corporativa\/\" \/>\n<meta property=\"og:locale\" content=\"pt_PT\" \/>\n<meta property=\"og:type\" content=\"article\" \/>\n<meta property=\"og:title\" content=\"NEX Tyres renova identidade corporativa - Revista dos Pneus\" \/>\n<meta property=\"og:description\" content=\"A NEX Tyres apresentou uma nova identidade visual, refletindo o crescimento da empresa e a sua evolu\u00e7\u00e3o no setor\" \/>\n<meta property=\"og:url\" content=\"https:\/\/revistadospneus.com\/pt\/2026\/04\/02\/nex-tyres-renova-identidade-corporativa\/\" \/>\n<meta property=\"og:site_name\" content=\"Revista dos Pneus\" \/>\n<meta property=\"article:publisher\" content=\"https:\/\/www.facebook.com\/revistapneus\" \/>\n<meta property=\"article:published_time\" content=\"2026-04-02T07:00:36+00:00\" \/>\n<meta property=\"og:image\" content=\"https:\/\/revistadospneus.com\/pt\/wp-content\/uploads\/2026\/03\/Press-Release-Nex-new-logo-2026.jpg\" \/>\n\t<meta property=\"og:image:width\" content=\"1024\" \/>\n\t<meta property=\"og:image:height\" content=\"580\" \/>\n\t<meta property=\"og:image:type\" content=\"image\/jpeg\" \/>\n<meta name=\"author\" content=\"Reda\u00e7\u00e3o RP\" \/>\n<meta name=\"twitter:card\" content=\"summary_large_image\" \/>\n<meta name=\"twitter:creator\" content=\"@revistapneus\" \/>\n<meta name=\"twitter:site\" content=\"@revistapneus\" \/>\n<meta name=\"twitter:label1\" content=\"Escrito por\" \/>\n\t<meta name=\"twitter:data1\" content=\"Reda\u00e7\u00e3o RP\" \/>\n\t<meta name=\"twitter:label2\" content=\"Tempo estimado de leitura\" \/>\n\t<meta name=\"twitter:data2\" content=\"2 minutos\" \/>\n<script type=\"application\/ld+json\" class=\"yoast-schema-graph\">{\"@context\":\"https:\\\/\\\/schema.org\",\"@graph\":[{\"@type\":\"Article\",\"@id\":\"https:\\\/\\\/revistadospneus.com\\\/pt\\\/2026\\\/04\\\/02\\\/nex-tyres-renova-identidade-corporativa\\\/#article\",\"isPartOf\":{\"@id\":\"https:\\\/\\\/revistadospneus.com\\\/pt\\\/2026\\\/04\\\/02\\\/nex-tyres-renova-identidade-corporativa\\\/\"},\"author\":{\"name\":\"Reda\u00e7\u00e3o RP\",\"@id\":\"https:\\\/\\\/revistadospneus.com\\\/pt\\\/#\\\/schema\\\/person\\\/9c602809538a614c26e5569d14ed6442\"},\"headline\":\"NEX Tyres renova identidade corporativa\",\"datePublished\":\"2026-04-02T07:00:36+00:00\",\"mainEntityOfPage\":{\"@id\":\"https:\\\/\\\/revistadospneus.com\\\/pt\\\/2026\\\/04\\\/02\\\/nex-tyres-renova-identidade-corporativa\\\/\"},\"wordCount\":276,\"publisher\":{\"@id\":\"https:\\\/\\\/revistadospneus.com\\\/pt\\\/#organization\"},\"image\":{\"@id\":\"https:\\\/\\\/revistadospneus.com\\\/pt\\\/2026\\\/04\\\/02\\\/nex-tyres-renova-identidade-corporativa\\\/#primaryimage\"},\"thumbnailUrl\":\"https:\\\/\\\/revistadospneus.com\\\/pt\\\/wp-content\\\/uploads\\\/2026\\\/03\\\/Press-Release-Nex-new-logo-2026.jpg\",\"keywords\":[\"identidade corporativa\",\"incorpora\u00e7\u00f5es estrat\u00e9gicas\",\"NEX Tyres\",\"nova imagem\",\"renova\u00e7\u00e3o do log\u00f3tipo\"],\"articleSection\":[\"Empresas\"],\"inLanguage\":\"pt-PT\"},{\"@type\":\"WebPage\",\"@id\":\"https:\\\/\\\/revistadospneus.com\\\/pt\\\/2026\\\/04\\\/02\\\/nex-tyres-renova-identidade-corporativa\\\/\",\"url\":\"https:\\\/\\\/revistadospneus.com\\\/pt\\\/2026\\\/04\\\/02\\\/nex-tyres-renova-identidade-corporativa\\\/\",\"name\":\"NEX Tyres renova identidade corporativa - Revista dos Pneus\",\"isPartOf\":{\"@id\":\"https:\\\/\\\/revistadospneus.com\\\/pt\\\/#website\"},\"primaryImageOfPage\":{\"@id\":\"https:\\\/\\\/revistadospneus.com\\\/pt\\\/2026\\\/04\\\/02\\\/nex-tyres-renova-identidade-corporativa\\\/#primaryimage\"},\"image\":{\"@id\":\"https:\\\/\\\/revistadospneus.com\\\/pt\\\/2026\\\/04\\\/02\\\/nex-tyres-renova-identidade-corporativa\\\/#primaryimage\"},\"thumbnailUrl\":\"https:\\\/\\\/revistadospneus.com\\\/pt\\\/wp-content\\\/uploads\\\/2026\\\/03\\\/Press-Release-Nex-new-logo-2026.jpg\",\"datePublished\":\"2026-04-02T07:00:36+00:00\",\"description\":\"A NEX Tyres apresentou uma nova identidade visual, refletindo o crescimento da empresa e a sua evolu\u00e7\u00e3o no setor\",\"breadcrumb\":{\"@id\":\"https:\\\/\\\/revistadospneus.com\\\/pt\\\/2026\\\/04\\\/02\\\/nex-tyres-renova-identidade-corporativa\\\/#breadcrumb\"},\"inLanguage\":\"pt-PT\",\"potentialAction\":[{\"@type\":\"ReadAction\",\"target\":[\"https:\\\/\\\/revistadospneus.com\\\/pt\\\/2026\\\/04\\\/02\\\/nex-tyres-renova-identidade-corporativa\\\/\"]}]},{\"@type\":\"ImageObject\",\"inLanguage\":\"pt-PT\",\"@id\":\"https:\\\/\\\/revistadospneus.com\\\/pt\\\/2026\\\/04\\\/02\\\/nex-tyres-renova-identidade-corporativa\\\/#primaryimage\",\"url\":\"https:\\\/\\\/revistadospneus.com\\\/pt\\\/wp-content\\\/uploads\\\/2026\\\/03\\\/Press-Release-Nex-new-logo-2026.jpg\",\"contentUrl\":\"https:\\\/\\\/revistadospneus.com\\\/pt\\\/wp-content\\\/uploads\\\/2026\\\/03\\\/Press-Release-Nex-new-logo-2026.jpg\",\"width\":1024,\"height\":580},{\"@type\":\"BreadcrumbList\",\"@id\":\"https:\\\/\\\/revistadospneus.com\\\/pt\\\/2026\\\/04\\\/02\\\/nex-tyres-renova-identidade-corporativa\\\/#breadcrumb\",\"itemListElement\":[{\"@type\":\"ListItem\",\"position\":1,\"name\":\"In\u00edcio\",\"item\":\"https:\\\/\\\/revistadospneus.com\\\/pt\\\/\"},{\"@type\":\"ListItem\",\"position\":2,\"name\":\"NEX Tyres renova identidade corporativa\"}]},{\"@type\":\"WebSite\",\"@id\":\"https:\\\/\\\/revistadospneus.com\\\/pt\\\/#website\",\"url\":\"https:\\\/\\\/revistadospneus.com\\\/pt\\\/\",\"name\":\"Revista dos Pneus\",\"description\":\"Revista independente de pneus e servi\u00e7os r\u00e1pidos\",\"publisher\":{\"@id\":\"https:\\\/\\\/revistadospneus.com\\\/pt\\\/#organization\"},\"potentialAction\":[{\"@type\":\"SearchAction\",\"target\":{\"@type\":\"EntryPoint\",\"urlTemplate\":\"https:\\\/\\\/revistadospneus.com\\\/pt\\\/?s={search_term_string}\"},\"query-input\":{\"@type\":\"PropertyValueSpecification\",\"valueRequired\":true,\"valueName\":\"search_term_string\"}}],\"inLanguage\":\"pt-PT\"},{\"@type\":\"Organization\",\"@id\":\"https:\\\/\\\/revistadospneus.com\\\/pt\\\/#organization\",\"name\":\"Revista dos Pneus\",\"url\":\"https:\\\/\\\/revistadospneus.com\\\/pt\\\/\",\"logo\":{\"@type\":\"ImageObject\",\"inLanguage\":\"pt-PT\",\"@id\":\"https:\\\/\\\/revistadospneus.com\\\/pt\\\/#\\\/schema\\\/logo\\\/image\\\/\",\"url\":\"https:\\\/\\\/revistadospneus.com\\\/pt\\\/wp-content\\\/uploads\\\/logo2-1.png\",\"contentUrl\":\"https:\\\/\\\/revistadospneus.com\\\/pt\\\/wp-content\\\/uploads\\\/logo2-1.png\",\"width\":216,\"height\":70,\"caption\":\"Revista dos Pneus\"},\"image\":{\"@id\":\"https:\\\/\\\/revistadospneus.com\\\/pt\\\/#\\\/schema\\\/logo\\\/image\\\/\"},\"sameAs\":[\"https:\\\/\\\/www.facebook.com\\\/revistapneus\",\"https:\\\/\\\/x.com\\\/revistapneus\",\"https:\\\/\\\/www.linkedin.com\\\/company\\\/jornal-das-oficinas\\\/\",\"https:\\\/\\\/www.youtube.com\\\/channel\\\/UCbQZBqtcvV-oSQrr7RzINGg\"]},{\"@type\":\"Person\",\"@id\":\"https:\\\/\\\/revistadospneus.com\\\/pt\\\/#\\\/schema\\\/person\\\/9c602809538a614c26e5569d14ed6442\",\"name\":\"Reda\u00e7\u00e3o RP\",\"image\":{\"@type\":\"ImageObject\",\"inLanguage\":\"pt-PT\",\"@id\":\"https:\\\/\\\/secure.gravatar.com\\\/avatar\\\/71f2fa71737ad68a84fea94bc708ddac8ea5b0c4788dc2ad202f3ccb2887742f?s=96&d=wp_user_avatar&r=g\",\"url\":\"https:\\\/\\\/secure.gravatar.com\\\/avatar\\\/71f2fa71737ad68a84fea94bc708ddac8ea5b0c4788dc2ad202f3ccb2887742f?s=96&d=wp_user_avatar&r=g\",\"contentUrl\":\"https:\\\/\\\/secure.gravatar.com\\\/avatar\\\/71f2fa71737ad68a84fea94bc708ddac8ea5b0c4788dc2ad202f3ccb2887742f?s=96&d=wp_user_avatar&r=g\",\"caption\":\"Reda\u00e7\u00e3o RP\"},\"url\":\"https:\\\/\\\/revistadospneus.com\\\/pt\\\/author\\\/rpredacao\\\/\"}]}<\/script>\n<!-- \/ Yoast SEO plugin. -->","yoast_head_json":{"title":"NEX Tyres renova identidade corporativa - Revista dos Pneus","description":"A NEX Tyres apresentou uma nova identidade visual, refletindo o crescimento da empresa e a sua evolu\u00e7\u00e3o no setor","robots":{"index":"index","follow":"follow","max-snippet":"max-snippet:-1","max-image-preview":"max-image-preview:large","max-video-preview":"max-video-preview:-1"},"canonical":"https:\/\/revistadospneus.com\/pt\/2026\/04\/02\/nex-tyres-renova-identidade-corporativa\/","og_locale":"pt_PT","og_type":"article","og_title":"NEX Tyres renova identidade corporativa - Revista dos Pneus","og_description":"A NEX Tyres apresentou uma nova identidade visual, refletindo o crescimento da empresa e a sua evolu\u00e7\u00e3o no setor","og_url":"https:\/\/revistadospneus.com\/pt\/2026\/04\/02\/nex-tyres-renova-identidade-corporativa\/","og_site_name":"Revista dos Pneus","article_publisher":"https:\/\/www.facebook.com\/revistapneus","article_published_time":"2026-04-02T07:00:36+00:00","og_image":[{"width":1024,"height":580,"url":"https:\/\/revistadospneus.com\/pt\/wp-content\/uploads\/2026\/03\/Press-Release-Nex-new-logo-2026.jpg","type":"image\/jpeg"}],"author":"Reda\u00e7\u00e3o RP","twitter_card":"summary_large_image","twitter_creator":"@revistapneus","twitter_site":"@revistapneus","twitter_misc":{"Escrito por":"Reda\u00e7\u00e3o RP","Tempo estimado de leitura":"2 minutos"},"schema":{"@context":"https:\/\/schema.org","@graph":[{"@type":"Article","@id":"https:\/\/revistadospneus.com\/pt\/2026\/04\/02\/nex-tyres-renova-identidade-corporativa\/#article","isPartOf":{"@id":"https:\/\/revistadospneus.com\/pt\/2026\/04\/02\/nex-tyres-renova-identidade-corporativa\/"},"author":{"name":"Reda\u00e7\u00e3o RP","@id":"https:\/\/revistadospneus.com\/pt\/#\/schema\/person\/9c602809538a614c26e5569d14ed6442"},"headline":"NEX Tyres renova identidade corporativa","datePublished":"2026-04-02T07:00:36+00:00","mainEntityOfPage":{"@id":"https:\/\/revistadospneus.com\/pt\/2026\/04\/02\/nex-tyres-renova-identidade-corporativa\/"},"wordCount":276,"publisher":{"@id":"https:\/\/revistadospneus.com\/pt\/#organization"},"image":{"@id":"https:\/\/revistadospneus.com\/pt\/2026\/04\/02\/nex-tyres-renova-identidade-corporativa\/#primaryimage"},"thumbnailUrl":"https:\/\/revistadospneus.com\/pt\/wp-content\/uploads\/2026\/03\/Press-Release-Nex-new-logo-2026.jpg","keywords":["identidade corporativa","incorpora\u00e7\u00f5es estrat\u00e9gicas","NEX Tyres","nova imagem","renova\u00e7\u00e3o do log\u00f3tipo"],"articleSection":["Empresas"],"inLanguage":"pt-PT"},{"@type":"WebPage","@id":"https:\/\/revistadospneus.com\/pt\/2026\/04\/02\/nex-tyres-renova-identidade-corporativa\/","url":"https:\/\/revistadospneus.com\/pt\/2026\/04\/02\/nex-tyres-renova-identidade-corporativa\/","name":"NEX Tyres renova identidade corporativa - Revista dos Pneus","isPartOf":{"@id":"https:\/\/revistadospneus.com\/pt\/#website"},"primaryImageOfPage":{"@id":"https:\/\/revistadospneus.com\/pt\/2026\/04\/02\/nex-tyres-renova-identidade-corporativa\/#primaryimage"},"image":{"@id":"https:\/\/revistadospneus.com\/pt\/2026\/04\/02\/nex-tyres-renova-identidade-corporativa\/#primaryimage"},"thumbnailUrl":"https:\/\/revistadospneus.com\/pt\/wp-content\/uploads\/2026\/03\/Press-Release-Nex-new-logo-2026.jpg","datePublished":"2026-04-02T07:00:36+00:00","description":"A NEX Tyres apresentou uma nova identidade visual, refletindo o crescimento da empresa e a sua evolu\u00e7\u00e3o no setor","breadcrumb":{"@id":"https:\/\/revistadospneus.com\/pt\/2026\/04\/02\/nex-tyres-renova-identidade-corporativa\/#breadcrumb"},"inLanguage":"pt-PT","potentialAction":[{"@type":"ReadAction","target":["https:\/\/revistadospneus.com\/pt\/2026\/04\/02\/nex-tyres-renova-identidade-corporativa\/"]}]},{"@type":"ImageObject","inLanguage":"pt-PT","@id":"https:\/\/revistadospneus.com\/pt\/2026\/04\/02\/nex-tyres-renova-identidade-corporativa\/#primaryimage","url":"https:\/\/revistadospneus.com\/pt\/wp-content\/uploads\/2026\/03\/Press-Release-Nex-new-logo-2026.jpg","contentUrl":"https:\/\/revistadospneus.com\/pt\/wp-content\/uploads\/2026\/03\/Press-Release-Nex-new-logo-2026.jpg","width":1024,"height":580},{"@type":"BreadcrumbList","@id":"https:\/\/revistadospneus.com\/pt\/2026\/04\/02\/nex-tyres-renova-identidade-corporativa\/#breadcrumb","itemListElement":[{"@type":"ListItem","position":1,"name":"In\u00edcio","item":"https:\/\/revistadospneus.com\/pt\/"},{"@type":"ListItem","position":2,"name":"NEX Tyres renova identidade corporativa"}]},{"@type":"WebSite","@id":"https:\/\/revistadospneus.com\/pt\/#website","url":"https:\/\/revistadospneus.com\/pt\/","name":"Revista dos Pneus","description":"Revista independente de pneus e servi\u00e7os r\u00e1pidos","publisher":{"@id":"https:\/\/revistadospneus.com\/pt\/#organization"},"potentialAction":[{"@type":"SearchAction","target":{"@type":"EntryPoint","urlTemplate":"https:\/\/revistadospneus.com\/pt\/?s={search_term_string}"},"query-input":{"@type":"PropertyValueSpecification","valueRequired":true,"valueName":"search_term_string"}}],"inLanguage":"pt-PT"},{"@type":"Organization","@id":"https:\/\/revistadospneus.com\/pt\/#organization","name":"Revista dos Pneus","url":"https:\/\/revistadospneus.com\/pt\/","logo":{"@type":"ImageObject","inLanguage":"pt-PT","@id":"https:\/\/revistadospneus.com\/pt\/#\/schema\/logo\/image\/","url":"https:\/\/revistadospneus.com\/pt\/wp-content\/uploads\/logo2-1.png","contentUrl":"https:\/\/revistadospneus.com\/pt\/wp-content\/uploads\/logo2-1.png","width":216,"height":70,"caption":"Revista dos Pneus"},"image":{"@id":"https:\/\/revistadospneus.com\/pt\/#\/schema\/logo\/image\/"},"sameAs":["https:\/\/www.facebook.com\/revistapneus","https:\/\/x.com\/revistapneus","https:\/\/www.linkedin.com\/company\/jornal-das-oficinas\/","https:\/\/www.youtube.com\/channel\/UCbQZBqtcvV-oSQrr7RzINGg"]},{"@type":"Person","@id":"https:\/\/revistadospneus.com\/pt\/#\/schema\/person\/9c602809538a614c26e5569d14ed6442","name":"Reda\u00e7\u00e3o RP","image":{"@type":"ImageObject","inLanguage":"pt-PT","@id":"https:\/\/secure.gravatar.com\/avatar\/71f2fa71737ad68a84fea94bc708ddac8ea5b0c4788dc2ad202f3ccb2887742f?s=96&d=wp_user_avatar&r=g","url":"https:\/\/secure.gravatar.com\/avatar\/71f2fa71737ad68a84fea94bc708ddac8ea5b0c4788dc2ad202f3ccb2887742f?s=96&d=wp_user_avatar&r=g","contentUrl":"https:\/\/secure.gravatar.com\/avatar\/71f2fa71737ad68a84fea94bc708ddac8ea5b0c4788dc2ad202f3ccb2887742f?s=96&d=wp_user_avatar&r=g","caption":"Reda\u00e7\u00e3o RP"},"url":"https:\/\/revistadospneus.com\/pt\/author\/rpredacao\/"}]}},"_links":{"self":[{"href":"https:\/\/revistadospneus.com\/pt\/wp-json\/wp\/v2\/posts\/78477","targetHints":{"allow":["GET"]}}],"collection":[{"href":"https:\/\/revistadospneus.com\/pt\/wp-json\/wp\/v2\/posts"}],"about":[{"href":"https:\/\/revistadospneus.com\/pt\/wp-json\/wp\/v2\/types\/post"}],"author":[{"embeddable":true,"href":"https:\/\/revistadospneus.com\/pt\/wp-json\/wp\/v2\/users\/13"}],"replies":[{"embeddable":true,"href":"https:\/\/revistadospneus.com\/pt\/wp-json\/wp\/v2\/comments?post=78477"}],"version-history":[{"count":5,"href":"https:\/\/revistadospneus.com\/pt\/wp-json\/wp\/v2\/posts\/78477\/revisions"}],"predecessor-version":[{"id":78482,"href":"https:\/\/revistadospneus.com\/pt\/wp-json\/wp\/v2\/posts\/78477\/revisions\/78482"}],"wp:featuredmedia":[{"embeddable":true,"href":"https:\/\/revistadospneus.com\/pt\/wp-json\/wp\/v2\/media\/78476"}],"wp:attachment":[{"href":"https:\/\/revistadospneus.com\/pt\/wp-json\/wp\/v2\/media?parent=78477"}],"wp:term":[{"taxonomy":"category","embeddable":true,"href":"https:\/\/revistadospneus.com\/pt\/wp-json\/wp\/v2\/categories?post=78477"},{"taxonomy":"post_tag","embeddable":true,"href":"https:\/\/revistadospneus.com\/pt\/wp-json\/wp\/v2\/tags?post=78477"}],"curies":[{"name":"wp","href":"https:\/\/api.w.org\/{rel}","templated":true}]}}