{"id":78676,"date":"2026-04-27T12:30:50","date_gmt":"2026-04-27T11:30:50","guid":{"rendered":"https:\/\/revistadospneus.com\/pt\/?p=78676"},"modified":"2026-04-22T07:51:46","modified_gmt":"2026-04-22T06:51:46","slug":"ab-tyres-em-destaque-na-agro-2026","status":"publish","type":"post","link":"https:\/\/revistadospneus.com\/pt\/2026\/04\/27\/ab-tyres-em-destaque-na-agro-2026\/","title":{"rendered":"AB Tyres em destaque na AGRO 2026"},"content":{"rendered":"<p><strong><img loading=\"lazy\" decoding=\"async\" class=\"alignnone size-full wp-image-78680\" src=\"https:\/\/revistadospneus.com\/pt\/wp-content\/uploads\/2026\/03\/AB-Tyres-em-destaque-na-AGRO-2026.jpg\" alt=\"03 - AB Tyres em destaque na AGRO 2026\" width=\"1024\" height=\"580\" srcset=\"https:\/\/revistadospneus.com\/pt\/wp-content\/uploads\/2026\/03\/AB-Tyres-em-destaque-na-AGRO-2026.jpg 1024w, https:\/\/revistadospneus.com\/pt\/wp-content\/uploads\/2026\/03\/AB-Tyres-em-destaque-na-AGRO-2026-300x170.jpg 300w, https:\/\/revistadospneus.com\/pt\/wp-content\/uploads\/2026\/03\/AB-Tyres-em-destaque-na-AGRO-2026-150x85.jpg 150w, https:\/\/revistadospneus.com\/pt\/wp-content\/uploads\/2026\/03\/AB-Tyres-em-destaque-na-AGRO-2026-768x435.jpg 768w\" sizes=\"auto, (max-width: 1024px) 100vw, 1024px\" \/><\/strong><\/p>\n<p><strong>A <a href=\"https:\/\/www.abtyres.pt\/\" target=\"_blank\" rel=\"noopener\">AB Tyres<\/a> marcou presen\u00e7a na 58.\u00aa edi\u00e7\u00e3o da AGRO &#8211; Feira Internacional de Agricultura, Pecu\u00e1ria e Alimenta\u00e7\u00e3o, que decorreu em mar\u00e7o, no F\u00f3rum Braga, refor\u00e7ando o seu compromisso com o desenvolvimento do setor agr\u00edcola em Portugal<\/strong><\/p>\n<p>Enquanto distribuidora oficial da marca <a href=\"https:\/\/www.ceatspecialty.com\/\" target=\"_blank\" rel=\"noopener\">CEAT Specialty<\/a> no mercado nacional, a empresa aproveitou a sua presen\u00e7a no certame para destacar a vasta gama de pneus agr\u00edcolas, concebida para responder \u00e0s crescentes exig\u00eancias da agricultura moderna, onde fatores como tra\u00e7\u00e3o, durabilidade, estabilidade e desempenho em diversos tipos de terreno s\u00e3o essenciais para maximizar a produtividade.<\/p>\n<p>A edi\u00e7\u00e3o de 2026 da AGRO voltou a afirmar-se como um dos principais encontros do setor agr\u00edcola em Portugal, reunindo mais de 200 expositores e milhares de visitantes ao longo de v\u00e1rios dias. O evento destacou-se n\u00e3o s\u00f3 pela forte ades\u00e3o do p\u00fablico e dos profissionais, mas tamb\u00e9m por um programa diversificado de semin\u00e1rios e iniciativas t\u00e9cnicas centradas na inova\u00e7\u00e3o, sustentabilidade e no futuro do mundo rural.<\/p>\n<p>Inserida neste contexto, a participa\u00e7\u00e3o da AB Tyres, \u00fanica distribuidora de pneus presente em Braga, constituiu uma oportunidade estrat\u00e9gica para refor\u00e7ar a proximidade com agricultores, parceiros e distribuidores, promovendo o contacto direto e a partilha de conhecimento sobre as necessidades reais do terreno. &#8220;A presen\u00e7a na AGRO permite-nos estar lado a lado com os profissionais que utilizam diariamente as nossas solu\u00e7\u00f5es, compreender os seus desafios e continuar a adaptar a nossa oferta \u00e0s exig\u00eancias do setor&#8221;, destacou Paulo Santos, diretor de vendas da AB Tyres.<\/p>\n<p>A AGRO 2026 voltou, assim, a afirmar-se como uma plataforma privilegiada de encontro e neg\u00f3cio para a agricultura nacional, contexto no qual a AB Tyres refor\u00e7a o seu posicionamento como parceiro de refer\u00eancia no fornecimento de solu\u00e7\u00f5es t\u00e9cnicas especializadas para este setor estrat\u00e9gico da economia nacional.<\/p>\n<!-- AddThis Advanced Settings generic via filter on the_content --><!-- AddThis Share Buttons generic via filter on the_content -->","protected":false},"excerpt":{"rendered":"<p>A AB Tyres marcou presen\u00e7a na 58.\u00aa edi\u00e7\u00e3o da&#8230;<!-- AddThis Advanced Settings generic via filter on get_the_excerpt --><!-- AddThis Share Buttons generic via filter on get_the_excerpt --><\/p>\n","protected":false},"author":13,"featured_media":78680,"comment_status":"closed","ping_status":"closed","sticky":false,"template":"","format":"standard","meta":{"footnotes":""},"categories":[29],"tags":[922,5150,2514,3101,108,4403],"class_list":["post-78676","post","type-post","status-publish","format-standard","has-post-thumbnail","hentry","category-empresas","tag-ab-tyres","tag-agro","tag-ceat-specialty","tag-evento","tag-pneus","tag-setor-agricola"],"yoast_head":"<!-- This site is optimized with the Yoast SEO plugin v27.4 - https:\/\/yoast.com\/product\/yoast-seo-wordpress\/ -->\n<title>AB Tyres em destaque na AGRO 2026 - Revista dos Pneus<\/title>\n<meta name=\"description\" content=\"A AB Tyres marcou presen\u00e7a na 58.\u00aa edi\u00e7\u00e3o da AGRO - Feira Internacional de Agricultura, Pecu\u00e1ria e Alimenta\u00e7\u00e3o, que decorreu em mar\u00e7o\" \/>\n<meta name=\"robots\" content=\"index, follow, max-snippet:-1, max-image-preview:large, max-video-preview:-1\" \/>\n<link rel=\"canonical\" href=\"https:\/\/revistadospneus.com\/pt\/2026\/04\/27\/ab-tyres-em-destaque-na-agro-2026\/\" \/>\n<meta property=\"og:locale\" content=\"pt_PT\" \/>\n<meta property=\"og:type\" content=\"article\" \/>\n<meta property=\"og:title\" content=\"AB Tyres em destaque na AGRO 2026 - Revista dos Pneus\" \/>\n<meta property=\"og:description\" content=\"A AB Tyres marcou presen\u00e7a na 58.\u00aa edi\u00e7\u00e3o da AGRO - Feira Internacional de Agricultura, Pecu\u00e1ria e Alimenta\u00e7\u00e3o, que decorreu em mar\u00e7o\" \/>\n<meta property=\"og:url\" content=\"https:\/\/revistadospneus.com\/pt\/2026\/04\/27\/ab-tyres-em-destaque-na-agro-2026\/\" \/>\n<meta property=\"og:site_name\" content=\"Revista dos Pneus\" \/>\n<meta property=\"article:publisher\" content=\"https:\/\/www.facebook.com\/revistapneus\" \/>\n<meta property=\"article:published_time\" content=\"2026-04-27T11:30:50+00:00\" \/>\n<meta property=\"og:image\" content=\"https:\/\/revistadospneus.com\/pt\/wp-content\/uploads\/2026\/03\/AB-Tyres-em-destaque-na-AGRO-2026.jpg\" \/>\n\t<meta property=\"og:image:width\" content=\"1024\" \/>\n\t<meta property=\"og:image:height\" content=\"580\" \/>\n\t<meta property=\"og:image:type\" content=\"image\/jpeg\" \/>\n<meta name=\"author\" content=\"Reda\u00e7\u00e3o RP\" \/>\n<meta name=\"twitter:card\" content=\"summary_large_image\" \/>\n<meta name=\"twitter:creator\" content=\"@revistapneus\" \/>\n<meta name=\"twitter:site\" content=\"@revistapneus\" \/>\n<meta name=\"twitter:label1\" content=\"Escrito por\" \/>\n\t<meta name=\"twitter:data1\" content=\"Reda\u00e7\u00e3o RP\" \/>\n\t<meta name=\"twitter:label2\" content=\"Tempo estimado de leitura\" \/>\n\t<meta name=\"twitter:data2\" content=\"2 minutos\" \/>\n<script type=\"application\/ld+json\" class=\"yoast-schema-graph\">{\"@context\":\"https:\\\/\\\/schema.org\",\"@graph\":[{\"@type\":\"Article\",\"@id\":\"https:\\\/\\\/revistadospneus.com\\\/pt\\\/2026\\\/04\\\/27\\\/ab-tyres-em-destaque-na-agro-2026\\\/#article\",\"isPartOf\":{\"@id\":\"https:\\\/\\\/revistadospneus.com\\\/pt\\\/2026\\\/04\\\/27\\\/ab-tyres-em-destaque-na-agro-2026\\\/\"},\"author\":{\"name\":\"Reda\u00e7\u00e3o RP\",\"@id\":\"https:\\\/\\\/revistadospneus.com\\\/pt\\\/#\\\/schema\\\/person\\\/9c602809538a614c26e5569d14ed6442\"},\"headline\":\"AB Tyres em destaque na AGRO 2026\",\"datePublished\":\"2026-04-27T11:30:50+00:00\",\"mainEntityOfPage\":{\"@id\":\"https:\\\/\\\/revistadospneus.com\\\/pt\\\/2026\\\/04\\\/27\\\/ab-tyres-em-destaque-na-agro-2026\\\/\"},\"wordCount\":326,\"publisher\":{\"@id\":\"https:\\\/\\\/revistadospneus.com\\\/pt\\\/#organization\"},\"image\":{\"@id\":\"https:\\\/\\\/revistadospneus.com\\\/pt\\\/2026\\\/04\\\/27\\\/ab-tyres-em-destaque-na-agro-2026\\\/#primaryimage\"},\"thumbnailUrl\":\"https:\\\/\\\/revistadospneus.com\\\/pt\\\/wp-content\\\/uploads\\\/2026\\\/03\\\/AB-Tyres-em-destaque-na-AGRO-2026.jpg\",\"keywords\":[\"AB Tyres\",\"AGRO\",\"CEAT Specialty\",\"evento\",\"Pneus\",\"setor agr\u00edcola\"],\"articleSection\":[\"Empresas\"],\"inLanguage\":\"pt-PT\"},{\"@type\":\"WebPage\",\"@id\":\"https:\\\/\\\/revistadospneus.com\\\/pt\\\/2026\\\/04\\\/27\\\/ab-tyres-em-destaque-na-agro-2026\\\/\",\"url\":\"https:\\\/\\\/revistadospneus.com\\\/pt\\\/2026\\\/04\\\/27\\\/ab-tyres-em-destaque-na-agro-2026\\\/\",\"name\":\"AB Tyres em destaque na AGRO 2026 - Revista dos Pneus\",\"isPartOf\":{\"@id\":\"https:\\\/\\\/revistadospneus.com\\\/pt\\\/#website\"},\"primaryImageOfPage\":{\"@id\":\"https:\\\/\\\/revistadospneus.com\\\/pt\\\/2026\\\/04\\\/27\\\/ab-tyres-em-destaque-na-agro-2026\\\/#primaryimage\"},\"image\":{\"@id\":\"https:\\\/\\\/revistadospneus.com\\\/pt\\\/2026\\\/04\\\/27\\\/ab-tyres-em-destaque-na-agro-2026\\\/#primaryimage\"},\"thumbnailUrl\":\"https:\\\/\\\/revistadospneus.com\\\/pt\\\/wp-content\\\/uploads\\\/2026\\\/03\\\/AB-Tyres-em-destaque-na-AGRO-2026.jpg\",\"datePublished\":\"2026-04-27T11:30:50+00:00\",\"description\":\"A AB Tyres marcou presen\u00e7a na 58.\u00aa edi\u00e7\u00e3o da AGRO - Feira Internacional de Agricultura, Pecu\u00e1ria e Alimenta\u00e7\u00e3o, que decorreu em mar\u00e7o\",\"breadcrumb\":{\"@id\":\"https:\\\/\\\/revistadospneus.com\\\/pt\\\/2026\\\/04\\\/27\\\/ab-tyres-em-destaque-na-agro-2026\\\/#breadcrumb\"},\"inLanguage\":\"pt-PT\",\"potentialAction\":[{\"@type\":\"ReadAction\",\"target\":[\"https:\\\/\\\/revistadospneus.com\\\/pt\\\/2026\\\/04\\\/27\\\/ab-tyres-em-destaque-na-agro-2026\\\/\"]}]},{\"@type\":\"ImageObject\",\"inLanguage\":\"pt-PT\",\"@id\":\"https:\\\/\\\/revistadospneus.com\\\/pt\\\/2026\\\/04\\\/27\\\/ab-tyres-em-destaque-na-agro-2026\\\/#primaryimage\",\"url\":\"https:\\\/\\\/revistadospneus.com\\\/pt\\\/wp-content\\\/uploads\\\/2026\\\/03\\\/AB-Tyres-em-destaque-na-AGRO-2026.jpg\",\"contentUrl\":\"https:\\\/\\\/revistadospneus.com\\\/pt\\\/wp-content\\\/uploads\\\/2026\\\/03\\\/AB-Tyres-em-destaque-na-AGRO-2026.jpg\",\"width\":1024,\"height\":580,\"caption\":\"03 - AB Tyres em destaque na AGRO 2026\"},{\"@type\":\"BreadcrumbList\",\"@id\":\"https:\\\/\\\/revistadospneus.com\\\/pt\\\/2026\\\/04\\\/27\\\/ab-tyres-em-destaque-na-agro-2026\\\/#breadcrumb\",\"itemListElement\":[{\"@type\":\"ListItem\",\"position\":1,\"name\":\"In\u00edcio\",\"item\":\"https:\\\/\\\/revistadospneus.com\\\/pt\\\/\"},{\"@type\":\"ListItem\",\"position\":2,\"name\":\"AB Tyres em destaque na AGRO 2026\"}]},{\"@type\":\"WebSite\",\"@id\":\"https:\\\/\\\/revistadospneus.com\\\/pt\\\/#website\",\"url\":\"https:\\\/\\\/revistadospneus.com\\\/pt\\\/\",\"name\":\"Revista dos Pneus\",\"description\":\"Revista independente de pneus e servi\u00e7os r\u00e1pidos\",\"publisher\":{\"@id\":\"https:\\\/\\\/revistadospneus.com\\\/pt\\\/#organization\"},\"potentialAction\":[{\"@type\":\"SearchAction\",\"target\":{\"@type\":\"EntryPoint\",\"urlTemplate\":\"https:\\\/\\\/revistadospneus.com\\\/pt\\\/?s={search_term_string}\"},\"query-input\":{\"@type\":\"PropertyValueSpecification\",\"valueRequired\":true,\"valueName\":\"search_term_string\"}}],\"inLanguage\":\"pt-PT\"},{\"@type\":\"Organization\",\"@id\":\"https:\\\/\\\/revistadospneus.com\\\/pt\\\/#organization\",\"name\":\"Revista dos Pneus\",\"url\":\"https:\\\/\\\/revistadospneus.com\\\/pt\\\/\",\"logo\":{\"@type\":\"ImageObject\",\"inLanguage\":\"pt-PT\",\"@id\":\"https:\\\/\\\/revistadospneus.com\\\/pt\\\/#\\\/schema\\\/logo\\\/image\\\/\",\"url\":\"https:\\\/\\\/revistadospneus.com\\\/pt\\\/wp-content\\\/uploads\\\/logo2-1.png\",\"contentUrl\":\"https:\\\/\\\/revistadospneus.com\\\/pt\\\/wp-content\\\/uploads\\\/logo2-1.png\",\"width\":216,\"height\":70,\"caption\":\"Revista dos Pneus\"},\"image\":{\"@id\":\"https:\\\/\\\/revistadospneus.com\\\/pt\\\/#\\\/schema\\\/logo\\\/image\\\/\"},\"sameAs\":[\"https:\\\/\\\/www.facebook.com\\\/revistapneus\",\"https:\\\/\\\/x.com\\\/revistapneus\",\"https:\\\/\\\/www.linkedin.com\\\/company\\\/jornal-das-oficinas\\\/\",\"https:\\\/\\\/www.youtube.com\\\/channel\\\/UCbQZBqtcvV-oSQrr7RzINGg\"]},{\"@type\":\"Person\",\"@id\":\"https:\\\/\\\/revistadospneus.com\\\/pt\\\/#\\\/schema\\\/person\\\/9c602809538a614c26e5569d14ed6442\",\"name\":\"Reda\u00e7\u00e3o RP\",\"image\":{\"@type\":\"ImageObject\",\"inLanguage\":\"pt-PT\",\"@id\":\"https:\\\/\\\/secure.gravatar.com\\\/avatar\\\/71f2fa71737ad68a84fea94bc708ddac8ea5b0c4788dc2ad202f3ccb2887742f?s=96&d=wp_user_avatar&r=g\",\"url\":\"https:\\\/\\\/secure.gravatar.com\\\/avatar\\\/71f2fa71737ad68a84fea94bc708ddac8ea5b0c4788dc2ad202f3ccb2887742f?s=96&d=wp_user_avatar&r=g\",\"contentUrl\":\"https:\\\/\\\/secure.gravatar.com\\\/avatar\\\/71f2fa71737ad68a84fea94bc708ddac8ea5b0c4788dc2ad202f3ccb2887742f?s=96&d=wp_user_avatar&r=g\",\"caption\":\"Reda\u00e7\u00e3o RP\"},\"url\":\"https:\\\/\\\/revistadospneus.com\\\/pt\\\/author\\\/rpredacao\\\/\"}]}<\/script>\n<!-- \/ Yoast SEO plugin. -->","yoast_head_json":{"title":"AB Tyres em destaque na AGRO 2026 - Revista dos Pneus","description":"A AB Tyres marcou presen\u00e7a na 58.\u00aa edi\u00e7\u00e3o da AGRO - Feira Internacional de Agricultura, Pecu\u00e1ria e Alimenta\u00e7\u00e3o, que decorreu em mar\u00e7o","robots":{"index":"index","follow":"follow","max-snippet":"max-snippet:-1","max-image-preview":"max-image-preview:large","max-video-preview":"max-video-preview:-1"},"canonical":"https:\/\/revistadospneus.com\/pt\/2026\/04\/27\/ab-tyres-em-destaque-na-agro-2026\/","og_locale":"pt_PT","og_type":"article","og_title":"AB Tyres em destaque na AGRO 2026 - Revista dos Pneus","og_description":"A AB Tyres marcou presen\u00e7a na 58.\u00aa edi\u00e7\u00e3o da AGRO - Feira Internacional de Agricultura, Pecu\u00e1ria e Alimenta\u00e7\u00e3o, que decorreu em mar\u00e7o","og_url":"https:\/\/revistadospneus.com\/pt\/2026\/04\/27\/ab-tyres-em-destaque-na-agro-2026\/","og_site_name":"Revista dos Pneus","article_publisher":"https:\/\/www.facebook.com\/revistapneus","article_published_time":"2026-04-27T11:30:50+00:00","og_image":[{"width":1024,"height":580,"url":"https:\/\/revistadospneus.com\/pt\/wp-content\/uploads\/2026\/03\/AB-Tyres-em-destaque-na-AGRO-2026.jpg","type":"image\/jpeg"}],"author":"Reda\u00e7\u00e3o RP","twitter_card":"summary_large_image","twitter_creator":"@revistapneus","twitter_site":"@revistapneus","twitter_misc":{"Escrito por":"Reda\u00e7\u00e3o RP","Tempo estimado de leitura":"2 minutos"},"schema":{"@context":"https:\/\/schema.org","@graph":[{"@type":"Article","@id":"https:\/\/revistadospneus.com\/pt\/2026\/04\/27\/ab-tyres-em-destaque-na-agro-2026\/#article","isPartOf":{"@id":"https:\/\/revistadospneus.com\/pt\/2026\/04\/27\/ab-tyres-em-destaque-na-agro-2026\/"},"author":{"name":"Reda\u00e7\u00e3o RP","@id":"https:\/\/revistadospneus.com\/pt\/#\/schema\/person\/9c602809538a614c26e5569d14ed6442"},"headline":"AB Tyres em destaque na AGRO 2026","datePublished":"2026-04-27T11:30:50+00:00","mainEntityOfPage":{"@id":"https:\/\/revistadospneus.com\/pt\/2026\/04\/27\/ab-tyres-em-destaque-na-agro-2026\/"},"wordCount":326,"publisher":{"@id":"https:\/\/revistadospneus.com\/pt\/#organization"},"image":{"@id":"https:\/\/revistadospneus.com\/pt\/2026\/04\/27\/ab-tyres-em-destaque-na-agro-2026\/#primaryimage"},"thumbnailUrl":"https:\/\/revistadospneus.com\/pt\/wp-content\/uploads\/2026\/03\/AB-Tyres-em-destaque-na-AGRO-2026.jpg","keywords":["AB Tyres","AGRO","CEAT Specialty","evento","Pneus","setor agr\u00edcola"],"articleSection":["Empresas"],"inLanguage":"pt-PT"},{"@type":"WebPage","@id":"https:\/\/revistadospneus.com\/pt\/2026\/04\/27\/ab-tyres-em-destaque-na-agro-2026\/","url":"https:\/\/revistadospneus.com\/pt\/2026\/04\/27\/ab-tyres-em-destaque-na-agro-2026\/","name":"AB Tyres em destaque na AGRO 2026 - Revista dos Pneus","isPartOf":{"@id":"https:\/\/revistadospneus.com\/pt\/#website"},"primaryImageOfPage":{"@id":"https:\/\/revistadospneus.com\/pt\/2026\/04\/27\/ab-tyres-em-destaque-na-agro-2026\/#primaryimage"},"image":{"@id":"https:\/\/revistadospneus.com\/pt\/2026\/04\/27\/ab-tyres-em-destaque-na-agro-2026\/#primaryimage"},"thumbnailUrl":"https:\/\/revistadospneus.com\/pt\/wp-content\/uploads\/2026\/03\/AB-Tyres-em-destaque-na-AGRO-2026.jpg","datePublished":"2026-04-27T11:30:50+00:00","description":"A AB Tyres marcou presen\u00e7a na 58.\u00aa edi\u00e7\u00e3o da AGRO - Feira Internacional de Agricultura, Pecu\u00e1ria e Alimenta\u00e7\u00e3o, que decorreu em mar\u00e7o","breadcrumb":{"@id":"https:\/\/revistadospneus.com\/pt\/2026\/04\/27\/ab-tyres-em-destaque-na-agro-2026\/#breadcrumb"},"inLanguage":"pt-PT","potentialAction":[{"@type":"ReadAction","target":["https:\/\/revistadospneus.com\/pt\/2026\/04\/27\/ab-tyres-em-destaque-na-agro-2026\/"]}]},{"@type":"ImageObject","inLanguage":"pt-PT","@id":"https:\/\/revistadospneus.com\/pt\/2026\/04\/27\/ab-tyres-em-destaque-na-agro-2026\/#primaryimage","url":"https:\/\/revistadospneus.com\/pt\/wp-content\/uploads\/2026\/03\/AB-Tyres-em-destaque-na-AGRO-2026.jpg","contentUrl":"https:\/\/revistadospneus.com\/pt\/wp-content\/uploads\/2026\/03\/AB-Tyres-em-destaque-na-AGRO-2026.jpg","width":1024,"height":580,"caption":"03 - AB Tyres em destaque na AGRO 2026"},{"@type":"BreadcrumbList","@id":"https:\/\/revistadospneus.com\/pt\/2026\/04\/27\/ab-tyres-em-destaque-na-agro-2026\/#breadcrumb","itemListElement":[{"@type":"ListItem","position":1,"name":"In\u00edcio","item":"https:\/\/revistadospneus.com\/pt\/"},{"@type":"ListItem","position":2,"name":"AB Tyres em destaque na AGRO 2026"}]},{"@type":"WebSite","@id":"https:\/\/revistadospneus.com\/pt\/#website","url":"https:\/\/revistadospneus.com\/pt\/","name":"Revista dos Pneus","description":"Revista independente de pneus e servi\u00e7os r\u00e1pidos","publisher":{"@id":"https:\/\/revistadospneus.com\/pt\/#organization"},"potentialAction":[{"@type":"SearchAction","target":{"@type":"EntryPoint","urlTemplate":"https:\/\/revistadospneus.com\/pt\/?s={search_term_string}"},"query-input":{"@type":"PropertyValueSpecification","valueRequired":true,"valueName":"search_term_string"}}],"inLanguage":"pt-PT"},{"@type":"Organization","@id":"https:\/\/revistadospneus.com\/pt\/#organization","name":"Revista dos Pneus","url":"https:\/\/revistadospneus.com\/pt\/","logo":{"@type":"ImageObject","inLanguage":"pt-PT","@id":"https:\/\/revistadospneus.com\/pt\/#\/schema\/logo\/image\/","url":"https:\/\/revistadospneus.com\/pt\/wp-content\/uploads\/logo2-1.png","contentUrl":"https:\/\/revistadospneus.com\/pt\/wp-content\/uploads\/logo2-1.png","width":216,"height":70,"caption":"Revista dos Pneus"},"image":{"@id":"https:\/\/revistadospneus.com\/pt\/#\/schema\/logo\/image\/"},"sameAs":["https:\/\/www.facebook.com\/revistapneus","https:\/\/x.com\/revistapneus","https:\/\/www.linkedin.com\/company\/jornal-das-oficinas\/","https:\/\/www.youtube.com\/channel\/UCbQZBqtcvV-oSQrr7RzINGg"]},{"@type":"Person","@id":"https:\/\/revistadospneus.com\/pt\/#\/schema\/person\/9c602809538a614c26e5569d14ed6442","name":"Reda\u00e7\u00e3o RP","image":{"@type":"ImageObject","inLanguage":"pt-PT","@id":"https:\/\/secure.gravatar.com\/avatar\/71f2fa71737ad68a84fea94bc708ddac8ea5b0c4788dc2ad202f3ccb2887742f?s=96&d=wp_user_avatar&r=g","url":"https:\/\/secure.gravatar.com\/avatar\/71f2fa71737ad68a84fea94bc708ddac8ea5b0c4788dc2ad202f3ccb2887742f?s=96&d=wp_user_avatar&r=g","contentUrl":"https:\/\/secure.gravatar.com\/avatar\/71f2fa71737ad68a84fea94bc708ddac8ea5b0c4788dc2ad202f3ccb2887742f?s=96&d=wp_user_avatar&r=g","caption":"Reda\u00e7\u00e3o RP"},"url":"https:\/\/revistadospneus.com\/pt\/author\/rpredacao\/"}]}},"_links":{"self":[{"href":"https:\/\/revistadospneus.com\/pt\/wp-json\/wp\/v2\/posts\/78676","targetHints":{"allow":["GET"]}}],"collection":[{"href":"https:\/\/revistadospneus.com\/pt\/wp-json\/wp\/v2\/posts"}],"about":[{"href":"https:\/\/revistadospneus.com\/pt\/wp-json\/wp\/v2\/types\/post"}],"author":[{"embeddable":true,"href":"https:\/\/revistadospneus.com\/pt\/wp-json\/wp\/v2\/users\/13"}],"replies":[{"embeddable":true,"href":"https:\/\/revistadospneus.com\/pt\/wp-json\/wp\/v2\/comments?post=78676"}],"version-history":[{"count":5,"href":"https:\/\/revistadospneus.com\/pt\/wp-json\/wp\/v2\/posts\/78676\/revisions"}],"predecessor-version":[{"id":78684,"href":"https:\/\/revistadospneus.com\/pt\/wp-json\/wp\/v2\/posts\/78676\/revisions\/78684"}],"wp:featuredmedia":[{"embeddable":true,"href":"https:\/\/revistadospneus.com\/pt\/wp-json\/wp\/v2\/media\/78680"}],"wp:attachment":[{"href":"https:\/\/revistadospneus.com\/pt\/wp-json\/wp\/v2\/media?parent=78676"}],"wp:term":[{"taxonomy":"category","embeddable":true,"href":"https:\/\/revistadospneus.com\/pt\/wp-json\/wp\/v2\/categories?post=78676"},{"taxonomy":"post_tag","embeddable":true,"href":"https:\/\/revistadospneus.com\/pt\/wp-json\/wp\/v2\/tags?post=78676"}],"curies":[{"name":"wp","href":"https:\/\/api.w.org\/{rel}","templated":true}]}}