{"id":7946,"date":"2020-01-12T11:40:47","date_gmt":"2020-01-12T11:40:47","guid":{"rendered":"http:\/\/revistadospneus.com\/wp\/?p=7946"},"modified":"2020-01-28T11:43:26","modified_gmt":"2020-01-28T11:43:26","slug":"eustaquio-andres-recebeu-premio-hevea-de-carreira-profissional","status":"publish","type":"post","link":"https:\/\/revistadospneus.com\/pt\/2020\/01\/12\/eustaquio-andres-recebeu-premio-hevea-de-carreira-profissional\/","title":{"rendered":"Eustaquio Andr\u00e9s recebeu \u201cPr\u00e9mio Hevea de Carreira Profissional&#8221;"},"content":{"rendered":"<p><strong><img loading=\"lazy\" decoding=\"async\" class=\"alignnone wp-image-7947 size-full\" src=\"http:\/\/revistadospneus.com\/wp\/wp-content\/uploads\/6de82430b38b891b92065ef336656616_XL.jpg\" alt=\"\" width=\"1024\" height=\"581\" srcset=\"https:\/\/revistadospneus.com\/pt\/wp-content\/uploads\/6de82430b38b891b92065ef336656616_XL.jpg 1024w, https:\/\/revistadospneus.com\/pt\/wp-content\/uploads\/6de82430b38b891b92065ef336656616_XL-300x170.jpg 300w, https:\/\/revistadospneus.com\/pt\/wp-content\/uploads\/6de82430b38b891b92065ef336656616_XL-150x85.jpg 150w, https:\/\/revistadospneus.com\/pt\/wp-content\/uploads\/6de82430b38b891b92065ef336656616_XL-768x436.jpg 768w\" sizes=\"auto, (max-width: 1024px) 100vw, 1024px\" \/><\/strong><\/p>\n<p><strong>O fundador e presidente do Grupo Andr\u00e9s Neum\u00e1ticos, Eustaquio Andr\u00e9s, recebeu o \u201cPr\u00e9mio Hevea de Carreira Profissional&#8217;, reconhecimento que homenageia o seu percurso no setor de pneus.<\/strong><\/p>\n<p>A segunda edi\u00e7\u00e3o dos \u201cPr\u00e9mios Hevea de la Industria del Neum\u00e1tico\u201d, que teve o patroc\u00ednio oficial da divis\u00e3o \u201cMotor &amp; Mobility\u201d da IFEMA, realizou-se no dia 9 de janeiro de 2020.<\/p>\n<p>O evento contou com a presen\u00e7a de in\u00fameros profissionais importantes do setor, da imprensa especializada e dos candidatos ao pr\u00e9mio. Os participantes reuniram-se da parte da tarde no Centro de Convenciones Norte de la Institucio\u0301n Ferial de Madrid, onde participaram num encontro de <em>networking<\/em>, <em>cocktail<\/em> e jantar de gala.<\/p>\n<p>Eustaquio Andr\u00e9s recebeu o pr\u00e9mio muito emocionado e agradecido pelas palavras proferidas quando o resultado foi tornado p\u00fablico. Como fundador de uma empresa l\u00edder, o respons\u00e1vel destacou a relev\u00e2ncia atual do setor da distribui\u00e7\u00e3o de pneus na economia, estando ciente do seu pr\u00f3prio papel de protagonista na revolu\u00e7\u00e3o operada no mercado de pneus.<\/p>\n<p>Hoje, &#8220;a <a href=\"https:\/\/www.grupoandres.com\/pt-pt\/\" target=\"_blank\" rel=\"noopener noreferrer\">Neum\u00e1ticos Andr\u00e9s<\/a> cresceu como nunca imaginei&#8221;, disse Eustaquio Andr\u00e9s, que tamb\u00e9m dedicou o pr\u00e9mio a todos os membros da empresa. \u201cUma equipa profissional, composta por pessoas muito preparadas e trabalhadoras, al\u00e9m uma excelente equipe de gest\u00e3o, liderada por um grande diretor-geral, Eduardo Salazar; pr\u00f3ximo da segunda gera\u00e7\u00e3o, com os meus filhos Javier e Iv\u00e1n \u00e0 cabe\u00e7a\u201d, frisou o respons\u00e1vel.<\/p>\n<p>Por fim, Eustaquio Andr\u00e9s quis aproveitar a presen\u00e7a dos principais representantes do setor autom\u00f3vel para olhar para o futuro e para os novos cen\u00e1rios comerciais que se colocar\u00e3o. &#8220;Estamos perante uma nova era, na qual as diretrizes para a mobilidade sustent\u00e1vel est\u00e3o a conduzir a mudan\u00e7as muito grandes&#8221;, disse. \u201cPor isso, devemos estar muito atentos, observar e contribuir com ideias, grandes doses de trabalho conjunto, criatividade, ilus\u00e3o, serenidade e resist\u00eancia\u201d, concluiu.<\/p>\n<!-- AddThis Advanced Settings generic via filter on the_content --><!-- AddThis Share Buttons generic via filter on the_content -->","protected":false},"excerpt":{"rendered":"<p>O fundador e presidente do Grupo Andr\u00e9s Neum\u00e1ticos, Eustaquio&#8230;<!-- AddThis Advanced Settings generic via filter on get_the_excerpt --><!-- AddThis Share Buttons generic via filter on get_the_excerpt --><\/p>\n","protected":false},"author":13,"featured_media":7947,"comment_status":"closed","ping_status":"closed","sticky":false,"template":"","format":"standard","meta":{"footnotes":""},"categories":[29],"tags":[1080,1078],"class_list":["post-7946","post","type-post","status-publish","format-standard","has-post-thumbnail","hentry","category-empresas","tag-gupo-neumaticos-andres","tag-hevea"],"yoast_head":"<!-- This site is optimized with the Yoast SEO plugin v27.4 - https:\/\/yoast.com\/product\/yoast-seo-wordpress\/ -->\n<title>Eustaquio Andr\u00e9s recebeu \u201cPr\u00e9mio Hevea de Carreira Profissional&quot; - Revista dos Pneus<\/title>\n<meta name=\"robots\" content=\"index, follow, max-snippet:-1, max-image-preview:large, max-video-preview:-1\" \/>\n<link rel=\"canonical\" href=\"https:\/\/revistadospneus.com\/pt\/2020\/01\/12\/eustaquio-andres-recebeu-premio-hevea-de-carreira-profissional\/\" \/>\n<meta property=\"og:locale\" content=\"pt_PT\" \/>\n<meta property=\"og:type\" content=\"article\" \/>\n<meta property=\"og:title\" content=\"Eustaquio Andr\u00e9s recebeu \u201cPr\u00e9mio Hevea de Carreira Profissional&quot; - Revista dos Pneus\" \/>\n<meta property=\"og:description\" content=\"O fundador e presidente do Grupo Andr\u00e9s Neum\u00e1ticos, Eustaquio...\" \/>\n<meta property=\"og:url\" content=\"https:\/\/revistadospneus.com\/pt\/2020\/01\/12\/eustaquio-andres-recebeu-premio-hevea-de-carreira-profissional\/\" \/>\n<meta property=\"og:site_name\" content=\"Revista dos Pneus\" \/>\n<meta property=\"article:publisher\" content=\"https:\/\/www.facebook.com\/revistapneus\" \/>\n<meta property=\"article:published_time\" content=\"2020-01-12T11:40:47+00:00\" \/>\n<meta property=\"article:modified_time\" content=\"2020-01-28T11:43:26+00:00\" \/>\n<meta property=\"og:image\" content=\"https:\/\/revistadospneus.com\/pt\/wp-content\/uploads\/6de82430b38b891b92065ef336656616_XL.jpg\" \/>\n\t<meta property=\"og:image:width\" content=\"1024\" \/>\n\t<meta property=\"og:image:height\" content=\"581\" \/>\n\t<meta property=\"og:image:type\" content=\"image\/jpeg\" \/>\n<meta name=\"author\" content=\"Reda\u00e7\u00e3o RP\" \/>\n<meta name=\"twitter:card\" content=\"summary_large_image\" \/>\n<meta name=\"twitter:creator\" content=\"@revistapneus\" \/>\n<meta name=\"twitter:site\" content=\"@revistapneus\" \/>\n<meta name=\"twitter:label1\" content=\"Escrito por\" \/>\n\t<meta name=\"twitter:data1\" content=\"Reda\u00e7\u00e3o RP\" \/>\n\t<meta name=\"twitter:label2\" content=\"Tempo estimado de leitura\" \/>\n\t<meta name=\"twitter:data2\" content=\"2 minutos\" \/>\n<script type=\"application\/ld+json\" class=\"yoast-schema-graph\">{\"@context\":\"https:\\\/\\\/schema.org\",\"@graph\":[{\"@type\":\"Article\",\"@id\":\"https:\\\/\\\/revistadospneus.com\\\/pt\\\/2020\\\/01\\\/12\\\/eustaquio-andres-recebeu-premio-hevea-de-carreira-profissional\\\/#article\",\"isPartOf\":{\"@id\":\"https:\\\/\\\/revistadospneus.com\\\/pt\\\/2020\\\/01\\\/12\\\/eustaquio-andres-recebeu-premio-hevea-de-carreira-profissional\\\/\"},\"author\":{\"name\":\"Reda\u00e7\u00e3o RP\",\"@id\":\"https:\\\/\\\/revistadospneus.com\\\/pt\\\/#\\\/schema\\\/person\\\/9c602809538a614c26e5569d14ed6442\"},\"headline\":\"Eustaquio Andr\u00e9s recebeu \u201cPr\u00e9mio Hevea de Carreira Profissional&#8221;\",\"datePublished\":\"2020-01-12T11:40:47+00:00\",\"dateModified\":\"2020-01-28T11:43:26+00:00\",\"mainEntityOfPage\":{\"@id\":\"https:\\\/\\\/revistadospneus.com\\\/pt\\\/2020\\\/01\\\/12\\\/eustaquio-andres-recebeu-premio-hevea-de-carreira-profissional\\\/\"},\"wordCount\":343,\"publisher\":{\"@id\":\"https:\\\/\\\/revistadospneus.com\\\/pt\\\/#organization\"},\"image\":{\"@id\":\"https:\\\/\\\/revistadospneus.com\\\/pt\\\/2020\\\/01\\\/12\\\/eustaquio-andres-recebeu-premio-hevea-de-carreira-profissional\\\/#primaryimage\"},\"thumbnailUrl\":\"https:\\\/\\\/revistadospneus.com\\\/pt\\\/wp-content\\\/uploads\\\/6de82430b38b891b92065ef336656616_XL.jpg\",\"keywords\":[\"Gupo Neum\u00e1ticos Andr\u00e9s\",\"Hevea\"],\"articleSection\":[\"Empresas\"],\"inLanguage\":\"pt-PT\"},{\"@type\":\"WebPage\",\"@id\":\"https:\\\/\\\/revistadospneus.com\\\/pt\\\/2020\\\/01\\\/12\\\/eustaquio-andres-recebeu-premio-hevea-de-carreira-profissional\\\/\",\"url\":\"https:\\\/\\\/revistadospneus.com\\\/pt\\\/2020\\\/01\\\/12\\\/eustaquio-andres-recebeu-premio-hevea-de-carreira-profissional\\\/\",\"name\":\"Eustaquio Andr\u00e9s recebeu \u201cPr\u00e9mio Hevea de Carreira Profissional\\\" - Revista dos Pneus\",\"isPartOf\":{\"@id\":\"https:\\\/\\\/revistadospneus.com\\\/pt\\\/#website\"},\"primaryImageOfPage\":{\"@id\":\"https:\\\/\\\/revistadospneus.com\\\/pt\\\/2020\\\/01\\\/12\\\/eustaquio-andres-recebeu-premio-hevea-de-carreira-profissional\\\/#primaryimage\"},\"image\":{\"@id\":\"https:\\\/\\\/revistadospneus.com\\\/pt\\\/2020\\\/01\\\/12\\\/eustaquio-andres-recebeu-premio-hevea-de-carreira-profissional\\\/#primaryimage\"},\"thumbnailUrl\":\"https:\\\/\\\/revistadospneus.com\\\/pt\\\/wp-content\\\/uploads\\\/6de82430b38b891b92065ef336656616_XL.jpg\",\"datePublished\":\"2020-01-12T11:40:47+00:00\",\"dateModified\":\"2020-01-28T11:43:26+00:00\",\"breadcrumb\":{\"@id\":\"https:\\\/\\\/revistadospneus.com\\\/pt\\\/2020\\\/01\\\/12\\\/eustaquio-andres-recebeu-premio-hevea-de-carreira-profissional\\\/#breadcrumb\"},\"inLanguage\":\"pt-PT\",\"potentialAction\":[{\"@type\":\"ReadAction\",\"target\":[\"https:\\\/\\\/revistadospneus.com\\\/pt\\\/2020\\\/01\\\/12\\\/eustaquio-andres-recebeu-premio-hevea-de-carreira-profissional\\\/\"]}]},{\"@type\":\"ImageObject\",\"inLanguage\":\"pt-PT\",\"@id\":\"https:\\\/\\\/revistadospneus.com\\\/pt\\\/2020\\\/01\\\/12\\\/eustaquio-andres-recebeu-premio-hevea-de-carreira-profissional\\\/#primaryimage\",\"url\":\"https:\\\/\\\/revistadospneus.com\\\/pt\\\/wp-content\\\/uploads\\\/6de82430b38b891b92065ef336656616_XL.jpg\",\"contentUrl\":\"https:\\\/\\\/revistadospneus.com\\\/pt\\\/wp-content\\\/uploads\\\/6de82430b38b891b92065ef336656616_XL.jpg\",\"width\":1024,\"height\":581},{\"@type\":\"BreadcrumbList\",\"@id\":\"https:\\\/\\\/revistadospneus.com\\\/pt\\\/2020\\\/01\\\/12\\\/eustaquio-andres-recebeu-premio-hevea-de-carreira-profissional\\\/#breadcrumb\",\"itemListElement\":[{\"@type\":\"ListItem\",\"position\":1,\"name\":\"In\u00edcio\",\"item\":\"https:\\\/\\\/revistadospneus.com\\\/pt\\\/\"},{\"@type\":\"ListItem\",\"position\":2,\"name\":\"Eustaquio Andr\u00e9s recebeu \u201cPr\u00e9mio Hevea de Carreira Profissional&#8221;\"}]},{\"@type\":\"WebSite\",\"@id\":\"https:\\\/\\\/revistadospneus.com\\\/pt\\\/#website\",\"url\":\"https:\\\/\\\/revistadospneus.com\\\/pt\\\/\",\"name\":\"Revista dos Pneus\",\"description\":\"Revista independente de pneus e servi\u00e7os r\u00e1pidos\",\"publisher\":{\"@id\":\"https:\\\/\\\/revistadospneus.com\\\/pt\\\/#organization\"},\"potentialAction\":[{\"@type\":\"SearchAction\",\"target\":{\"@type\":\"EntryPoint\",\"urlTemplate\":\"https:\\\/\\\/revistadospneus.com\\\/pt\\\/?s={search_term_string}\"},\"query-input\":{\"@type\":\"PropertyValueSpecification\",\"valueRequired\":true,\"valueName\":\"search_term_string\"}}],\"inLanguage\":\"pt-PT\"},{\"@type\":\"Organization\",\"@id\":\"https:\\\/\\\/revistadospneus.com\\\/pt\\\/#organization\",\"name\":\"Revista dos Pneus\",\"url\":\"https:\\\/\\\/revistadospneus.com\\\/pt\\\/\",\"logo\":{\"@type\":\"ImageObject\",\"inLanguage\":\"pt-PT\",\"@id\":\"https:\\\/\\\/revistadospneus.com\\\/pt\\\/#\\\/schema\\\/logo\\\/image\\\/\",\"url\":\"https:\\\/\\\/revistadospneus.com\\\/pt\\\/wp-content\\\/uploads\\\/logo2-1.png\",\"contentUrl\":\"https:\\\/\\\/revistadospneus.com\\\/pt\\\/wp-content\\\/uploads\\\/logo2-1.png\",\"width\":216,\"height\":70,\"caption\":\"Revista dos Pneus\"},\"image\":{\"@id\":\"https:\\\/\\\/revistadospneus.com\\\/pt\\\/#\\\/schema\\\/logo\\\/image\\\/\"},\"sameAs\":[\"https:\\\/\\\/www.facebook.com\\\/revistapneus\",\"https:\\\/\\\/x.com\\\/revistapneus\",\"https:\\\/\\\/www.linkedin.com\\\/company\\\/jornal-das-oficinas\\\/\",\"https:\\\/\\\/www.youtube.com\\\/channel\\\/UCbQZBqtcvV-oSQrr7RzINGg\"]},{\"@type\":\"Person\",\"@id\":\"https:\\\/\\\/revistadospneus.com\\\/pt\\\/#\\\/schema\\\/person\\\/9c602809538a614c26e5569d14ed6442\",\"name\":\"Reda\u00e7\u00e3o RP\",\"image\":{\"@type\":\"ImageObject\",\"inLanguage\":\"pt-PT\",\"@id\":\"https:\\\/\\\/secure.gravatar.com\\\/avatar\\\/71f2fa71737ad68a84fea94bc708ddac8ea5b0c4788dc2ad202f3ccb2887742f?s=96&d=wp_user_avatar&r=g\",\"url\":\"https:\\\/\\\/secure.gravatar.com\\\/avatar\\\/71f2fa71737ad68a84fea94bc708ddac8ea5b0c4788dc2ad202f3ccb2887742f?s=96&d=wp_user_avatar&r=g\",\"contentUrl\":\"https:\\\/\\\/secure.gravatar.com\\\/avatar\\\/71f2fa71737ad68a84fea94bc708ddac8ea5b0c4788dc2ad202f3ccb2887742f?s=96&d=wp_user_avatar&r=g\",\"caption\":\"Reda\u00e7\u00e3o RP\"},\"url\":\"https:\\\/\\\/revistadospneus.com\\\/pt\\\/author\\\/rpredacao\\\/\"}]}<\/script>\n<!-- \/ Yoast SEO plugin. -->","yoast_head_json":{"title":"Eustaquio Andr\u00e9s recebeu \u201cPr\u00e9mio Hevea de Carreira Profissional\" - Revista dos Pneus","robots":{"index":"index","follow":"follow","max-snippet":"max-snippet:-1","max-image-preview":"max-image-preview:large","max-video-preview":"max-video-preview:-1"},"canonical":"https:\/\/revistadospneus.com\/pt\/2020\/01\/12\/eustaquio-andres-recebeu-premio-hevea-de-carreira-profissional\/","og_locale":"pt_PT","og_type":"article","og_title":"Eustaquio Andr\u00e9s recebeu \u201cPr\u00e9mio Hevea de Carreira Profissional\" - Revista dos Pneus","og_description":"O fundador e presidente do Grupo Andr\u00e9s Neum\u00e1ticos, Eustaquio...","og_url":"https:\/\/revistadospneus.com\/pt\/2020\/01\/12\/eustaquio-andres-recebeu-premio-hevea-de-carreira-profissional\/","og_site_name":"Revista dos Pneus","article_publisher":"https:\/\/www.facebook.com\/revistapneus","article_published_time":"2020-01-12T11:40:47+00:00","article_modified_time":"2020-01-28T11:43:26+00:00","og_image":[{"width":1024,"height":581,"url":"https:\/\/revistadospneus.com\/pt\/wp-content\/uploads\/6de82430b38b891b92065ef336656616_XL.jpg","type":"image\/jpeg"}],"author":"Reda\u00e7\u00e3o RP","twitter_card":"summary_large_image","twitter_creator":"@revistapneus","twitter_site":"@revistapneus","twitter_misc":{"Escrito por":"Reda\u00e7\u00e3o RP","Tempo estimado de leitura":"2 minutos"},"schema":{"@context":"https:\/\/schema.org","@graph":[{"@type":"Article","@id":"https:\/\/revistadospneus.com\/pt\/2020\/01\/12\/eustaquio-andres-recebeu-premio-hevea-de-carreira-profissional\/#article","isPartOf":{"@id":"https:\/\/revistadospneus.com\/pt\/2020\/01\/12\/eustaquio-andres-recebeu-premio-hevea-de-carreira-profissional\/"},"author":{"name":"Reda\u00e7\u00e3o RP","@id":"https:\/\/revistadospneus.com\/pt\/#\/schema\/person\/9c602809538a614c26e5569d14ed6442"},"headline":"Eustaquio Andr\u00e9s recebeu \u201cPr\u00e9mio Hevea de Carreira Profissional&#8221;","datePublished":"2020-01-12T11:40:47+00:00","dateModified":"2020-01-28T11:43:26+00:00","mainEntityOfPage":{"@id":"https:\/\/revistadospneus.com\/pt\/2020\/01\/12\/eustaquio-andres-recebeu-premio-hevea-de-carreira-profissional\/"},"wordCount":343,"publisher":{"@id":"https:\/\/revistadospneus.com\/pt\/#organization"},"image":{"@id":"https:\/\/revistadospneus.com\/pt\/2020\/01\/12\/eustaquio-andres-recebeu-premio-hevea-de-carreira-profissional\/#primaryimage"},"thumbnailUrl":"https:\/\/revistadospneus.com\/pt\/wp-content\/uploads\/6de82430b38b891b92065ef336656616_XL.jpg","keywords":["Gupo Neum\u00e1ticos Andr\u00e9s","Hevea"],"articleSection":["Empresas"],"inLanguage":"pt-PT"},{"@type":"WebPage","@id":"https:\/\/revistadospneus.com\/pt\/2020\/01\/12\/eustaquio-andres-recebeu-premio-hevea-de-carreira-profissional\/","url":"https:\/\/revistadospneus.com\/pt\/2020\/01\/12\/eustaquio-andres-recebeu-premio-hevea-de-carreira-profissional\/","name":"Eustaquio Andr\u00e9s recebeu \u201cPr\u00e9mio Hevea de Carreira Profissional\" - Revista dos Pneus","isPartOf":{"@id":"https:\/\/revistadospneus.com\/pt\/#website"},"primaryImageOfPage":{"@id":"https:\/\/revistadospneus.com\/pt\/2020\/01\/12\/eustaquio-andres-recebeu-premio-hevea-de-carreira-profissional\/#primaryimage"},"image":{"@id":"https:\/\/revistadospneus.com\/pt\/2020\/01\/12\/eustaquio-andres-recebeu-premio-hevea-de-carreira-profissional\/#primaryimage"},"thumbnailUrl":"https:\/\/revistadospneus.com\/pt\/wp-content\/uploads\/6de82430b38b891b92065ef336656616_XL.jpg","datePublished":"2020-01-12T11:40:47+00:00","dateModified":"2020-01-28T11:43:26+00:00","breadcrumb":{"@id":"https:\/\/revistadospneus.com\/pt\/2020\/01\/12\/eustaquio-andres-recebeu-premio-hevea-de-carreira-profissional\/#breadcrumb"},"inLanguage":"pt-PT","potentialAction":[{"@type":"ReadAction","target":["https:\/\/revistadospneus.com\/pt\/2020\/01\/12\/eustaquio-andres-recebeu-premio-hevea-de-carreira-profissional\/"]}]},{"@type":"ImageObject","inLanguage":"pt-PT","@id":"https:\/\/revistadospneus.com\/pt\/2020\/01\/12\/eustaquio-andres-recebeu-premio-hevea-de-carreira-profissional\/#primaryimage","url":"https:\/\/revistadospneus.com\/pt\/wp-content\/uploads\/6de82430b38b891b92065ef336656616_XL.jpg","contentUrl":"https:\/\/revistadospneus.com\/pt\/wp-content\/uploads\/6de82430b38b891b92065ef336656616_XL.jpg","width":1024,"height":581},{"@type":"BreadcrumbList","@id":"https:\/\/revistadospneus.com\/pt\/2020\/01\/12\/eustaquio-andres-recebeu-premio-hevea-de-carreira-profissional\/#breadcrumb","itemListElement":[{"@type":"ListItem","position":1,"name":"In\u00edcio","item":"https:\/\/revistadospneus.com\/pt\/"},{"@type":"ListItem","position":2,"name":"Eustaquio Andr\u00e9s recebeu \u201cPr\u00e9mio Hevea de Carreira Profissional&#8221;"}]},{"@type":"WebSite","@id":"https:\/\/revistadospneus.com\/pt\/#website","url":"https:\/\/revistadospneus.com\/pt\/","name":"Revista dos Pneus","description":"Revista independente de pneus e servi\u00e7os r\u00e1pidos","publisher":{"@id":"https:\/\/revistadospneus.com\/pt\/#organization"},"potentialAction":[{"@type":"SearchAction","target":{"@type":"EntryPoint","urlTemplate":"https:\/\/revistadospneus.com\/pt\/?s={search_term_string}"},"query-input":{"@type":"PropertyValueSpecification","valueRequired":true,"valueName":"search_term_string"}}],"inLanguage":"pt-PT"},{"@type":"Organization","@id":"https:\/\/revistadospneus.com\/pt\/#organization","name":"Revista dos Pneus","url":"https:\/\/revistadospneus.com\/pt\/","logo":{"@type":"ImageObject","inLanguage":"pt-PT","@id":"https:\/\/revistadospneus.com\/pt\/#\/schema\/logo\/image\/","url":"https:\/\/revistadospneus.com\/pt\/wp-content\/uploads\/logo2-1.png","contentUrl":"https:\/\/revistadospneus.com\/pt\/wp-content\/uploads\/logo2-1.png","width":216,"height":70,"caption":"Revista dos Pneus"},"image":{"@id":"https:\/\/revistadospneus.com\/pt\/#\/schema\/logo\/image\/"},"sameAs":["https:\/\/www.facebook.com\/revistapneus","https:\/\/x.com\/revistapneus","https:\/\/www.linkedin.com\/company\/jornal-das-oficinas\/","https:\/\/www.youtube.com\/channel\/UCbQZBqtcvV-oSQrr7RzINGg"]},{"@type":"Person","@id":"https:\/\/revistadospneus.com\/pt\/#\/schema\/person\/9c602809538a614c26e5569d14ed6442","name":"Reda\u00e7\u00e3o RP","image":{"@type":"ImageObject","inLanguage":"pt-PT","@id":"https:\/\/secure.gravatar.com\/avatar\/71f2fa71737ad68a84fea94bc708ddac8ea5b0c4788dc2ad202f3ccb2887742f?s=96&d=wp_user_avatar&r=g","url":"https:\/\/secure.gravatar.com\/avatar\/71f2fa71737ad68a84fea94bc708ddac8ea5b0c4788dc2ad202f3ccb2887742f?s=96&d=wp_user_avatar&r=g","contentUrl":"https:\/\/secure.gravatar.com\/avatar\/71f2fa71737ad68a84fea94bc708ddac8ea5b0c4788dc2ad202f3ccb2887742f?s=96&d=wp_user_avatar&r=g","caption":"Reda\u00e7\u00e3o RP"},"url":"https:\/\/revistadospneus.com\/pt\/author\/rpredacao\/"}]}},"_links":{"self":[{"href":"https:\/\/revistadospneus.com\/pt\/wp-json\/wp\/v2\/posts\/7946","targetHints":{"allow":["GET"]}}],"collection":[{"href":"https:\/\/revistadospneus.com\/pt\/wp-json\/wp\/v2\/posts"}],"about":[{"href":"https:\/\/revistadospneus.com\/pt\/wp-json\/wp\/v2\/types\/post"}],"author":[{"embeddable":true,"href":"https:\/\/revistadospneus.com\/pt\/wp-json\/wp\/v2\/users\/13"}],"replies":[{"embeddable":true,"href":"https:\/\/revistadospneus.com\/pt\/wp-json\/wp\/v2\/comments?post=7946"}],"version-history":[{"count":0,"href":"https:\/\/revistadospneus.com\/pt\/wp-json\/wp\/v2\/posts\/7946\/revisions"}],"wp:featuredmedia":[{"embeddable":true,"href":"https:\/\/revistadospneus.com\/pt\/wp-json\/wp\/v2\/media\/7947"}],"wp:attachment":[{"href":"https:\/\/revistadospneus.com\/pt\/wp-json\/wp\/v2\/media?parent=7946"}],"wp:term":[{"taxonomy":"category","embeddable":true,"href":"https:\/\/revistadospneus.com\/pt\/wp-json\/wp\/v2\/categories?post=7946"},{"taxonomy":"post_tag","embeddable":true,"href":"https:\/\/revistadospneus.com\/pt\/wp-json\/wp\/v2\/tags?post=7946"}],"curies":[{"name":"wp","href":"https:\/\/api.w.org\/{rel}","templated":true}]}}