{"id":7996,"date":"2019-12-28T15:07:58","date_gmt":"2019-12-28T15:07:58","guid":{"rendered":"http:\/\/revistadospneus.com\/wp\/?p=7996"},"modified":"2020-02-05T17:09:51","modified_gmt":"2020-02-05T17:09:51","slug":"entrevista-com-mike-rignall","status":"publish","type":"post","link":"https:\/\/revistadospneus.com\/pt\/2019\/12\/28\/entrevista-com-mike-rignall\/","title":{"rendered":"&#8220;O mercado europeu \u00e9 muito importante para n\u00f3s&#8221;, Mike Rignall"},"content":{"rendered":"<p><strong><img loading=\"lazy\" decoding=\"async\" class=\"alignnone wp-image-7997 size-full\" src=\"http:\/\/revistadospneus.com\/wp\/wp-content\/uploads\/2020\/01\/5c7dff4aac508665717ba812fc4d58af_XL.jpg\" alt=\"\" width=\"1024\" height=\"581\" srcset=\"https:\/\/revistadospneus.com\/pt\/wp-content\/uploads\/2020\/01\/5c7dff4aac508665717ba812fc4d58af_XL.jpg 1024w, https:\/\/revistadospneus.com\/pt\/wp-content\/uploads\/2020\/01\/5c7dff4aac508665717ba812fc4d58af_XL-300x170.jpg 300w, https:\/\/revistadospneus.com\/pt\/wp-content\/uploads\/2020\/01\/5c7dff4aac508665717ba812fc4d58af_XL-150x85.jpg 150w, https:\/\/revistadospneus.com\/pt\/wp-content\/uploads\/2020\/01\/5c7dff4aac508665717ba812fc4d58af_XL-768x436.jpg 768w\" sizes=\"auto, (max-width: 1024px) 100vw, 1024px\" \/><\/strong><\/p>\n<p><strong>Durante a 28.\u00aa edi\u00e7\u00e3o da Autopromotec, que se realizou, em Bolonha, de 22 a 26 de maio, a Revista dos Pneus teve a oportunidade de entrevistar Mike Rignall, <em>senior marketing manager<\/em> da Toyo Tires Europe.<\/strong><\/p>\n<p>A marca japonesa <a href=\"https:\/\/toyotires.eu\/\" target=\"_blank\" rel=\"noopener noreferrer\">Toyo Tires<\/a> entrou em Portugal pela m\u00e3o de Lu\u00eds Filipe Vieira, hoje conhecido por raz\u00f5es mais ligadas ao futebol do que aos pneus, \u00e0 data Presidente do Conselho de Administra\u00e7\u00e3o da Hiperpneus, para, posteriormente, ser comercializada pela Imp\u00e9rio Pneus.<\/p>\n<p>S\u00f3 em 2010 passou a ser conduzida pela <a href=\"https:\/\/www.dispnal.pt\/en\/\" target=\"_blank\" rel=\"noopener noreferrer\">Dispnal Pneus<\/a>. \u00c9 pelas m\u00e3os da empresa de Rui Chorado que a Toyo Tires come\u00e7a a refor\u00e7ar a imagem de produto de qualidade, nomeadamente atrav\u00e9s do envolvimento dos seus pneus nas mais diversas categorias do desporto autom\u00f3vel em Portugal.<\/p>\n<p>Mike Rignall,<em> senior marketing manager<\/em> da Toyo Tires Europe, aproveitou o encontro com a Revista dos Pneus, na Autopromotec 2019, para falar sobre a marca japonesa, que ambiciona ganhar for\u00e7a no mercado europeu, apostando sempre na qualidade do produto e do servi\u00e7o prestado, quer aos distribuidores, quer ao cliente final.<\/p>\n<p>Leia o artigo completo na <a href=\"https:\/\/www.yumpu.com\/pt\/document\/fullscreen\/62810884\/revista-dos-pneus-56\/26\" target=\"_blank\" rel=\"noopener noreferrer\">edi\u00e7\u00e3o de setembro de 2019 da Revista dos Pneus<\/a>.<\/p>\n<!-- AddThis Advanced Settings generic via filter on the_content --><!-- AddThis Share Buttons generic via filter on the_content -->","protected":false},"excerpt":{"rendered":"<p>Durante a 28.\u00aa edi\u00e7\u00e3o da Autopromotec, que se realizou,&#8230;<!-- AddThis Advanced Settings generic via filter on get_the_excerpt --><!-- AddThis Share Buttons generic via filter on get_the_excerpt --><\/p>\n","protected":false},"author":13,"featured_media":7997,"comment_status":"closed","ping_status":"closed","sticky":false,"template":"","format":"standard","meta":{"footnotes":""},"categories":[38],"tags":[1131,1122,205,1132,819,912,1098],"class_list":["post-7996","post","type-post","status-publish","format-standard","has-post-thumbnail","hentry","category-entrevistas","tag-autopromotec","tag-dispnal-pneus","tag-distribuicao","tag-importacao","tag-mercado","tag-revista-dos-pneus","tag-toyo-tires"],"yoast_head":"<!-- This site is optimized with the Yoast SEO plugin v27.5 - https:\/\/yoast.com\/product\/yoast-seo-wordpress\/ -->\n<title>&quot;O mercado europeu \u00e9 muito importante para n\u00f3s&quot;, Mike Rignall - Revista dos Pneus<\/title>\n<meta name=\"robots\" content=\"index, follow, max-snippet:-1, max-image-preview:large, max-video-preview:-1\" \/>\n<link rel=\"canonical\" href=\"https:\/\/revistadospneus.com\/pt\/2019\/12\/28\/entrevista-com-mike-rignall\/\" \/>\n<meta property=\"og:locale\" content=\"pt_PT\" \/>\n<meta property=\"og:type\" content=\"article\" \/>\n<meta property=\"og:title\" content=\"&quot;O mercado europeu \u00e9 muito importante para n\u00f3s&quot;, Mike Rignall - Revista dos Pneus\" \/>\n<meta property=\"og:description\" content=\"Durante a 28.\u00aa edi\u00e7\u00e3o da Autopromotec, que se realizou,...\" \/>\n<meta property=\"og:url\" content=\"https:\/\/revistadospneus.com\/pt\/2019\/12\/28\/entrevista-com-mike-rignall\/\" \/>\n<meta property=\"og:site_name\" content=\"Revista dos Pneus\" \/>\n<meta property=\"article:publisher\" content=\"https:\/\/www.facebook.com\/revistapneus\" \/>\n<meta property=\"article:published_time\" content=\"2019-12-28T15:07:58+00:00\" \/>\n<meta property=\"article:modified_time\" content=\"2020-02-05T17:09:51+00:00\" \/>\n<meta property=\"og:image\" content=\"https:\/\/revistadospneus.com\/pt\/wp-content\/uploads\/2020\/01\/5c7dff4aac508665717ba812fc4d58af_XL.jpg\" \/>\n\t<meta property=\"og:image:width\" content=\"1024\" \/>\n\t<meta property=\"og:image:height\" content=\"581\" \/>\n\t<meta property=\"og:image:type\" content=\"image\/jpeg\" \/>\n<meta name=\"author\" content=\"Reda\u00e7\u00e3o RP\" \/>\n<meta name=\"twitter:card\" content=\"summary_large_image\" \/>\n<meta name=\"twitter:creator\" content=\"@revistapneus\" \/>\n<meta name=\"twitter:site\" content=\"@revistapneus\" \/>\n<meta name=\"twitter:label1\" content=\"Escrito por\" \/>\n\t<meta name=\"twitter:data1\" content=\"Reda\u00e7\u00e3o RP\" \/>\n\t<meta name=\"twitter:label2\" content=\"Tempo estimado de leitura\" \/>\n\t<meta name=\"twitter:data2\" content=\"1 minuto\" \/>\n<script type=\"application\/ld+json\" class=\"yoast-schema-graph\">{\"@context\":\"https:\\\/\\\/schema.org\",\"@graph\":[{\"@type\":\"Article\",\"@id\":\"https:\\\/\\\/revistadospneus.com\\\/pt\\\/2019\\\/12\\\/28\\\/entrevista-com-mike-rignall\\\/#article\",\"isPartOf\":{\"@id\":\"https:\\\/\\\/revistadospneus.com\\\/pt\\\/2019\\\/12\\\/28\\\/entrevista-com-mike-rignall\\\/\"},\"author\":{\"name\":\"Reda\u00e7\u00e3o RP\",\"@id\":\"https:\\\/\\\/revistadospneus.com\\\/pt\\\/#\\\/schema\\\/person\\\/9c602809538a614c26e5569d14ed6442\"},\"headline\":\"&#8220;O mercado europeu \u00e9 muito importante para n\u00f3s&#8221;, Mike Rignall\",\"datePublished\":\"2019-12-28T15:07:58+00:00\",\"dateModified\":\"2020-02-05T17:09:51+00:00\",\"mainEntityOfPage\":{\"@id\":\"https:\\\/\\\/revistadospneus.com\\\/pt\\\/2019\\\/12\\\/28\\\/entrevista-com-mike-rignall\\\/\"},\"wordCount\":204,\"publisher\":{\"@id\":\"https:\\\/\\\/revistadospneus.com\\\/pt\\\/#organization\"},\"image\":{\"@id\":\"https:\\\/\\\/revistadospneus.com\\\/pt\\\/2019\\\/12\\\/28\\\/entrevista-com-mike-rignall\\\/#primaryimage\"},\"thumbnailUrl\":\"https:\\\/\\\/revistadospneus.com\\\/pt\\\/wp-content\\\/uploads\\\/2020\\\/01\\\/5c7dff4aac508665717ba812fc4d58af_XL.jpg\",\"keywords\":[\"Autopromotec\",\"Dispnal Pneus\",\"Distribui\u00e7\u00e3o\",\"Importa\u00e7\u00e3o\",\"Mercado\",\"Revista dos Pneus\",\"Toyo Tires\"],\"articleSection\":[\"Entrevistas\"],\"inLanguage\":\"pt-PT\"},{\"@type\":\"WebPage\",\"@id\":\"https:\\\/\\\/revistadospneus.com\\\/pt\\\/2019\\\/12\\\/28\\\/entrevista-com-mike-rignall\\\/\",\"url\":\"https:\\\/\\\/revistadospneus.com\\\/pt\\\/2019\\\/12\\\/28\\\/entrevista-com-mike-rignall\\\/\",\"name\":\"\\\"O mercado europeu \u00e9 muito importante para n\u00f3s\\\", Mike Rignall - Revista dos Pneus\",\"isPartOf\":{\"@id\":\"https:\\\/\\\/revistadospneus.com\\\/pt\\\/#website\"},\"primaryImageOfPage\":{\"@id\":\"https:\\\/\\\/revistadospneus.com\\\/pt\\\/2019\\\/12\\\/28\\\/entrevista-com-mike-rignall\\\/#primaryimage\"},\"image\":{\"@id\":\"https:\\\/\\\/revistadospneus.com\\\/pt\\\/2019\\\/12\\\/28\\\/entrevista-com-mike-rignall\\\/#primaryimage\"},\"thumbnailUrl\":\"https:\\\/\\\/revistadospneus.com\\\/pt\\\/wp-content\\\/uploads\\\/2020\\\/01\\\/5c7dff4aac508665717ba812fc4d58af_XL.jpg\",\"datePublished\":\"2019-12-28T15:07:58+00:00\",\"dateModified\":\"2020-02-05T17:09:51+00:00\",\"breadcrumb\":{\"@id\":\"https:\\\/\\\/revistadospneus.com\\\/pt\\\/2019\\\/12\\\/28\\\/entrevista-com-mike-rignall\\\/#breadcrumb\"},\"inLanguage\":\"pt-PT\",\"potentialAction\":[{\"@type\":\"ReadAction\",\"target\":[\"https:\\\/\\\/revistadospneus.com\\\/pt\\\/2019\\\/12\\\/28\\\/entrevista-com-mike-rignall\\\/\"]}]},{\"@type\":\"ImageObject\",\"inLanguage\":\"pt-PT\",\"@id\":\"https:\\\/\\\/revistadospneus.com\\\/pt\\\/2019\\\/12\\\/28\\\/entrevista-com-mike-rignall\\\/#primaryimage\",\"url\":\"https:\\\/\\\/revistadospneus.com\\\/pt\\\/wp-content\\\/uploads\\\/2020\\\/01\\\/5c7dff4aac508665717ba812fc4d58af_XL.jpg\",\"contentUrl\":\"https:\\\/\\\/revistadospneus.com\\\/pt\\\/wp-content\\\/uploads\\\/2020\\\/01\\\/5c7dff4aac508665717ba812fc4d58af_XL.jpg\",\"width\":1024,\"height\":581},{\"@type\":\"BreadcrumbList\",\"@id\":\"https:\\\/\\\/revistadospneus.com\\\/pt\\\/2019\\\/12\\\/28\\\/entrevista-com-mike-rignall\\\/#breadcrumb\",\"itemListElement\":[{\"@type\":\"ListItem\",\"position\":1,\"name\":\"In\u00edcio\",\"item\":\"https:\\\/\\\/revistadospneus.com\\\/pt\\\/\"},{\"@type\":\"ListItem\",\"position\":2,\"name\":\"&#8220;O mercado europeu \u00e9 muito importante para n\u00f3s&#8221;, Mike Rignall\"}]},{\"@type\":\"WebSite\",\"@id\":\"https:\\\/\\\/revistadospneus.com\\\/pt\\\/#website\",\"url\":\"https:\\\/\\\/revistadospneus.com\\\/pt\\\/\",\"name\":\"Revista dos Pneus\",\"description\":\"Revista independente de pneus e servi\u00e7os r\u00e1pidos\",\"publisher\":{\"@id\":\"https:\\\/\\\/revistadospneus.com\\\/pt\\\/#organization\"},\"potentialAction\":[{\"@type\":\"SearchAction\",\"target\":{\"@type\":\"EntryPoint\",\"urlTemplate\":\"https:\\\/\\\/revistadospneus.com\\\/pt\\\/?s={search_term_string}\"},\"query-input\":{\"@type\":\"PropertyValueSpecification\",\"valueRequired\":true,\"valueName\":\"search_term_string\"}}],\"inLanguage\":\"pt-PT\"},{\"@type\":\"Organization\",\"@id\":\"https:\\\/\\\/revistadospneus.com\\\/pt\\\/#organization\",\"name\":\"Revista dos Pneus\",\"url\":\"https:\\\/\\\/revistadospneus.com\\\/pt\\\/\",\"logo\":{\"@type\":\"ImageObject\",\"inLanguage\":\"pt-PT\",\"@id\":\"https:\\\/\\\/revistadospneus.com\\\/pt\\\/#\\\/schema\\\/logo\\\/image\\\/\",\"url\":\"https:\\\/\\\/revistadospneus.com\\\/pt\\\/wp-content\\\/uploads\\\/logo2-1.png\",\"contentUrl\":\"https:\\\/\\\/revistadospneus.com\\\/pt\\\/wp-content\\\/uploads\\\/logo2-1.png\",\"width\":216,\"height\":70,\"caption\":\"Revista dos Pneus\"},\"image\":{\"@id\":\"https:\\\/\\\/revistadospneus.com\\\/pt\\\/#\\\/schema\\\/logo\\\/image\\\/\"},\"sameAs\":[\"https:\\\/\\\/www.facebook.com\\\/revistapneus\",\"https:\\\/\\\/x.com\\\/revistapneus\",\"https:\\\/\\\/www.linkedin.com\\\/company\\\/jornal-das-oficinas\\\/\",\"https:\\\/\\\/www.youtube.com\\\/channel\\\/UCbQZBqtcvV-oSQrr7RzINGg\"]},{\"@type\":\"Person\",\"@id\":\"https:\\\/\\\/revistadospneus.com\\\/pt\\\/#\\\/schema\\\/person\\\/9c602809538a614c26e5569d14ed6442\",\"name\":\"Reda\u00e7\u00e3o RP\",\"image\":{\"@type\":\"ImageObject\",\"inLanguage\":\"pt-PT\",\"@id\":\"https:\\\/\\\/secure.gravatar.com\\\/avatar\\\/71f2fa71737ad68a84fea94bc708ddac8ea5b0c4788dc2ad202f3ccb2887742f?s=96&d=wp_user_avatar&r=g\",\"url\":\"https:\\\/\\\/secure.gravatar.com\\\/avatar\\\/71f2fa71737ad68a84fea94bc708ddac8ea5b0c4788dc2ad202f3ccb2887742f?s=96&d=wp_user_avatar&r=g\",\"contentUrl\":\"https:\\\/\\\/secure.gravatar.com\\\/avatar\\\/71f2fa71737ad68a84fea94bc708ddac8ea5b0c4788dc2ad202f3ccb2887742f?s=96&d=wp_user_avatar&r=g\",\"caption\":\"Reda\u00e7\u00e3o RP\"},\"url\":\"https:\\\/\\\/revistadospneus.com\\\/pt\\\/author\\\/rpredacao\\\/\"}]}<\/script>\n<!-- \/ Yoast SEO plugin. -->","yoast_head_json":{"title":"\"O mercado europeu \u00e9 muito importante para n\u00f3s\", Mike Rignall - Revista dos Pneus","robots":{"index":"index","follow":"follow","max-snippet":"max-snippet:-1","max-image-preview":"max-image-preview:large","max-video-preview":"max-video-preview:-1"},"canonical":"https:\/\/revistadospneus.com\/pt\/2019\/12\/28\/entrevista-com-mike-rignall\/","og_locale":"pt_PT","og_type":"article","og_title":"\"O mercado europeu \u00e9 muito importante para n\u00f3s\", Mike Rignall - Revista dos Pneus","og_description":"Durante a 28.\u00aa edi\u00e7\u00e3o da Autopromotec, que se realizou,...","og_url":"https:\/\/revistadospneus.com\/pt\/2019\/12\/28\/entrevista-com-mike-rignall\/","og_site_name":"Revista dos Pneus","article_publisher":"https:\/\/www.facebook.com\/revistapneus","article_published_time":"2019-12-28T15:07:58+00:00","article_modified_time":"2020-02-05T17:09:51+00:00","og_image":[{"width":1024,"height":581,"url":"https:\/\/revistadospneus.com\/pt\/wp-content\/uploads\/2020\/01\/5c7dff4aac508665717ba812fc4d58af_XL.jpg","type":"image\/jpeg"}],"author":"Reda\u00e7\u00e3o RP","twitter_card":"summary_large_image","twitter_creator":"@revistapneus","twitter_site":"@revistapneus","twitter_misc":{"Escrito por":"Reda\u00e7\u00e3o RP","Tempo estimado de leitura":"1 minuto"},"schema":{"@context":"https:\/\/schema.org","@graph":[{"@type":"Article","@id":"https:\/\/revistadospneus.com\/pt\/2019\/12\/28\/entrevista-com-mike-rignall\/#article","isPartOf":{"@id":"https:\/\/revistadospneus.com\/pt\/2019\/12\/28\/entrevista-com-mike-rignall\/"},"author":{"name":"Reda\u00e7\u00e3o RP","@id":"https:\/\/revistadospneus.com\/pt\/#\/schema\/person\/9c602809538a614c26e5569d14ed6442"},"headline":"&#8220;O mercado europeu \u00e9 muito importante para n\u00f3s&#8221;, Mike Rignall","datePublished":"2019-12-28T15:07:58+00:00","dateModified":"2020-02-05T17:09:51+00:00","mainEntityOfPage":{"@id":"https:\/\/revistadospneus.com\/pt\/2019\/12\/28\/entrevista-com-mike-rignall\/"},"wordCount":204,"publisher":{"@id":"https:\/\/revistadospneus.com\/pt\/#organization"},"image":{"@id":"https:\/\/revistadospneus.com\/pt\/2019\/12\/28\/entrevista-com-mike-rignall\/#primaryimage"},"thumbnailUrl":"https:\/\/revistadospneus.com\/pt\/wp-content\/uploads\/2020\/01\/5c7dff4aac508665717ba812fc4d58af_XL.jpg","keywords":["Autopromotec","Dispnal Pneus","Distribui\u00e7\u00e3o","Importa\u00e7\u00e3o","Mercado","Revista dos Pneus","Toyo Tires"],"articleSection":["Entrevistas"],"inLanguage":"pt-PT"},{"@type":"WebPage","@id":"https:\/\/revistadospneus.com\/pt\/2019\/12\/28\/entrevista-com-mike-rignall\/","url":"https:\/\/revistadospneus.com\/pt\/2019\/12\/28\/entrevista-com-mike-rignall\/","name":"\"O mercado europeu \u00e9 muito importante para n\u00f3s\", Mike Rignall - Revista dos Pneus","isPartOf":{"@id":"https:\/\/revistadospneus.com\/pt\/#website"},"primaryImageOfPage":{"@id":"https:\/\/revistadospneus.com\/pt\/2019\/12\/28\/entrevista-com-mike-rignall\/#primaryimage"},"image":{"@id":"https:\/\/revistadospneus.com\/pt\/2019\/12\/28\/entrevista-com-mike-rignall\/#primaryimage"},"thumbnailUrl":"https:\/\/revistadospneus.com\/pt\/wp-content\/uploads\/2020\/01\/5c7dff4aac508665717ba812fc4d58af_XL.jpg","datePublished":"2019-12-28T15:07:58+00:00","dateModified":"2020-02-05T17:09:51+00:00","breadcrumb":{"@id":"https:\/\/revistadospneus.com\/pt\/2019\/12\/28\/entrevista-com-mike-rignall\/#breadcrumb"},"inLanguage":"pt-PT","potentialAction":[{"@type":"ReadAction","target":["https:\/\/revistadospneus.com\/pt\/2019\/12\/28\/entrevista-com-mike-rignall\/"]}]},{"@type":"ImageObject","inLanguage":"pt-PT","@id":"https:\/\/revistadospneus.com\/pt\/2019\/12\/28\/entrevista-com-mike-rignall\/#primaryimage","url":"https:\/\/revistadospneus.com\/pt\/wp-content\/uploads\/2020\/01\/5c7dff4aac508665717ba812fc4d58af_XL.jpg","contentUrl":"https:\/\/revistadospneus.com\/pt\/wp-content\/uploads\/2020\/01\/5c7dff4aac508665717ba812fc4d58af_XL.jpg","width":1024,"height":581},{"@type":"BreadcrumbList","@id":"https:\/\/revistadospneus.com\/pt\/2019\/12\/28\/entrevista-com-mike-rignall\/#breadcrumb","itemListElement":[{"@type":"ListItem","position":1,"name":"In\u00edcio","item":"https:\/\/revistadospneus.com\/pt\/"},{"@type":"ListItem","position":2,"name":"&#8220;O mercado europeu \u00e9 muito importante para n\u00f3s&#8221;, Mike Rignall"}]},{"@type":"WebSite","@id":"https:\/\/revistadospneus.com\/pt\/#website","url":"https:\/\/revistadospneus.com\/pt\/","name":"Revista dos Pneus","description":"Revista independente de pneus e servi\u00e7os r\u00e1pidos","publisher":{"@id":"https:\/\/revistadospneus.com\/pt\/#organization"},"potentialAction":[{"@type":"SearchAction","target":{"@type":"EntryPoint","urlTemplate":"https:\/\/revistadospneus.com\/pt\/?s={search_term_string}"},"query-input":{"@type":"PropertyValueSpecification","valueRequired":true,"valueName":"search_term_string"}}],"inLanguage":"pt-PT"},{"@type":"Organization","@id":"https:\/\/revistadospneus.com\/pt\/#organization","name":"Revista dos Pneus","url":"https:\/\/revistadospneus.com\/pt\/","logo":{"@type":"ImageObject","inLanguage":"pt-PT","@id":"https:\/\/revistadospneus.com\/pt\/#\/schema\/logo\/image\/","url":"https:\/\/revistadospneus.com\/pt\/wp-content\/uploads\/logo2-1.png","contentUrl":"https:\/\/revistadospneus.com\/pt\/wp-content\/uploads\/logo2-1.png","width":216,"height":70,"caption":"Revista dos Pneus"},"image":{"@id":"https:\/\/revistadospneus.com\/pt\/#\/schema\/logo\/image\/"},"sameAs":["https:\/\/www.facebook.com\/revistapneus","https:\/\/x.com\/revistapneus","https:\/\/www.linkedin.com\/company\/jornal-das-oficinas\/","https:\/\/www.youtube.com\/channel\/UCbQZBqtcvV-oSQrr7RzINGg"]},{"@type":"Person","@id":"https:\/\/revistadospneus.com\/pt\/#\/schema\/person\/9c602809538a614c26e5569d14ed6442","name":"Reda\u00e7\u00e3o RP","image":{"@type":"ImageObject","inLanguage":"pt-PT","@id":"https:\/\/secure.gravatar.com\/avatar\/71f2fa71737ad68a84fea94bc708ddac8ea5b0c4788dc2ad202f3ccb2887742f?s=96&d=wp_user_avatar&r=g","url":"https:\/\/secure.gravatar.com\/avatar\/71f2fa71737ad68a84fea94bc708ddac8ea5b0c4788dc2ad202f3ccb2887742f?s=96&d=wp_user_avatar&r=g","contentUrl":"https:\/\/secure.gravatar.com\/avatar\/71f2fa71737ad68a84fea94bc708ddac8ea5b0c4788dc2ad202f3ccb2887742f?s=96&d=wp_user_avatar&r=g","caption":"Reda\u00e7\u00e3o RP"},"url":"https:\/\/revistadospneus.com\/pt\/author\/rpredacao\/"}]}},"_links":{"self":[{"href":"https:\/\/revistadospneus.com\/pt\/wp-json\/wp\/v2\/posts\/7996","targetHints":{"allow":["GET"]}}],"collection":[{"href":"https:\/\/revistadospneus.com\/pt\/wp-json\/wp\/v2\/posts"}],"about":[{"href":"https:\/\/revistadospneus.com\/pt\/wp-json\/wp\/v2\/types\/post"}],"author":[{"embeddable":true,"href":"https:\/\/revistadospneus.com\/pt\/wp-json\/wp\/v2\/users\/13"}],"replies":[{"embeddable":true,"href":"https:\/\/revistadospneus.com\/pt\/wp-json\/wp\/v2\/comments?post=7996"}],"version-history":[{"count":0,"href":"https:\/\/revistadospneus.com\/pt\/wp-json\/wp\/v2\/posts\/7996\/revisions"}],"wp:featuredmedia":[{"embeddable":true,"href":"https:\/\/revistadospneus.com\/pt\/wp-json\/wp\/v2\/media\/7997"}],"wp:attachment":[{"href":"https:\/\/revistadospneus.com\/pt\/wp-json\/wp\/v2\/media?parent=7996"}],"wp:term":[{"taxonomy":"category","embeddable":true,"href":"https:\/\/revistadospneus.com\/pt\/wp-json\/wp\/v2\/categories?post=7996"},{"taxonomy":"post_tag","embeddable":true,"href":"https:\/\/revistadospneus.com\/pt\/wp-json\/wp\/v2\/tags?post=7996"}],"curies":[{"name":"wp","href":"https:\/\/api.w.org\/{rel}","templated":true}]}}