{"id":8437,"date":"2020-02-11T10:28:18","date_gmt":"2020-02-11T10:28:18","guid":{"rendered":"http:\/\/revistadospneus.com\/pt\/?p=8437"},"modified":"2020-02-11T15:36:36","modified_gmt":"2020-02-11T15:36:36","slug":"vulco-realiza-convencao-anual-com-mais-de-300-participantes","status":"publish","type":"post","link":"https:\/\/revistadospneus.com\/pt\/2020\/02\/11\/vulco-realiza-convencao-anual-com-mais-de-300-participantes\/","title":{"rendered":"Vulco realizou Conven\u00e7\u00e3o Anual com mais de 300 participantes"},"content":{"rendered":"<p><strong><img loading=\"lazy\" decoding=\"async\" class=\"alignnone size-full wp-image-8436\" src=\"https:\/\/revistadospneus.com\/pt\/wp-content\/uploads\/2020\/02\/ConvencionVulco2020Zaragoza.jpg\" alt=\"02 - ConvencionVulco2020Zaragoza\" width=\"1024\" height=\"581\" srcset=\"https:\/\/revistadospneus.com\/pt\/wp-content\/uploads\/2020\/02\/ConvencionVulco2020Zaragoza.jpg 1024w, https:\/\/revistadospneus.com\/pt\/wp-content\/uploads\/2020\/02\/ConvencionVulco2020Zaragoza-300x170.jpg 300w, https:\/\/revistadospneus.com\/pt\/wp-content\/uploads\/2020\/02\/ConvencionVulco2020Zaragoza-150x85.jpg 150w, https:\/\/revistadospneus.com\/pt\/wp-content\/uploads\/2020\/02\/ConvencionVulco2020Zaragoza-768x436.jpg 768w\" sizes=\"auto, (max-width: 1024px) 100vw, 1024px\" \/><\/strong><\/p>\n<p><strong>A Vulco, rede de oficinas apoiada pela Goodyear, especializada em pneus e mec\u00e2nica r\u00e1pida, apresentou as suas novidades e planos para 2020 durante a sua Conven\u00e7\u00e3o Anual, no passado fim de semana, em Sarago\u00e7a.<\/strong><\/p>\n<p>O Hotel Petronila, situado em pleno centro da capital aragonesa, foi o local eleito este ano e aquele em que se reuniram os mais de 300 participantes, entre membros da rede de oficinas pertencentes a Espanha e Portugal, al\u00e9m do <em>staff<\/em> da Goodyear.<\/p>\n<p>Este ano, o lema da conven\u00e7\u00e3o foi \u201cPresente &amp; Futuro\u201d, uma clara refer\u00eancia ao filme &#8220;Regresso ao Futuro&#8221;, a qual contou, inclusivamente, com a presen\u00e7a do m\u00edtico DeLorean, o emblem\u00e1tico autom\u00f3vel do filme que montava pneus Goodyear e que, durante o evento, conquistou a aten\u00e7\u00e3o dos presentes.<\/p>\n<p>A rede de oficinas <a href=\"https:\/\/www.vulco.pt\/\" target=\"_blank\" rel=\"noopener noreferrer\">Vulco<\/a> partilhou as suas principais novidades e prioridades para 2020, com claro foco no utilizador final e nos seus novos h\u00e1bitos de compra e consumo, para estabelecer, assim, os pontos chave e as a\u00e7\u00f5es necess\u00e1rias para satisfazer as suas necessidades e expectativas.<\/p>\n<p>E prestando especial aten\u00e7\u00e3o \u00e0 import\u00e2ncia de que, com a comunica\u00e7\u00e3o adequada, nos diferentes canais atualmente utilizados, se gere o valor e a credibilidade necess\u00e1rios para que esse utilizador, cada vez mais formado e informado, tenha a melhor experi\u00eancia nos centros associados.<\/p>\n<p>Al\u00e9m do mais, um dos pilares fundamentais que levaram a rede a ter \u00eaxito \u00e9 a profissionaliza\u00e7\u00e3o dos seus colaboradores, gra\u00e7as \u00e0 forma\u00e7\u00e3o permanente a que t\u00eam acesso os membros da rede e que lhes permite oferecer um servi\u00e7o de qualidade no dia a dia e, tamb\u00e9m, estarem preparados para o futuro.<\/p>\n<p>Como n\u00e3o podia deixar de ser, a dire\u00e7\u00e3o da Goodyear tamb\u00e9m participou no evento para apoiar a rede de oficinas. Os respons\u00e1veis m\u00e1ximos de duas unidades de neg\u00f3cio, Commercial e Consumer, Alberto Villarreal e Mario Recio, respetivamente, acompanhados de membros da dire\u00e7\u00e3o da empresa a n\u00edvel europeu, partilharam as linhas estrat\u00e9gicas que a <a href=\"https:\/\/www.goodyear.eu\/pt_pt\/consumer.html\" target=\"_blank\" rel=\"noopener noreferrer\">Goodyear<\/a> tem em marcha para os pr\u00f3ximos anos.<\/p>\n<p>Outro dos pontos de interesse para os participantes foi a feira de fornecedores, em que os principais da rede (Cosan \u2013 MOBIL, W\u00fcrth, Motul Ib\u00e9rica, Corghi Ib\u00e9rica, C.G.A, ABC Parts, Cometil, VELYEN, ASER, FRAKMENTA) apresentaram os seus produtos e novidades aos associados.<\/p>\n<p>O ponto final na conven\u00e7\u00e3o foi colocado, como em cada ano, pelo jantar de gala, que, nesta ocasi\u00e3o, teve lugar na quinta La Alquer\u00eda e em que os participantes puderam partilhar experi\u00eancias, esgrimir pontos de vista e trocar impress\u00f5es.<\/p>\n<!-- AddThis Advanced Settings generic via filter on the_content --><!-- AddThis Share Buttons generic via filter on the_content -->","protected":false},"excerpt":{"rendered":"<p>A Vulco, rede de oficinas apoiada pela Goodyear, especializada&#8230;<!-- AddThis Advanced Settings generic via filter on get_the_excerpt --><!-- AddThis Share Buttons generic via filter on get_the_excerpt --><\/p>\n","protected":false},"author":13,"featured_media":8436,"comment_status":"closed","ping_status":"closed","sticky":false,"template":"","format":"standard","meta":{"footnotes":""},"categories":[39],"tags":[50,912,1095],"class_list":["post-8437","post","type-post","status-publish","format-standard","has-post-thumbnail","hentry","category-eventos","tag-goodyear","tag-revista-dos-pneus","tag-vulco"],"yoast_head":"<!-- This site is optimized with the Yoast SEO plugin v27.5 - https:\/\/yoast.com\/product\/yoast-seo-wordpress\/ -->\n<title>Vulco realizou Conven\u00e7\u00e3o Anual com mais de 300 participantes - Revista dos Pneus<\/title>\n<meta name=\"robots\" content=\"index, follow, max-snippet:-1, max-image-preview:large, max-video-preview:-1\" \/>\n<link rel=\"canonical\" href=\"https:\/\/revistadospneus.com\/pt\/2020\/02\/11\/vulco-realiza-convencao-anual-com-mais-de-300-participantes\/\" \/>\n<meta property=\"og:locale\" content=\"pt_PT\" \/>\n<meta property=\"og:type\" content=\"article\" \/>\n<meta property=\"og:title\" content=\"Vulco realizou Conven\u00e7\u00e3o Anual com mais de 300 participantes - Revista dos Pneus\" \/>\n<meta property=\"og:description\" content=\"A Vulco, rede de oficinas apoiada pela Goodyear, especializada...\" \/>\n<meta property=\"og:url\" content=\"https:\/\/revistadospneus.com\/pt\/2020\/02\/11\/vulco-realiza-convencao-anual-com-mais-de-300-participantes\/\" \/>\n<meta property=\"og:site_name\" content=\"Revista dos Pneus\" \/>\n<meta property=\"article:publisher\" content=\"https:\/\/www.facebook.com\/revistapneus\" \/>\n<meta property=\"article:published_time\" content=\"2020-02-11T10:28:18+00:00\" \/>\n<meta property=\"article:modified_time\" content=\"2020-02-11T15:36:36+00:00\" \/>\n<meta property=\"og:image\" content=\"https:\/\/revistadospneus.com\/pt\/wp-content\/uploads\/2020\/02\/ConvencionVulco2020Zaragoza.jpg\" \/>\n\t<meta property=\"og:image:width\" content=\"1024\" \/>\n\t<meta property=\"og:image:height\" content=\"581\" \/>\n\t<meta property=\"og:image:type\" content=\"image\/jpeg\" \/>\n<meta name=\"author\" content=\"Reda\u00e7\u00e3o RP\" \/>\n<meta name=\"twitter:card\" content=\"summary_large_image\" \/>\n<meta name=\"twitter:creator\" content=\"@revistapneus\" \/>\n<meta name=\"twitter:site\" content=\"@revistapneus\" \/>\n<meta name=\"twitter:label1\" content=\"Escrito por\" \/>\n\t<meta name=\"twitter:data1\" content=\"Reda\u00e7\u00e3o RP\" \/>\n\t<meta name=\"twitter:label2\" content=\"Tempo estimado de leitura\" \/>\n\t<meta name=\"twitter:data2\" content=\"2 minutos\" \/>\n<script type=\"application\/ld+json\" class=\"yoast-schema-graph\">{\"@context\":\"https:\\\/\\\/schema.org\",\"@graph\":[{\"@type\":\"Article\",\"@id\":\"https:\\\/\\\/revistadospneus.com\\\/pt\\\/2020\\\/02\\\/11\\\/vulco-realiza-convencao-anual-com-mais-de-300-participantes\\\/#article\",\"isPartOf\":{\"@id\":\"https:\\\/\\\/revistadospneus.com\\\/pt\\\/2020\\\/02\\\/11\\\/vulco-realiza-convencao-anual-com-mais-de-300-participantes\\\/\"},\"author\":{\"name\":\"Reda\u00e7\u00e3o RP\",\"@id\":\"https:\\\/\\\/revistadospneus.com\\\/pt\\\/#\\\/schema\\\/person\\\/9c602809538a614c26e5569d14ed6442\"},\"headline\":\"Vulco realizou Conven\u00e7\u00e3o Anual com mais de 300 participantes\",\"datePublished\":\"2020-02-11T10:28:18+00:00\",\"dateModified\":\"2020-02-11T15:36:36+00:00\",\"mainEntityOfPage\":{\"@id\":\"https:\\\/\\\/revistadospneus.com\\\/pt\\\/2020\\\/02\\\/11\\\/vulco-realiza-convencao-anual-com-mais-de-300-participantes\\\/\"},\"wordCount\":455,\"publisher\":{\"@id\":\"https:\\\/\\\/revistadospneus.com\\\/pt\\\/#organization\"},\"image\":{\"@id\":\"https:\\\/\\\/revistadospneus.com\\\/pt\\\/2020\\\/02\\\/11\\\/vulco-realiza-convencao-anual-com-mais-de-300-participantes\\\/#primaryimage\"},\"thumbnailUrl\":\"https:\\\/\\\/revistadospneus.com\\\/pt\\\/wp-content\\\/uploads\\\/2020\\\/02\\\/ConvencionVulco2020Zaragoza.jpg\",\"keywords\":[\"Goodyear\",\"Revista dos Pneus\",\"Vulco\"],\"articleSection\":[\"Eventos\"],\"inLanguage\":\"pt-PT\"},{\"@type\":\"WebPage\",\"@id\":\"https:\\\/\\\/revistadospneus.com\\\/pt\\\/2020\\\/02\\\/11\\\/vulco-realiza-convencao-anual-com-mais-de-300-participantes\\\/\",\"url\":\"https:\\\/\\\/revistadospneus.com\\\/pt\\\/2020\\\/02\\\/11\\\/vulco-realiza-convencao-anual-com-mais-de-300-participantes\\\/\",\"name\":\"Vulco realizou Conven\u00e7\u00e3o Anual com mais de 300 participantes - Revista dos Pneus\",\"isPartOf\":{\"@id\":\"https:\\\/\\\/revistadospneus.com\\\/pt\\\/#website\"},\"primaryImageOfPage\":{\"@id\":\"https:\\\/\\\/revistadospneus.com\\\/pt\\\/2020\\\/02\\\/11\\\/vulco-realiza-convencao-anual-com-mais-de-300-participantes\\\/#primaryimage\"},\"image\":{\"@id\":\"https:\\\/\\\/revistadospneus.com\\\/pt\\\/2020\\\/02\\\/11\\\/vulco-realiza-convencao-anual-com-mais-de-300-participantes\\\/#primaryimage\"},\"thumbnailUrl\":\"https:\\\/\\\/revistadospneus.com\\\/pt\\\/wp-content\\\/uploads\\\/2020\\\/02\\\/ConvencionVulco2020Zaragoza.jpg\",\"datePublished\":\"2020-02-11T10:28:18+00:00\",\"dateModified\":\"2020-02-11T15:36:36+00:00\",\"breadcrumb\":{\"@id\":\"https:\\\/\\\/revistadospneus.com\\\/pt\\\/2020\\\/02\\\/11\\\/vulco-realiza-convencao-anual-com-mais-de-300-participantes\\\/#breadcrumb\"},\"inLanguage\":\"pt-PT\",\"potentialAction\":[{\"@type\":\"ReadAction\",\"target\":[\"https:\\\/\\\/revistadospneus.com\\\/pt\\\/2020\\\/02\\\/11\\\/vulco-realiza-convencao-anual-com-mais-de-300-participantes\\\/\"]}]},{\"@type\":\"ImageObject\",\"inLanguage\":\"pt-PT\",\"@id\":\"https:\\\/\\\/revistadospneus.com\\\/pt\\\/2020\\\/02\\\/11\\\/vulco-realiza-convencao-anual-com-mais-de-300-participantes\\\/#primaryimage\",\"url\":\"https:\\\/\\\/revistadospneus.com\\\/pt\\\/wp-content\\\/uploads\\\/2020\\\/02\\\/ConvencionVulco2020Zaragoza.jpg\",\"contentUrl\":\"https:\\\/\\\/revistadospneus.com\\\/pt\\\/wp-content\\\/uploads\\\/2020\\\/02\\\/ConvencionVulco2020Zaragoza.jpg\",\"width\":1024,\"height\":581,\"caption\":\"02 - ConvencionVulco2020Zaragoza\"},{\"@type\":\"BreadcrumbList\",\"@id\":\"https:\\\/\\\/revistadospneus.com\\\/pt\\\/2020\\\/02\\\/11\\\/vulco-realiza-convencao-anual-com-mais-de-300-participantes\\\/#breadcrumb\",\"itemListElement\":[{\"@type\":\"ListItem\",\"position\":1,\"name\":\"In\u00edcio\",\"item\":\"https:\\\/\\\/revistadospneus.com\\\/pt\\\/\"},{\"@type\":\"ListItem\",\"position\":2,\"name\":\"Vulco realizou Conven\u00e7\u00e3o Anual com mais de 300 participantes\"}]},{\"@type\":\"WebSite\",\"@id\":\"https:\\\/\\\/revistadospneus.com\\\/pt\\\/#website\",\"url\":\"https:\\\/\\\/revistadospneus.com\\\/pt\\\/\",\"name\":\"Revista dos Pneus\",\"description\":\"Revista independente de pneus e servi\u00e7os r\u00e1pidos\",\"publisher\":{\"@id\":\"https:\\\/\\\/revistadospneus.com\\\/pt\\\/#organization\"},\"potentialAction\":[{\"@type\":\"SearchAction\",\"target\":{\"@type\":\"EntryPoint\",\"urlTemplate\":\"https:\\\/\\\/revistadospneus.com\\\/pt\\\/?s={search_term_string}\"},\"query-input\":{\"@type\":\"PropertyValueSpecification\",\"valueRequired\":true,\"valueName\":\"search_term_string\"}}],\"inLanguage\":\"pt-PT\"},{\"@type\":\"Organization\",\"@id\":\"https:\\\/\\\/revistadospneus.com\\\/pt\\\/#organization\",\"name\":\"Revista dos Pneus\",\"url\":\"https:\\\/\\\/revistadospneus.com\\\/pt\\\/\",\"logo\":{\"@type\":\"ImageObject\",\"inLanguage\":\"pt-PT\",\"@id\":\"https:\\\/\\\/revistadospneus.com\\\/pt\\\/#\\\/schema\\\/logo\\\/image\\\/\",\"url\":\"https:\\\/\\\/revistadospneus.com\\\/pt\\\/wp-content\\\/uploads\\\/logo2-1.png\",\"contentUrl\":\"https:\\\/\\\/revistadospneus.com\\\/pt\\\/wp-content\\\/uploads\\\/logo2-1.png\",\"width\":216,\"height\":70,\"caption\":\"Revista dos Pneus\"},\"image\":{\"@id\":\"https:\\\/\\\/revistadospneus.com\\\/pt\\\/#\\\/schema\\\/logo\\\/image\\\/\"},\"sameAs\":[\"https:\\\/\\\/www.facebook.com\\\/revistapneus\",\"https:\\\/\\\/x.com\\\/revistapneus\",\"https:\\\/\\\/www.linkedin.com\\\/company\\\/jornal-das-oficinas\\\/\",\"https:\\\/\\\/www.youtube.com\\\/channel\\\/UCbQZBqtcvV-oSQrr7RzINGg\"]},{\"@type\":\"Person\",\"@id\":\"https:\\\/\\\/revistadospneus.com\\\/pt\\\/#\\\/schema\\\/person\\\/9c602809538a614c26e5569d14ed6442\",\"name\":\"Reda\u00e7\u00e3o RP\",\"image\":{\"@type\":\"ImageObject\",\"inLanguage\":\"pt-PT\",\"@id\":\"https:\\\/\\\/secure.gravatar.com\\\/avatar\\\/71f2fa71737ad68a84fea94bc708ddac8ea5b0c4788dc2ad202f3ccb2887742f?s=96&d=wp_user_avatar&r=g\",\"url\":\"https:\\\/\\\/secure.gravatar.com\\\/avatar\\\/71f2fa71737ad68a84fea94bc708ddac8ea5b0c4788dc2ad202f3ccb2887742f?s=96&d=wp_user_avatar&r=g\",\"contentUrl\":\"https:\\\/\\\/secure.gravatar.com\\\/avatar\\\/71f2fa71737ad68a84fea94bc708ddac8ea5b0c4788dc2ad202f3ccb2887742f?s=96&d=wp_user_avatar&r=g\",\"caption\":\"Reda\u00e7\u00e3o RP\"},\"url\":\"https:\\\/\\\/revistadospneus.com\\\/pt\\\/author\\\/rpredacao\\\/\"}]}<\/script>\n<!-- \/ Yoast SEO plugin. -->","yoast_head_json":{"title":"Vulco realizou Conven\u00e7\u00e3o Anual com mais de 300 participantes - Revista dos Pneus","robots":{"index":"index","follow":"follow","max-snippet":"max-snippet:-1","max-image-preview":"max-image-preview:large","max-video-preview":"max-video-preview:-1"},"canonical":"https:\/\/revistadospneus.com\/pt\/2020\/02\/11\/vulco-realiza-convencao-anual-com-mais-de-300-participantes\/","og_locale":"pt_PT","og_type":"article","og_title":"Vulco realizou Conven\u00e7\u00e3o Anual com mais de 300 participantes - Revista dos Pneus","og_description":"A Vulco, rede de oficinas apoiada pela Goodyear, especializada...","og_url":"https:\/\/revistadospneus.com\/pt\/2020\/02\/11\/vulco-realiza-convencao-anual-com-mais-de-300-participantes\/","og_site_name":"Revista dos Pneus","article_publisher":"https:\/\/www.facebook.com\/revistapneus","article_published_time":"2020-02-11T10:28:18+00:00","article_modified_time":"2020-02-11T15:36:36+00:00","og_image":[{"width":1024,"height":581,"url":"https:\/\/revistadospneus.com\/pt\/wp-content\/uploads\/2020\/02\/ConvencionVulco2020Zaragoza.jpg","type":"image\/jpeg"}],"author":"Reda\u00e7\u00e3o RP","twitter_card":"summary_large_image","twitter_creator":"@revistapneus","twitter_site":"@revistapneus","twitter_misc":{"Escrito por":"Reda\u00e7\u00e3o RP","Tempo estimado de leitura":"2 minutos"},"schema":{"@context":"https:\/\/schema.org","@graph":[{"@type":"Article","@id":"https:\/\/revistadospneus.com\/pt\/2020\/02\/11\/vulco-realiza-convencao-anual-com-mais-de-300-participantes\/#article","isPartOf":{"@id":"https:\/\/revistadospneus.com\/pt\/2020\/02\/11\/vulco-realiza-convencao-anual-com-mais-de-300-participantes\/"},"author":{"name":"Reda\u00e7\u00e3o RP","@id":"https:\/\/revistadospneus.com\/pt\/#\/schema\/person\/9c602809538a614c26e5569d14ed6442"},"headline":"Vulco realizou Conven\u00e7\u00e3o Anual com mais de 300 participantes","datePublished":"2020-02-11T10:28:18+00:00","dateModified":"2020-02-11T15:36:36+00:00","mainEntityOfPage":{"@id":"https:\/\/revistadospneus.com\/pt\/2020\/02\/11\/vulco-realiza-convencao-anual-com-mais-de-300-participantes\/"},"wordCount":455,"publisher":{"@id":"https:\/\/revistadospneus.com\/pt\/#organization"},"image":{"@id":"https:\/\/revistadospneus.com\/pt\/2020\/02\/11\/vulco-realiza-convencao-anual-com-mais-de-300-participantes\/#primaryimage"},"thumbnailUrl":"https:\/\/revistadospneus.com\/pt\/wp-content\/uploads\/2020\/02\/ConvencionVulco2020Zaragoza.jpg","keywords":["Goodyear","Revista dos Pneus","Vulco"],"articleSection":["Eventos"],"inLanguage":"pt-PT"},{"@type":"WebPage","@id":"https:\/\/revistadospneus.com\/pt\/2020\/02\/11\/vulco-realiza-convencao-anual-com-mais-de-300-participantes\/","url":"https:\/\/revistadospneus.com\/pt\/2020\/02\/11\/vulco-realiza-convencao-anual-com-mais-de-300-participantes\/","name":"Vulco realizou Conven\u00e7\u00e3o Anual com mais de 300 participantes - Revista dos Pneus","isPartOf":{"@id":"https:\/\/revistadospneus.com\/pt\/#website"},"primaryImageOfPage":{"@id":"https:\/\/revistadospneus.com\/pt\/2020\/02\/11\/vulco-realiza-convencao-anual-com-mais-de-300-participantes\/#primaryimage"},"image":{"@id":"https:\/\/revistadospneus.com\/pt\/2020\/02\/11\/vulco-realiza-convencao-anual-com-mais-de-300-participantes\/#primaryimage"},"thumbnailUrl":"https:\/\/revistadospneus.com\/pt\/wp-content\/uploads\/2020\/02\/ConvencionVulco2020Zaragoza.jpg","datePublished":"2020-02-11T10:28:18+00:00","dateModified":"2020-02-11T15:36:36+00:00","breadcrumb":{"@id":"https:\/\/revistadospneus.com\/pt\/2020\/02\/11\/vulco-realiza-convencao-anual-com-mais-de-300-participantes\/#breadcrumb"},"inLanguage":"pt-PT","potentialAction":[{"@type":"ReadAction","target":["https:\/\/revistadospneus.com\/pt\/2020\/02\/11\/vulco-realiza-convencao-anual-com-mais-de-300-participantes\/"]}]},{"@type":"ImageObject","inLanguage":"pt-PT","@id":"https:\/\/revistadospneus.com\/pt\/2020\/02\/11\/vulco-realiza-convencao-anual-com-mais-de-300-participantes\/#primaryimage","url":"https:\/\/revistadospneus.com\/pt\/wp-content\/uploads\/2020\/02\/ConvencionVulco2020Zaragoza.jpg","contentUrl":"https:\/\/revistadospneus.com\/pt\/wp-content\/uploads\/2020\/02\/ConvencionVulco2020Zaragoza.jpg","width":1024,"height":581,"caption":"02 - ConvencionVulco2020Zaragoza"},{"@type":"BreadcrumbList","@id":"https:\/\/revistadospneus.com\/pt\/2020\/02\/11\/vulco-realiza-convencao-anual-com-mais-de-300-participantes\/#breadcrumb","itemListElement":[{"@type":"ListItem","position":1,"name":"In\u00edcio","item":"https:\/\/revistadospneus.com\/pt\/"},{"@type":"ListItem","position":2,"name":"Vulco realizou Conven\u00e7\u00e3o Anual com mais de 300 participantes"}]},{"@type":"WebSite","@id":"https:\/\/revistadospneus.com\/pt\/#website","url":"https:\/\/revistadospneus.com\/pt\/","name":"Revista dos Pneus","description":"Revista independente de pneus e servi\u00e7os r\u00e1pidos","publisher":{"@id":"https:\/\/revistadospneus.com\/pt\/#organization"},"potentialAction":[{"@type":"SearchAction","target":{"@type":"EntryPoint","urlTemplate":"https:\/\/revistadospneus.com\/pt\/?s={search_term_string}"},"query-input":{"@type":"PropertyValueSpecification","valueRequired":true,"valueName":"search_term_string"}}],"inLanguage":"pt-PT"},{"@type":"Organization","@id":"https:\/\/revistadospneus.com\/pt\/#organization","name":"Revista dos Pneus","url":"https:\/\/revistadospneus.com\/pt\/","logo":{"@type":"ImageObject","inLanguage":"pt-PT","@id":"https:\/\/revistadospneus.com\/pt\/#\/schema\/logo\/image\/","url":"https:\/\/revistadospneus.com\/pt\/wp-content\/uploads\/logo2-1.png","contentUrl":"https:\/\/revistadospneus.com\/pt\/wp-content\/uploads\/logo2-1.png","width":216,"height":70,"caption":"Revista dos Pneus"},"image":{"@id":"https:\/\/revistadospneus.com\/pt\/#\/schema\/logo\/image\/"},"sameAs":["https:\/\/www.facebook.com\/revistapneus","https:\/\/x.com\/revistapneus","https:\/\/www.linkedin.com\/company\/jornal-das-oficinas\/","https:\/\/www.youtube.com\/channel\/UCbQZBqtcvV-oSQrr7RzINGg"]},{"@type":"Person","@id":"https:\/\/revistadospneus.com\/pt\/#\/schema\/person\/9c602809538a614c26e5569d14ed6442","name":"Reda\u00e7\u00e3o RP","image":{"@type":"ImageObject","inLanguage":"pt-PT","@id":"https:\/\/secure.gravatar.com\/avatar\/71f2fa71737ad68a84fea94bc708ddac8ea5b0c4788dc2ad202f3ccb2887742f?s=96&d=wp_user_avatar&r=g","url":"https:\/\/secure.gravatar.com\/avatar\/71f2fa71737ad68a84fea94bc708ddac8ea5b0c4788dc2ad202f3ccb2887742f?s=96&d=wp_user_avatar&r=g","contentUrl":"https:\/\/secure.gravatar.com\/avatar\/71f2fa71737ad68a84fea94bc708ddac8ea5b0c4788dc2ad202f3ccb2887742f?s=96&d=wp_user_avatar&r=g","caption":"Reda\u00e7\u00e3o RP"},"url":"https:\/\/revistadospneus.com\/pt\/author\/rpredacao\/"}]}},"_links":{"self":[{"href":"https:\/\/revistadospneus.com\/pt\/wp-json\/wp\/v2\/posts\/8437","targetHints":{"allow":["GET"]}}],"collection":[{"href":"https:\/\/revistadospneus.com\/pt\/wp-json\/wp\/v2\/posts"}],"about":[{"href":"https:\/\/revistadospneus.com\/pt\/wp-json\/wp\/v2\/types\/post"}],"author":[{"embeddable":true,"href":"https:\/\/revistadospneus.com\/pt\/wp-json\/wp\/v2\/users\/13"}],"replies":[{"embeddable":true,"href":"https:\/\/revistadospneus.com\/pt\/wp-json\/wp\/v2\/comments?post=8437"}],"version-history":[{"count":0,"href":"https:\/\/revistadospneus.com\/pt\/wp-json\/wp\/v2\/posts\/8437\/revisions"}],"wp:featuredmedia":[{"embeddable":true,"href":"https:\/\/revistadospneus.com\/pt\/wp-json\/wp\/v2\/media\/8436"}],"wp:attachment":[{"href":"https:\/\/revistadospneus.com\/pt\/wp-json\/wp\/v2\/media?parent=8437"}],"wp:term":[{"taxonomy":"category","embeddable":true,"href":"https:\/\/revistadospneus.com\/pt\/wp-json\/wp\/v2\/categories?post=8437"},{"taxonomy":"post_tag","embeddable":true,"href":"https:\/\/revistadospneus.com\/pt\/wp-json\/wp\/v2\/tags?post=8437"}],"curies":[{"name":"wp","href":"https:\/\/api.w.org\/{rel}","templated":true}]}}