{"id":9017,"date":"2020-03-31T19:39:11","date_gmt":"2020-03-31T19:39:11","guid":{"rendered":"http:\/\/revistadospneus.com\/pt\/?p=9017"},"modified":"2020-03-31T19:39:11","modified_gmt":"2020-03-31T19:39:11","slug":"bkt-da-prova-de-resiliencia-em-tempos-de-pandemia","status":"publish","type":"post","link":"https:\/\/revistadospneus.com\/pt\/2020\/03\/31\/bkt-da-prova-de-resiliencia-em-tempos-de-pandemia\/","title":{"rendered":"BKT d\u00e1 prova de resili\u00eancia em tempos de pandemia"},"content":{"rendered":"<p><img loading=\"lazy\" decoding=\"async\" class=\"alignnone wp-image-9016 size-full\" src=\"https:\/\/revistadospneus.com\/pt\/wp-content\/uploads\/2020\/03\/bktcovid19.png\" alt=\"03 - bktcovid19\" width=\"1024\" height=\"581\" srcset=\"https:\/\/revistadospneus.com\/pt\/wp-content\/uploads\/2020\/03\/bktcovid19.png 1024w, https:\/\/revistadospneus.com\/pt\/wp-content\/uploads\/2020\/03\/bktcovid19-300x170.png 300w, https:\/\/revistadospneus.com\/pt\/wp-content\/uploads\/2020\/03\/bktcovid19-150x85.png 150w, https:\/\/revistadospneus.com\/pt\/wp-content\/uploads\/2020\/03\/bktcovid19-768x436.png 768w\" sizes=\"auto, (max-width: 1024px) 100vw, 1024px\" \/><\/p>\n<p><strong>Tamb\u00e9m a BKT tem de enfrentar uma emerg\u00eancia extraordin\u00e1ria e muito complexa face \u00e0 crise do coronav\u00edrus, uma situa\u00e7\u00e3o que tem de ser gerida em todo o grupo a n\u00edvel internacional.<\/strong><\/p>\n<p>Neste momento, para a BKT, a prioridade indiscut\u00edvel \u00e9 garantir a seguran\u00e7a dos seus colaboradores, continuando a seguir, escrupulosamente, as diretrizes governamentais dos v\u00e1rios pa\u00edses onde a marca est\u00e1 presente, minimizando os riscos.<\/p>\n<p>O primeiro pensamento \u00e9 humano, uma vez que a situa\u00e7\u00e3o \u00e9 incerta e dif\u00edcil, sendo o mais importante refor\u00e7ar o esp\u00edrito de equipa, encorajarmo-nos mutuamente, mantermo-nos unidos e enfrentarmos juntos esta situa\u00e7\u00e3o.<\/p>\n<p>&#8220;Esta situa\u00e7\u00e3o p\u00f5e-nos \u00e0 prova, mas a resili\u00eancia \u00e9 um dos valores fundamentais da nossa empresa. Por isso, encaramos o futuro com determina\u00e7\u00e3o e um profundo sentido de responsabilidade&#8221;, afirma Lucia Salmaso, CEO da BKT Europe.<\/p>\n<p>\u201cS\u00e3o estas as ideias da BKT. O grupo n\u00e3o perdeu a sua capacidade de rea\u00e7\u00e3o e est\u00e1 a organizar, da melhor forma poss\u00edvel, os processos internos e externos, de modo a poder recome\u00e7ar assim que seja poss\u00edvel\u201d, revela a respons\u00e1vel.<\/p>\n<p>\u201cA equipa da cadeia de abastecimento continua em atividade, em permanente contacto com os fornecedores de mat\u00e9rias-primas, para que a produ\u00e7\u00e3o esteja pronta a recome\u00e7ar sem perder um segundo\u201d d\u00e1 conta Lucia Salmaso.<\/p>\n<p>A sede e as unidades de produ\u00e7\u00e3o da <a href=\"https:\/\/www.bkt-tires.com\/en\" target=\"_blank\" rel=\"noopener noreferrer\">BKT<\/a> na \u00cdndia, cujo governo optou pelo<em> lockdown <\/em>como m\u00e9todo de conten\u00e7\u00e3o da propaga\u00e7\u00e3o do coronav\u00edrus e prote\u00e7\u00e3o da sa\u00fade dos cidad\u00e3os, permanecer\u00e3o encerradas at\u00e9 dia 14 de abril de 2020.<\/p>\n<p>Os servi\u00e7os de assist\u00eancia ao cliente e apoio \u00e0s vendas, pelo contr\u00e1rio, continuam a funcionar em <em>smart working<\/em>, um m\u00e9todo adotado pelo grupo ainda antes de se tornar obrigat\u00f3rio.<\/p>\n<p>A BKT Europe, que inclui servi\u00e7os de log\u00edstica, assist\u00eancia t\u00e9cnica, <em>marketing<\/em>, assist\u00eancia ao cliente e apoio \u00e0s vendas, trabalha em <em>smart working<\/em> desde finais de fevereiro e n\u00e3o registou qualquer abrandamento nas diversas atividades habituais.<\/p>\n<p>O estabelecimento de Seregno (norte de It\u00e1lia) est\u00e1 em permanente contacto com os clientes europeus de equipamento original, gerindo a situa\u00e7\u00e3o caso a caso, com a m\u00e1xima pontualidade poss\u00edvel, como \u00e9 h\u00e1bito.<\/p>\n<p>&#8220;\u00c9 um momento verdadeiramente terr\u00edvel e todos n\u00f3s esperamos, do fundo do cora\u00e7\u00e3o, que passe o mais r\u00e1pido poss\u00edvel. Estamos a aproveitar o tempo para reunir energias e ideias para recome\u00e7armos ainda mais fortes e competitivos. Esta situa\u00e7\u00e3o de emerg\u00eancia d\u00e1-nos a possibilidade de pensar no futuro e ser criativos, embora, neste momento, para n\u00f3s, a prioridade absoluta seja a seguran\u00e7a dos nossos colaboradores e as medidas de conten\u00e7\u00e3o dos riscos\u201d, assegura Lucia Salmaso.<\/p>\n<p>E conclui: \u201cA for\u00e7a, tal como a resili\u00eancia, encontam-se entre os nossos valores mais importantes enquanto pessoas e enquanto empresa. Por isso, tenho a certeza de que vamos conseguir, assim como todos os que trabalham connosco\u201d.<\/p>\n<!-- AddThis Advanced Settings generic via filter on the_content --><!-- AddThis Share Buttons generic via filter on the_content -->","protected":false},"excerpt":{"rendered":"<p>Tamb\u00e9m a BKT tem de enfrentar uma emerg\u00eancia extraordin\u00e1ria&#8230;<!-- AddThis Advanced Settings generic via filter on get_the_excerpt --><!-- AddThis Share Buttons generic via filter on get_the_excerpt --><\/p>\n","protected":false},"author":13,"featured_media":9016,"comment_status":"closed","ping_status":"closed","sticky":false,"template":"","format":"standard","meta":{"footnotes":""},"categories":[29],"tags":[989,1303,1301,912,1083],"class_list":["post-9017","post","type-post","status-publish","format-standard","has-post-thumbnail","hentry","category-empresas","tag-bkt","tag-coronavirus","tag-covid-19","tag-revista-dos-pneus","tag-s-jose-pneus"],"yoast_head":"<!-- This site is optimized with the Yoast SEO plugin v27.4 - https:\/\/yoast.com\/product\/yoast-seo-wordpress\/ -->\n<title>BKT d\u00e1 prova de resili\u00eancia em tempos de pandemia - Revista dos Pneus<\/title>\n<meta name=\"robots\" content=\"index, follow, max-snippet:-1, max-image-preview:large, max-video-preview:-1\" \/>\n<link rel=\"canonical\" href=\"https:\/\/revistadospneus.com\/pt\/2020\/03\/31\/bkt-da-prova-de-resiliencia-em-tempos-de-pandemia\/\" \/>\n<meta property=\"og:locale\" content=\"pt_PT\" \/>\n<meta property=\"og:type\" content=\"article\" \/>\n<meta property=\"og:title\" content=\"BKT d\u00e1 prova de resili\u00eancia em tempos de pandemia - Revista dos Pneus\" \/>\n<meta property=\"og:description\" content=\"Tamb\u00e9m a BKT tem de enfrentar uma emerg\u00eancia extraordin\u00e1ria...\" \/>\n<meta property=\"og:url\" content=\"https:\/\/revistadospneus.com\/pt\/2020\/03\/31\/bkt-da-prova-de-resiliencia-em-tempos-de-pandemia\/\" \/>\n<meta property=\"og:site_name\" content=\"Revista dos Pneus\" \/>\n<meta property=\"article:publisher\" content=\"https:\/\/www.facebook.com\/revistapneus\" \/>\n<meta property=\"article:published_time\" content=\"2020-03-31T19:39:11+00:00\" \/>\n<meta property=\"og:image\" content=\"https:\/\/revistadospneus.com\/pt\/wp-content\/uploads\/2020\/03\/bktcovid19.png\" \/>\n\t<meta property=\"og:image:width\" content=\"1024\" \/>\n\t<meta property=\"og:image:height\" content=\"581\" \/>\n\t<meta property=\"og:image:type\" content=\"image\/png\" \/>\n<meta name=\"author\" content=\"Reda\u00e7\u00e3o RP\" \/>\n<meta name=\"twitter:card\" content=\"summary_large_image\" \/>\n<meta name=\"twitter:creator\" content=\"@revistapneus\" \/>\n<meta name=\"twitter:site\" content=\"@revistapneus\" \/>\n<meta name=\"twitter:label1\" content=\"Escrito por\" \/>\n\t<meta name=\"twitter:data1\" content=\"Reda\u00e7\u00e3o RP\" \/>\n\t<meta name=\"twitter:label2\" content=\"Tempo estimado de leitura\" \/>\n\t<meta name=\"twitter:data2\" content=\"3 minutos\" \/>\n<script type=\"application\/ld+json\" class=\"yoast-schema-graph\">{\"@context\":\"https:\\\/\\\/schema.org\",\"@graph\":[{\"@type\":\"Article\",\"@id\":\"https:\\\/\\\/revistadospneus.com\\\/pt\\\/2020\\\/03\\\/31\\\/bkt-da-prova-de-resiliencia-em-tempos-de-pandemia\\\/#article\",\"isPartOf\":{\"@id\":\"https:\\\/\\\/revistadospneus.com\\\/pt\\\/2020\\\/03\\\/31\\\/bkt-da-prova-de-resiliencia-em-tempos-de-pandemia\\\/\"},\"author\":{\"name\":\"Reda\u00e7\u00e3o RP\",\"@id\":\"https:\\\/\\\/revistadospneus.com\\\/pt\\\/#\\\/schema\\\/person\\\/9c602809538a614c26e5569d14ed6442\"},\"headline\":\"BKT d\u00e1 prova de resili\u00eancia em tempos de pandemia\",\"datePublished\":\"2020-03-31T19:39:11+00:00\",\"mainEntityOfPage\":{\"@id\":\"https:\\\/\\\/revistadospneus.com\\\/pt\\\/2020\\\/03\\\/31\\\/bkt-da-prova-de-resiliencia-em-tempos-de-pandemia\\\/\"},\"wordCount\":518,\"publisher\":{\"@id\":\"https:\\\/\\\/revistadospneus.com\\\/pt\\\/#organization\"},\"image\":{\"@id\":\"https:\\\/\\\/revistadospneus.com\\\/pt\\\/2020\\\/03\\\/31\\\/bkt-da-prova-de-resiliencia-em-tempos-de-pandemia\\\/#primaryimage\"},\"thumbnailUrl\":\"https:\\\/\\\/revistadospneus.com\\\/pt\\\/wp-content\\\/uploads\\\/2020\\\/03\\\/bktcovid19.png\",\"keywords\":[\"BKT\",\"Coronav\u00edrus\",\"COVID-19\",\"Revista dos Pneus\",\"S. Jos\u00e9 Pneus\"],\"articleSection\":[\"Empresas\"],\"inLanguage\":\"pt-PT\"},{\"@type\":\"WebPage\",\"@id\":\"https:\\\/\\\/revistadospneus.com\\\/pt\\\/2020\\\/03\\\/31\\\/bkt-da-prova-de-resiliencia-em-tempos-de-pandemia\\\/\",\"url\":\"https:\\\/\\\/revistadospneus.com\\\/pt\\\/2020\\\/03\\\/31\\\/bkt-da-prova-de-resiliencia-em-tempos-de-pandemia\\\/\",\"name\":\"BKT d\u00e1 prova de resili\u00eancia em tempos de pandemia - Revista dos Pneus\",\"isPartOf\":{\"@id\":\"https:\\\/\\\/revistadospneus.com\\\/pt\\\/#website\"},\"primaryImageOfPage\":{\"@id\":\"https:\\\/\\\/revistadospneus.com\\\/pt\\\/2020\\\/03\\\/31\\\/bkt-da-prova-de-resiliencia-em-tempos-de-pandemia\\\/#primaryimage\"},\"image\":{\"@id\":\"https:\\\/\\\/revistadospneus.com\\\/pt\\\/2020\\\/03\\\/31\\\/bkt-da-prova-de-resiliencia-em-tempos-de-pandemia\\\/#primaryimage\"},\"thumbnailUrl\":\"https:\\\/\\\/revistadospneus.com\\\/pt\\\/wp-content\\\/uploads\\\/2020\\\/03\\\/bktcovid19.png\",\"datePublished\":\"2020-03-31T19:39:11+00:00\",\"breadcrumb\":{\"@id\":\"https:\\\/\\\/revistadospneus.com\\\/pt\\\/2020\\\/03\\\/31\\\/bkt-da-prova-de-resiliencia-em-tempos-de-pandemia\\\/#breadcrumb\"},\"inLanguage\":\"pt-PT\",\"potentialAction\":[{\"@type\":\"ReadAction\",\"target\":[\"https:\\\/\\\/revistadospneus.com\\\/pt\\\/2020\\\/03\\\/31\\\/bkt-da-prova-de-resiliencia-em-tempos-de-pandemia\\\/\"]}]},{\"@type\":\"ImageObject\",\"inLanguage\":\"pt-PT\",\"@id\":\"https:\\\/\\\/revistadospneus.com\\\/pt\\\/2020\\\/03\\\/31\\\/bkt-da-prova-de-resiliencia-em-tempos-de-pandemia\\\/#primaryimage\",\"url\":\"https:\\\/\\\/revistadospneus.com\\\/pt\\\/wp-content\\\/uploads\\\/2020\\\/03\\\/bktcovid19.png\",\"contentUrl\":\"https:\\\/\\\/revistadospneus.com\\\/pt\\\/wp-content\\\/uploads\\\/2020\\\/03\\\/bktcovid19.png\",\"width\":1024,\"height\":581,\"caption\":\"03 - bktcovid19\"},{\"@type\":\"BreadcrumbList\",\"@id\":\"https:\\\/\\\/revistadospneus.com\\\/pt\\\/2020\\\/03\\\/31\\\/bkt-da-prova-de-resiliencia-em-tempos-de-pandemia\\\/#breadcrumb\",\"itemListElement\":[{\"@type\":\"ListItem\",\"position\":1,\"name\":\"In\u00edcio\",\"item\":\"https:\\\/\\\/revistadospneus.com\\\/pt\\\/\"},{\"@type\":\"ListItem\",\"position\":2,\"name\":\"BKT d\u00e1 prova de resili\u00eancia em tempos de pandemia\"}]},{\"@type\":\"WebSite\",\"@id\":\"https:\\\/\\\/revistadospneus.com\\\/pt\\\/#website\",\"url\":\"https:\\\/\\\/revistadospneus.com\\\/pt\\\/\",\"name\":\"Revista dos Pneus\",\"description\":\"Revista independente de pneus e servi\u00e7os r\u00e1pidos\",\"publisher\":{\"@id\":\"https:\\\/\\\/revistadospneus.com\\\/pt\\\/#organization\"},\"potentialAction\":[{\"@type\":\"SearchAction\",\"target\":{\"@type\":\"EntryPoint\",\"urlTemplate\":\"https:\\\/\\\/revistadospneus.com\\\/pt\\\/?s={search_term_string}\"},\"query-input\":{\"@type\":\"PropertyValueSpecification\",\"valueRequired\":true,\"valueName\":\"search_term_string\"}}],\"inLanguage\":\"pt-PT\"},{\"@type\":\"Organization\",\"@id\":\"https:\\\/\\\/revistadospneus.com\\\/pt\\\/#organization\",\"name\":\"Revista dos Pneus\",\"url\":\"https:\\\/\\\/revistadospneus.com\\\/pt\\\/\",\"logo\":{\"@type\":\"ImageObject\",\"inLanguage\":\"pt-PT\",\"@id\":\"https:\\\/\\\/revistadospneus.com\\\/pt\\\/#\\\/schema\\\/logo\\\/image\\\/\",\"url\":\"https:\\\/\\\/revistadospneus.com\\\/pt\\\/wp-content\\\/uploads\\\/logo2-1.png\",\"contentUrl\":\"https:\\\/\\\/revistadospneus.com\\\/pt\\\/wp-content\\\/uploads\\\/logo2-1.png\",\"width\":216,\"height\":70,\"caption\":\"Revista dos Pneus\"},\"image\":{\"@id\":\"https:\\\/\\\/revistadospneus.com\\\/pt\\\/#\\\/schema\\\/logo\\\/image\\\/\"},\"sameAs\":[\"https:\\\/\\\/www.facebook.com\\\/revistapneus\",\"https:\\\/\\\/x.com\\\/revistapneus\",\"https:\\\/\\\/www.linkedin.com\\\/company\\\/jornal-das-oficinas\\\/\",\"https:\\\/\\\/www.youtube.com\\\/channel\\\/UCbQZBqtcvV-oSQrr7RzINGg\"]},{\"@type\":\"Person\",\"@id\":\"https:\\\/\\\/revistadospneus.com\\\/pt\\\/#\\\/schema\\\/person\\\/9c602809538a614c26e5569d14ed6442\",\"name\":\"Reda\u00e7\u00e3o RP\",\"image\":{\"@type\":\"ImageObject\",\"inLanguage\":\"pt-PT\",\"@id\":\"https:\\\/\\\/secure.gravatar.com\\\/avatar\\\/71f2fa71737ad68a84fea94bc708ddac8ea5b0c4788dc2ad202f3ccb2887742f?s=96&d=wp_user_avatar&r=g\",\"url\":\"https:\\\/\\\/secure.gravatar.com\\\/avatar\\\/71f2fa71737ad68a84fea94bc708ddac8ea5b0c4788dc2ad202f3ccb2887742f?s=96&d=wp_user_avatar&r=g\",\"contentUrl\":\"https:\\\/\\\/secure.gravatar.com\\\/avatar\\\/71f2fa71737ad68a84fea94bc708ddac8ea5b0c4788dc2ad202f3ccb2887742f?s=96&d=wp_user_avatar&r=g\",\"caption\":\"Reda\u00e7\u00e3o RP\"},\"url\":\"https:\\\/\\\/revistadospneus.com\\\/pt\\\/author\\\/rpredacao\\\/\"}]}<\/script>\n<!-- \/ Yoast SEO plugin. -->","yoast_head_json":{"title":"BKT d\u00e1 prova de resili\u00eancia em tempos de pandemia - Revista dos Pneus","robots":{"index":"index","follow":"follow","max-snippet":"max-snippet:-1","max-image-preview":"max-image-preview:large","max-video-preview":"max-video-preview:-1"},"canonical":"https:\/\/revistadospneus.com\/pt\/2020\/03\/31\/bkt-da-prova-de-resiliencia-em-tempos-de-pandemia\/","og_locale":"pt_PT","og_type":"article","og_title":"BKT d\u00e1 prova de resili\u00eancia em tempos de pandemia - Revista dos Pneus","og_description":"Tamb\u00e9m a BKT tem de enfrentar uma emerg\u00eancia extraordin\u00e1ria...","og_url":"https:\/\/revistadospneus.com\/pt\/2020\/03\/31\/bkt-da-prova-de-resiliencia-em-tempos-de-pandemia\/","og_site_name":"Revista dos Pneus","article_publisher":"https:\/\/www.facebook.com\/revistapneus","article_published_time":"2020-03-31T19:39:11+00:00","og_image":[{"width":1024,"height":581,"url":"https:\/\/revistadospneus.com\/pt\/wp-content\/uploads\/2020\/03\/bktcovid19.png","type":"image\/png"}],"author":"Reda\u00e7\u00e3o RP","twitter_card":"summary_large_image","twitter_creator":"@revistapneus","twitter_site":"@revistapneus","twitter_misc":{"Escrito por":"Reda\u00e7\u00e3o RP","Tempo estimado de leitura":"3 minutos"},"schema":{"@context":"https:\/\/schema.org","@graph":[{"@type":"Article","@id":"https:\/\/revistadospneus.com\/pt\/2020\/03\/31\/bkt-da-prova-de-resiliencia-em-tempos-de-pandemia\/#article","isPartOf":{"@id":"https:\/\/revistadospneus.com\/pt\/2020\/03\/31\/bkt-da-prova-de-resiliencia-em-tempos-de-pandemia\/"},"author":{"name":"Reda\u00e7\u00e3o RP","@id":"https:\/\/revistadospneus.com\/pt\/#\/schema\/person\/9c602809538a614c26e5569d14ed6442"},"headline":"BKT d\u00e1 prova de resili\u00eancia em tempos de pandemia","datePublished":"2020-03-31T19:39:11+00:00","mainEntityOfPage":{"@id":"https:\/\/revistadospneus.com\/pt\/2020\/03\/31\/bkt-da-prova-de-resiliencia-em-tempos-de-pandemia\/"},"wordCount":518,"publisher":{"@id":"https:\/\/revistadospneus.com\/pt\/#organization"},"image":{"@id":"https:\/\/revistadospneus.com\/pt\/2020\/03\/31\/bkt-da-prova-de-resiliencia-em-tempos-de-pandemia\/#primaryimage"},"thumbnailUrl":"https:\/\/revistadospneus.com\/pt\/wp-content\/uploads\/2020\/03\/bktcovid19.png","keywords":["BKT","Coronav\u00edrus","COVID-19","Revista dos Pneus","S. Jos\u00e9 Pneus"],"articleSection":["Empresas"],"inLanguage":"pt-PT"},{"@type":"WebPage","@id":"https:\/\/revistadospneus.com\/pt\/2020\/03\/31\/bkt-da-prova-de-resiliencia-em-tempos-de-pandemia\/","url":"https:\/\/revistadospneus.com\/pt\/2020\/03\/31\/bkt-da-prova-de-resiliencia-em-tempos-de-pandemia\/","name":"BKT d\u00e1 prova de resili\u00eancia em tempos de pandemia - Revista dos Pneus","isPartOf":{"@id":"https:\/\/revistadospneus.com\/pt\/#website"},"primaryImageOfPage":{"@id":"https:\/\/revistadospneus.com\/pt\/2020\/03\/31\/bkt-da-prova-de-resiliencia-em-tempos-de-pandemia\/#primaryimage"},"image":{"@id":"https:\/\/revistadospneus.com\/pt\/2020\/03\/31\/bkt-da-prova-de-resiliencia-em-tempos-de-pandemia\/#primaryimage"},"thumbnailUrl":"https:\/\/revistadospneus.com\/pt\/wp-content\/uploads\/2020\/03\/bktcovid19.png","datePublished":"2020-03-31T19:39:11+00:00","breadcrumb":{"@id":"https:\/\/revistadospneus.com\/pt\/2020\/03\/31\/bkt-da-prova-de-resiliencia-em-tempos-de-pandemia\/#breadcrumb"},"inLanguage":"pt-PT","potentialAction":[{"@type":"ReadAction","target":["https:\/\/revistadospneus.com\/pt\/2020\/03\/31\/bkt-da-prova-de-resiliencia-em-tempos-de-pandemia\/"]}]},{"@type":"ImageObject","inLanguage":"pt-PT","@id":"https:\/\/revistadospneus.com\/pt\/2020\/03\/31\/bkt-da-prova-de-resiliencia-em-tempos-de-pandemia\/#primaryimage","url":"https:\/\/revistadospneus.com\/pt\/wp-content\/uploads\/2020\/03\/bktcovid19.png","contentUrl":"https:\/\/revistadospneus.com\/pt\/wp-content\/uploads\/2020\/03\/bktcovid19.png","width":1024,"height":581,"caption":"03 - bktcovid19"},{"@type":"BreadcrumbList","@id":"https:\/\/revistadospneus.com\/pt\/2020\/03\/31\/bkt-da-prova-de-resiliencia-em-tempos-de-pandemia\/#breadcrumb","itemListElement":[{"@type":"ListItem","position":1,"name":"In\u00edcio","item":"https:\/\/revistadospneus.com\/pt\/"},{"@type":"ListItem","position":2,"name":"BKT d\u00e1 prova de resili\u00eancia em tempos de pandemia"}]},{"@type":"WebSite","@id":"https:\/\/revistadospneus.com\/pt\/#website","url":"https:\/\/revistadospneus.com\/pt\/","name":"Revista dos Pneus","description":"Revista independente de pneus e servi\u00e7os r\u00e1pidos","publisher":{"@id":"https:\/\/revistadospneus.com\/pt\/#organization"},"potentialAction":[{"@type":"SearchAction","target":{"@type":"EntryPoint","urlTemplate":"https:\/\/revistadospneus.com\/pt\/?s={search_term_string}"},"query-input":{"@type":"PropertyValueSpecification","valueRequired":true,"valueName":"search_term_string"}}],"inLanguage":"pt-PT"},{"@type":"Organization","@id":"https:\/\/revistadospneus.com\/pt\/#organization","name":"Revista dos Pneus","url":"https:\/\/revistadospneus.com\/pt\/","logo":{"@type":"ImageObject","inLanguage":"pt-PT","@id":"https:\/\/revistadospneus.com\/pt\/#\/schema\/logo\/image\/","url":"https:\/\/revistadospneus.com\/pt\/wp-content\/uploads\/logo2-1.png","contentUrl":"https:\/\/revistadospneus.com\/pt\/wp-content\/uploads\/logo2-1.png","width":216,"height":70,"caption":"Revista dos Pneus"},"image":{"@id":"https:\/\/revistadospneus.com\/pt\/#\/schema\/logo\/image\/"},"sameAs":["https:\/\/www.facebook.com\/revistapneus","https:\/\/x.com\/revistapneus","https:\/\/www.linkedin.com\/company\/jornal-das-oficinas\/","https:\/\/www.youtube.com\/channel\/UCbQZBqtcvV-oSQrr7RzINGg"]},{"@type":"Person","@id":"https:\/\/revistadospneus.com\/pt\/#\/schema\/person\/9c602809538a614c26e5569d14ed6442","name":"Reda\u00e7\u00e3o RP","image":{"@type":"ImageObject","inLanguage":"pt-PT","@id":"https:\/\/secure.gravatar.com\/avatar\/71f2fa71737ad68a84fea94bc708ddac8ea5b0c4788dc2ad202f3ccb2887742f?s=96&d=wp_user_avatar&r=g","url":"https:\/\/secure.gravatar.com\/avatar\/71f2fa71737ad68a84fea94bc708ddac8ea5b0c4788dc2ad202f3ccb2887742f?s=96&d=wp_user_avatar&r=g","contentUrl":"https:\/\/secure.gravatar.com\/avatar\/71f2fa71737ad68a84fea94bc708ddac8ea5b0c4788dc2ad202f3ccb2887742f?s=96&d=wp_user_avatar&r=g","caption":"Reda\u00e7\u00e3o RP"},"url":"https:\/\/revistadospneus.com\/pt\/author\/rpredacao\/"}]}},"_links":{"self":[{"href":"https:\/\/revistadospneus.com\/pt\/wp-json\/wp\/v2\/posts\/9017","targetHints":{"allow":["GET"]}}],"collection":[{"href":"https:\/\/revistadospneus.com\/pt\/wp-json\/wp\/v2\/posts"}],"about":[{"href":"https:\/\/revistadospneus.com\/pt\/wp-json\/wp\/v2\/types\/post"}],"author":[{"embeddable":true,"href":"https:\/\/revistadospneus.com\/pt\/wp-json\/wp\/v2\/users\/13"}],"replies":[{"embeddable":true,"href":"https:\/\/revistadospneus.com\/pt\/wp-json\/wp\/v2\/comments?post=9017"}],"version-history":[{"count":0,"href":"https:\/\/revistadospneus.com\/pt\/wp-json\/wp\/v2\/posts\/9017\/revisions"}],"wp:featuredmedia":[{"embeddable":true,"href":"https:\/\/revistadospneus.com\/pt\/wp-json\/wp\/v2\/media\/9016"}],"wp:attachment":[{"href":"https:\/\/revistadospneus.com\/pt\/wp-json\/wp\/v2\/media?parent=9017"}],"wp:term":[{"taxonomy":"category","embeddable":true,"href":"https:\/\/revistadospneus.com\/pt\/wp-json\/wp\/v2\/categories?post=9017"},{"taxonomy":"post_tag","embeddable":true,"href":"https:\/\/revistadospneus.com\/pt\/wp-json\/wp\/v2\/tags?post=9017"}],"curies":[{"name":"wp","href":"https:\/\/api.w.org\/{rel}","templated":true}]}}