{"id":9151,"date":"2020-04-21T21:55:28","date_gmt":"2020-04-21T21:55:28","guid":{"rendered":"http:\/\/revistadospneus.com\/pt\/?p=9151"},"modified":"2020-04-21T21:55:28","modified_gmt":"2020-04-21T21:55:28","slug":"bridgestone-retoma-producao-de-forma-total-na-europa","status":"publish","type":"post","link":"https:\/\/revistadospneus.com\/pt\/2020\/04\/21\/bridgestone-retoma-producao-de-forma-total-na-europa\/","title":{"rendered":"Bridgestone retoma produ\u00e7\u00e3o de forma total na Europa"},"content":{"rendered":"<p><img loading=\"lazy\" decoding=\"async\" class=\"alignnone wp-image-9152 size-full\" src=\"https:\/\/revistadospneus.com\/pt\/wp-content\/uploads\/2020\/04\/bridgestoneemia-1.png\" alt=\"04 - bridgestoneemia-1\" width=\"1024\" height=\"581\" srcset=\"https:\/\/revistadospneus.com\/pt\/wp-content\/uploads\/2020\/04\/bridgestoneemia-1.png 1024w, https:\/\/revistadospneus.com\/pt\/wp-content\/uploads\/2020\/04\/bridgestoneemia-1-300x170.png 300w, https:\/\/revistadospneus.com\/pt\/wp-content\/uploads\/2020\/04\/bridgestoneemia-1-150x85.png 150w, https:\/\/revistadospneus.com\/pt\/wp-content\/uploads\/2020\/04\/bridgestoneemia-1-768x436.png 768w\" sizes=\"auto, (max-width: 1024px) 100vw, 1024px\" \/><\/p>\n<p><strong>A Bridgestone EMIA est\u00e1, desde ontem, a retomar a produ\u00e7\u00e3o nas suas f\u00e1bricas de Bari (It\u00e1lia) e Lanklaar (B\u00e9lgica). J\u00e1 a f\u00e1brica de B\u00e9thune (Fran\u00e7a), reabriu esta ter\u00e7a-feira, dia 21 de abril.<\/strong><\/p>\n<p>Esta decis\u00e3o foi tomada depois do an\u00fancio de 14 de abril, que deu conta que a produ\u00e7\u00e3o em todas as f\u00e1bricas da Bridgestone localizadas em Espanha (Burgos, Bilbao e Puente San Miguel) e na R\u00fassia (Ulyanovsk) j\u00e1 tinham reiniciado a sua atividade.<\/p>\n<p>Este novo an\u00fancio significa que a rede completa de f\u00e1bricas da <a href=\"https:\/\/bridgestone-emia.com\/\" target=\"_blank\" rel=\"noopener noreferrer\">Bridgestone EMIA<\/a> reiniciou a sua produ\u00e7\u00e3o, com exce\u00e7\u00e3o das f\u00e1bricas na \u00cdndia e na \u00c1frica do Sul, que, por enquanto, permanecem encerradas.<\/p>\n<p>As f\u00e1bricas da Bridgestone foram, originalmente, fechadas em rea\u00e7\u00e3o \u00e0 queda generalizada da procura por produtos de pneus, como resultado da pandemia de Covid-19. No entanto, com as necessidades comerciais e dos clientes dos pneus Bridgestone a subirem novamente, a empresa tomou a decis\u00e3o de retomar a produ\u00e7\u00e3o para garantir o fornecimento adequado.<\/p>\n<p>Contudo, a crise do novo coronav\u00edrus permanece grave e \u00e9, por isso, que a sa\u00fade e a seguran\u00e7a dos funcion\u00e1rios da Bridgestone nas f\u00e1bricas reabertas continuam a ser a principal prioridade.<\/p>\n<p>A Bridgestone continua a seguir rigorosamente as orienta\u00e7\u00f5es e recomenda\u00e7\u00f5es dos Centros de Controlo e Preven\u00e7\u00e3o de Doen\u00e7as (CDC), da Organiza\u00e7\u00e3o Mundial de Sa\u00fade (OMS) e das regulamenta\u00e7\u00f5es governamentais nos pa\u00edses em que opera.<\/p>\n<p>Al\u00e9m disso, a empresa implementou procedimentos e listas de verifica\u00e7\u00e3o, de acordo com os seus protocolos para a preven\u00e7\u00e3o de riscos ocupacionais, a fim de garantir o distanciamento social e a prote\u00e7\u00e3o adequada da sua for\u00e7a de trabalho.<\/p>\n<p>A Bridgestone continua a monitorizar de perto a atual situa\u00e7\u00e3o relacionada com a sa\u00fade de todos e a flutua\u00e7\u00e3o na procura pelos seus produtos durante este per\u00edodo.<\/p>\n<!-- AddThis Advanced Settings generic via filter on the_content --><!-- AddThis Share Buttons generic via filter on the_content -->","protected":false},"excerpt":{"rendered":"<p>A Bridgestone EMIA est\u00e1, desde ontem, a retomar a&#8230;<!-- AddThis Advanced Settings generic via filter on get_the_excerpt --><!-- AddThis Share Buttons generic via filter on get_the_excerpt --><\/p>\n","protected":false},"author":13,"featured_media":9152,"comment_status":"closed","ping_status":"closed","sticky":false,"template":"","format":"standard","meta":{"footnotes":""},"categories":[29],"tags":[917,1303,1301,912],"class_list":["post-9151","post","type-post","status-publish","format-standard","has-post-thumbnail","hentry","category-empresas","tag-bridgestone","tag-coronavirus","tag-covid-19","tag-revista-dos-pneus"],"yoast_head":"<!-- This site is optimized with the Yoast SEO plugin v27.4 - https:\/\/yoast.com\/product\/yoast-seo-wordpress\/ -->\n<title>Bridgestone retoma produ\u00e7\u00e3o de forma total na Europa - Revista dos Pneus<\/title>\n<meta name=\"robots\" content=\"index, follow, max-snippet:-1, max-image-preview:large, max-video-preview:-1\" \/>\n<link rel=\"canonical\" href=\"https:\/\/revistadospneus.com\/pt\/2020\/04\/21\/bridgestone-retoma-producao-de-forma-total-na-europa\/\" \/>\n<meta property=\"og:locale\" content=\"pt_PT\" \/>\n<meta property=\"og:type\" content=\"article\" \/>\n<meta property=\"og:title\" content=\"Bridgestone retoma produ\u00e7\u00e3o de forma total na Europa - Revista dos Pneus\" \/>\n<meta property=\"og:description\" content=\"A Bridgestone EMIA est\u00e1, desde ontem, a retomar a...\" \/>\n<meta property=\"og:url\" content=\"https:\/\/revistadospneus.com\/pt\/2020\/04\/21\/bridgestone-retoma-producao-de-forma-total-na-europa\/\" \/>\n<meta property=\"og:site_name\" content=\"Revista dos Pneus\" \/>\n<meta property=\"article:publisher\" content=\"https:\/\/www.facebook.com\/revistapneus\" \/>\n<meta property=\"article:published_time\" content=\"2020-04-21T21:55:28+00:00\" \/>\n<meta property=\"og:image\" content=\"https:\/\/revistadospneus.com\/pt\/wp-content\/uploads\/2020\/04\/bridgestoneemia-1.png\" \/>\n\t<meta property=\"og:image:width\" content=\"1024\" \/>\n\t<meta property=\"og:image:height\" content=\"581\" \/>\n\t<meta property=\"og:image:type\" content=\"image\/png\" \/>\n<meta name=\"author\" content=\"Reda\u00e7\u00e3o RP\" \/>\n<meta name=\"twitter:card\" content=\"summary_large_image\" \/>\n<meta name=\"twitter:creator\" content=\"@revistapneus\" \/>\n<meta name=\"twitter:site\" content=\"@revistapneus\" \/>\n<meta name=\"twitter:label1\" content=\"Escrito por\" \/>\n\t<meta name=\"twitter:data1\" content=\"Reda\u00e7\u00e3o RP\" \/>\n\t<meta name=\"twitter:label2\" content=\"Tempo estimado de leitura\" \/>\n\t<meta name=\"twitter:data2\" content=\"2 minutos\" \/>\n<script type=\"application\/ld+json\" class=\"yoast-schema-graph\">{\"@context\":\"https:\\\/\\\/schema.org\",\"@graph\":[{\"@type\":\"Article\",\"@id\":\"https:\\\/\\\/revistadospneus.com\\\/pt\\\/2020\\\/04\\\/21\\\/bridgestone-retoma-producao-de-forma-total-na-europa\\\/#article\",\"isPartOf\":{\"@id\":\"https:\\\/\\\/revistadospneus.com\\\/pt\\\/2020\\\/04\\\/21\\\/bridgestone-retoma-producao-de-forma-total-na-europa\\\/\"},\"author\":{\"name\":\"Reda\u00e7\u00e3o RP\",\"@id\":\"https:\\\/\\\/revistadospneus.com\\\/pt\\\/#\\\/schema\\\/person\\\/9c602809538a614c26e5569d14ed6442\"},\"headline\":\"Bridgestone retoma produ\u00e7\u00e3o de forma total na Europa\",\"datePublished\":\"2020-04-21T21:55:28+00:00\",\"mainEntityOfPage\":{\"@id\":\"https:\\\/\\\/revistadospneus.com\\\/pt\\\/2020\\\/04\\\/21\\\/bridgestone-retoma-producao-de-forma-total-na-europa\\\/\"},\"wordCount\":339,\"publisher\":{\"@id\":\"https:\\\/\\\/revistadospneus.com\\\/pt\\\/#organization\"},\"image\":{\"@id\":\"https:\\\/\\\/revistadospneus.com\\\/pt\\\/2020\\\/04\\\/21\\\/bridgestone-retoma-producao-de-forma-total-na-europa\\\/#primaryimage\"},\"thumbnailUrl\":\"https:\\\/\\\/revistadospneus.com\\\/pt\\\/wp-content\\\/uploads\\\/2020\\\/04\\\/bridgestoneemia-1.png\",\"keywords\":[\"Bridgestone\",\"Coronav\u00edrus\",\"COVID-19\",\"Revista dos Pneus\"],\"articleSection\":[\"Empresas\"],\"inLanguage\":\"pt-PT\"},{\"@type\":\"WebPage\",\"@id\":\"https:\\\/\\\/revistadospneus.com\\\/pt\\\/2020\\\/04\\\/21\\\/bridgestone-retoma-producao-de-forma-total-na-europa\\\/\",\"url\":\"https:\\\/\\\/revistadospneus.com\\\/pt\\\/2020\\\/04\\\/21\\\/bridgestone-retoma-producao-de-forma-total-na-europa\\\/\",\"name\":\"Bridgestone retoma produ\u00e7\u00e3o de forma total na Europa - Revista dos Pneus\",\"isPartOf\":{\"@id\":\"https:\\\/\\\/revistadospneus.com\\\/pt\\\/#website\"},\"primaryImageOfPage\":{\"@id\":\"https:\\\/\\\/revistadospneus.com\\\/pt\\\/2020\\\/04\\\/21\\\/bridgestone-retoma-producao-de-forma-total-na-europa\\\/#primaryimage\"},\"image\":{\"@id\":\"https:\\\/\\\/revistadospneus.com\\\/pt\\\/2020\\\/04\\\/21\\\/bridgestone-retoma-producao-de-forma-total-na-europa\\\/#primaryimage\"},\"thumbnailUrl\":\"https:\\\/\\\/revistadospneus.com\\\/pt\\\/wp-content\\\/uploads\\\/2020\\\/04\\\/bridgestoneemia-1.png\",\"datePublished\":\"2020-04-21T21:55:28+00:00\",\"breadcrumb\":{\"@id\":\"https:\\\/\\\/revistadospneus.com\\\/pt\\\/2020\\\/04\\\/21\\\/bridgestone-retoma-producao-de-forma-total-na-europa\\\/#breadcrumb\"},\"inLanguage\":\"pt-PT\",\"potentialAction\":[{\"@type\":\"ReadAction\",\"target\":[\"https:\\\/\\\/revistadospneus.com\\\/pt\\\/2020\\\/04\\\/21\\\/bridgestone-retoma-producao-de-forma-total-na-europa\\\/\"]}]},{\"@type\":\"ImageObject\",\"inLanguage\":\"pt-PT\",\"@id\":\"https:\\\/\\\/revistadospneus.com\\\/pt\\\/2020\\\/04\\\/21\\\/bridgestone-retoma-producao-de-forma-total-na-europa\\\/#primaryimage\",\"url\":\"https:\\\/\\\/revistadospneus.com\\\/pt\\\/wp-content\\\/uploads\\\/2020\\\/04\\\/bridgestoneemia-1.png\",\"contentUrl\":\"https:\\\/\\\/revistadospneus.com\\\/pt\\\/wp-content\\\/uploads\\\/2020\\\/04\\\/bridgestoneemia-1.png\",\"width\":1024,\"height\":581,\"caption\":\"04 - bridgestoneemia-1\"},{\"@type\":\"BreadcrumbList\",\"@id\":\"https:\\\/\\\/revistadospneus.com\\\/pt\\\/2020\\\/04\\\/21\\\/bridgestone-retoma-producao-de-forma-total-na-europa\\\/#breadcrumb\",\"itemListElement\":[{\"@type\":\"ListItem\",\"position\":1,\"name\":\"In\u00edcio\",\"item\":\"https:\\\/\\\/revistadospneus.com\\\/pt\\\/\"},{\"@type\":\"ListItem\",\"position\":2,\"name\":\"Bridgestone retoma produ\u00e7\u00e3o de forma total na Europa\"}]},{\"@type\":\"WebSite\",\"@id\":\"https:\\\/\\\/revistadospneus.com\\\/pt\\\/#website\",\"url\":\"https:\\\/\\\/revistadospneus.com\\\/pt\\\/\",\"name\":\"Revista dos Pneus\",\"description\":\"Revista independente de pneus e servi\u00e7os r\u00e1pidos\",\"publisher\":{\"@id\":\"https:\\\/\\\/revistadospneus.com\\\/pt\\\/#organization\"},\"potentialAction\":[{\"@type\":\"SearchAction\",\"target\":{\"@type\":\"EntryPoint\",\"urlTemplate\":\"https:\\\/\\\/revistadospneus.com\\\/pt\\\/?s={search_term_string}\"},\"query-input\":{\"@type\":\"PropertyValueSpecification\",\"valueRequired\":true,\"valueName\":\"search_term_string\"}}],\"inLanguage\":\"pt-PT\"},{\"@type\":\"Organization\",\"@id\":\"https:\\\/\\\/revistadospneus.com\\\/pt\\\/#organization\",\"name\":\"Revista dos Pneus\",\"url\":\"https:\\\/\\\/revistadospneus.com\\\/pt\\\/\",\"logo\":{\"@type\":\"ImageObject\",\"inLanguage\":\"pt-PT\",\"@id\":\"https:\\\/\\\/revistadospneus.com\\\/pt\\\/#\\\/schema\\\/logo\\\/image\\\/\",\"url\":\"https:\\\/\\\/revistadospneus.com\\\/pt\\\/wp-content\\\/uploads\\\/logo2-1.png\",\"contentUrl\":\"https:\\\/\\\/revistadospneus.com\\\/pt\\\/wp-content\\\/uploads\\\/logo2-1.png\",\"width\":216,\"height\":70,\"caption\":\"Revista dos Pneus\"},\"image\":{\"@id\":\"https:\\\/\\\/revistadospneus.com\\\/pt\\\/#\\\/schema\\\/logo\\\/image\\\/\"},\"sameAs\":[\"https:\\\/\\\/www.facebook.com\\\/revistapneus\",\"https:\\\/\\\/x.com\\\/revistapneus\",\"https:\\\/\\\/www.linkedin.com\\\/company\\\/jornal-das-oficinas\\\/\",\"https:\\\/\\\/www.youtube.com\\\/channel\\\/UCbQZBqtcvV-oSQrr7RzINGg\"]},{\"@type\":\"Person\",\"@id\":\"https:\\\/\\\/revistadospneus.com\\\/pt\\\/#\\\/schema\\\/person\\\/9c602809538a614c26e5569d14ed6442\",\"name\":\"Reda\u00e7\u00e3o RP\",\"image\":{\"@type\":\"ImageObject\",\"inLanguage\":\"pt-PT\",\"@id\":\"https:\\\/\\\/secure.gravatar.com\\\/avatar\\\/71f2fa71737ad68a84fea94bc708ddac8ea5b0c4788dc2ad202f3ccb2887742f?s=96&d=wp_user_avatar&r=g\",\"url\":\"https:\\\/\\\/secure.gravatar.com\\\/avatar\\\/71f2fa71737ad68a84fea94bc708ddac8ea5b0c4788dc2ad202f3ccb2887742f?s=96&d=wp_user_avatar&r=g\",\"contentUrl\":\"https:\\\/\\\/secure.gravatar.com\\\/avatar\\\/71f2fa71737ad68a84fea94bc708ddac8ea5b0c4788dc2ad202f3ccb2887742f?s=96&d=wp_user_avatar&r=g\",\"caption\":\"Reda\u00e7\u00e3o RP\"},\"url\":\"https:\\\/\\\/revistadospneus.com\\\/pt\\\/author\\\/rpredacao\\\/\"}]}<\/script>\n<!-- \/ Yoast SEO plugin. -->","yoast_head_json":{"title":"Bridgestone retoma produ\u00e7\u00e3o de forma total na Europa - Revista dos Pneus","robots":{"index":"index","follow":"follow","max-snippet":"max-snippet:-1","max-image-preview":"max-image-preview:large","max-video-preview":"max-video-preview:-1"},"canonical":"https:\/\/revistadospneus.com\/pt\/2020\/04\/21\/bridgestone-retoma-producao-de-forma-total-na-europa\/","og_locale":"pt_PT","og_type":"article","og_title":"Bridgestone retoma produ\u00e7\u00e3o de forma total na Europa - Revista dos Pneus","og_description":"A Bridgestone EMIA est\u00e1, desde ontem, a retomar a...","og_url":"https:\/\/revistadospneus.com\/pt\/2020\/04\/21\/bridgestone-retoma-producao-de-forma-total-na-europa\/","og_site_name":"Revista dos Pneus","article_publisher":"https:\/\/www.facebook.com\/revistapneus","article_published_time":"2020-04-21T21:55:28+00:00","og_image":[{"width":1024,"height":581,"url":"https:\/\/revistadospneus.com\/pt\/wp-content\/uploads\/2020\/04\/bridgestoneemia-1.png","type":"image\/png"}],"author":"Reda\u00e7\u00e3o RP","twitter_card":"summary_large_image","twitter_creator":"@revistapneus","twitter_site":"@revistapneus","twitter_misc":{"Escrito por":"Reda\u00e7\u00e3o RP","Tempo estimado de leitura":"2 minutos"},"schema":{"@context":"https:\/\/schema.org","@graph":[{"@type":"Article","@id":"https:\/\/revistadospneus.com\/pt\/2020\/04\/21\/bridgestone-retoma-producao-de-forma-total-na-europa\/#article","isPartOf":{"@id":"https:\/\/revistadospneus.com\/pt\/2020\/04\/21\/bridgestone-retoma-producao-de-forma-total-na-europa\/"},"author":{"name":"Reda\u00e7\u00e3o RP","@id":"https:\/\/revistadospneus.com\/pt\/#\/schema\/person\/9c602809538a614c26e5569d14ed6442"},"headline":"Bridgestone retoma produ\u00e7\u00e3o de forma total na Europa","datePublished":"2020-04-21T21:55:28+00:00","mainEntityOfPage":{"@id":"https:\/\/revistadospneus.com\/pt\/2020\/04\/21\/bridgestone-retoma-producao-de-forma-total-na-europa\/"},"wordCount":339,"publisher":{"@id":"https:\/\/revistadospneus.com\/pt\/#organization"},"image":{"@id":"https:\/\/revistadospneus.com\/pt\/2020\/04\/21\/bridgestone-retoma-producao-de-forma-total-na-europa\/#primaryimage"},"thumbnailUrl":"https:\/\/revistadospneus.com\/pt\/wp-content\/uploads\/2020\/04\/bridgestoneemia-1.png","keywords":["Bridgestone","Coronav\u00edrus","COVID-19","Revista dos Pneus"],"articleSection":["Empresas"],"inLanguage":"pt-PT"},{"@type":"WebPage","@id":"https:\/\/revistadospneus.com\/pt\/2020\/04\/21\/bridgestone-retoma-producao-de-forma-total-na-europa\/","url":"https:\/\/revistadospneus.com\/pt\/2020\/04\/21\/bridgestone-retoma-producao-de-forma-total-na-europa\/","name":"Bridgestone retoma produ\u00e7\u00e3o de forma total na Europa - Revista dos Pneus","isPartOf":{"@id":"https:\/\/revistadospneus.com\/pt\/#website"},"primaryImageOfPage":{"@id":"https:\/\/revistadospneus.com\/pt\/2020\/04\/21\/bridgestone-retoma-producao-de-forma-total-na-europa\/#primaryimage"},"image":{"@id":"https:\/\/revistadospneus.com\/pt\/2020\/04\/21\/bridgestone-retoma-producao-de-forma-total-na-europa\/#primaryimage"},"thumbnailUrl":"https:\/\/revistadospneus.com\/pt\/wp-content\/uploads\/2020\/04\/bridgestoneemia-1.png","datePublished":"2020-04-21T21:55:28+00:00","breadcrumb":{"@id":"https:\/\/revistadospneus.com\/pt\/2020\/04\/21\/bridgestone-retoma-producao-de-forma-total-na-europa\/#breadcrumb"},"inLanguage":"pt-PT","potentialAction":[{"@type":"ReadAction","target":["https:\/\/revistadospneus.com\/pt\/2020\/04\/21\/bridgestone-retoma-producao-de-forma-total-na-europa\/"]}]},{"@type":"ImageObject","inLanguage":"pt-PT","@id":"https:\/\/revistadospneus.com\/pt\/2020\/04\/21\/bridgestone-retoma-producao-de-forma-total-na-europa\/#primaryimage","url":"https:\/\/revistadospneus.com\/pt\/wp-content\/uploads\/2020\/04\/bridgestoneemia-1.png","contentUrl":"https:\/\/revistadospneus.com\/pt\/wp-content\/uploads\/2020\/04\/bridgestoneemia-1.png","width":1024,"height":581,"caption":"04 - bridgestoneemia-1"},{"@type":"BreadcrumbList","@id":"https:\/\/revistadospneus.com\/pt\/2020\/04\/21\/bridgestone-retoma-producao-de-forma-total-na-europa\/#breadcrumb","itemListElement":[{"@type":"ListItem","position":1,"name":"In\u00edcio","item":"https:\/\/revistadospneus.com\/pt\/"},{"@type":"ListItem","position":2,"name":"Bridgestone retoma produ\u00e7\u00e3o de forma total na Europa"}]},{"@type":"WebSite","@id":"https:\/\/revistadospneus.com\/pt\/#website","url":"https:\/\/revistadospneus.com\/pt\/","name":"Revista dos Pneus","description":"Revista independente de pneus e servi\u00e7os r\u00e1pidos","publisher":{"@id":"https:\/\/revistadospneus.com\/pt\/#organization"},"potentialAction":[{"@type":"SearchAction","target":{"@type":"EntryPoint","urlTemplate":"https:\/\/revistadospneus.com\/pt\/?s={search_term_string}"},"query-input":{"@type":"PropertyValueSpecification","valueRequired":true,"valueName":"search_term_string"}}],"inLanguage":"pt-PT"},{"@type":"Organization","@id":"https:\/\/revistadospneus.com\/pt\/#organization","name":"Revista dos Pneus","url":"https:\/\/revistadospneus.com\/pt\/","logo":{"@type":"ImageObject","inLanguage":"pt-PT","@id":"https:\/\/revistadospneus.com\/pt\/#\/schema\/logo\/image\/","url":"https:\/\/revistadospneus.com\/pt\/wp-content\/uploads\/logo2-1.png","contentUrl":"https:\/\/revistadospneus.com\/pt\/wp-content\/uploads\/logo2-1.png","width":216,"height":70,"caption":"Revista dos Pneus"},"image":{"@id":"https:\/\/revistadospneus.com\/pt\/#\/schema\/logo\/image\/"},"sameAs":["https:\/\/www.facebook.com\/revistapneus","https:\/\/x.com\/revistapneus","https:\/\/www.linkedin.com\/company\/jornal-das-oficinas\/","https:\/\/www.youtube.com\/channel\/UCbQZBqtcvV-oSQrr7RzINGg"]},{"@type":"Person","@id":"https:\/\/revistadospneus.com\/pt\/#\/schema\/person\/9c602809538a614c26e5569d14ed6442","name":"Reda\u00e7\u00e3o RP","image":{"@type":"ImageObject","inLanguage":"pt-PT","@id":"https:\/\/secure.gravatar.com\/avatar\/71f2fa71737ad68a84fea94bc708ddac8ea5b0c4788dc2ad202f3ccb2887742f?s=96&d=wp_user_avatar&r=g","url":"https:\/\/secure.gravatar.com\/avatar\/71f2fa71737ad68a84fea94bc708ddac8ea5b0c4788dc2ad202f3ccb2887742f?s=96&d=wp_user_avatar&r=g","contentUrl":"https:\/\/secure.gravatar.com\/avatar\/71f2fa71737ad68a84fea94bc708ddac8ea5b0c4788dc2ad202f3ccb2887742f?s=96&d=wp_user_avatar&r=g","caption":"Reda\u00e7\u00e3o RP"},"url":"https:\/\/revistadospneus.com\/pt\/author\/rpredacao\/"}]}},"_links":{"self":[{"href":"https:\/\/revistadospneus.com\/pt\/wp-json\/wp\/v2\/posts\/9151","targetHints":{"allow":["GET"]}}],"collection":[{"href":"https:\/\/revistadospneus.com\/pt\/wp-json\/wp\/v2\/posts"}],"about":[{"href":"https:\/\/revistadospneus.com\/pt\/wp-json\/wp\/v2\/types\/post"}],"author":[{"embeddable":true,"href":"https:\/\/revistadospneus.com\/pt\/wp-json\/wp\/v2\/users\/13"}],"replies":[{"embeddable":true,"href":"https:\/\/revistadospneus.com\/pt\/wp-json\/wp\/v2\/comments?post=9151"}],"version-history":[{"count":0,"href":"https:\/\/revistadospneus.com\/pt\/wp-json\/wp\/v2\/posts\/9151\/revisions"}],"wp:featuredmedia":[{"embeddable":true,"href":"https:\/\/revistadospneus.com\/pt\/wp-json\/wp\/v2\/media\/9152"}],"wp:attachment":[{"href":"https:\/\/revistadospneus.com\/pt\/wp-json\/wp\/v2\/media?parent=9151"}],"wp:term":[{"taxonomy":"category","embeddable":true,"href":"https:\/\/revistadospneus.com\/pt\/wp-json\/wp\/v2\/categories?post=9151"},{"taxonomy":"post_tag","embeddable":true,"href":"https:\/\/revistadospneus.com\/pt\/wp-json\/wp\/v2\/tags?post=9151"}],"curies":[{"name":"wp","href":"https:\/\/api.w.org\/{rel}","templated":true}]}}