{"id":9251,"date":"2020-05-12T00:38:09","date_gmt":"2020-05-12T00:38:09","guid":{"rendered":"http:\/\/revistadospneus.com\/pt\/?p=9251"},"modified":"2023-08-24T10:45:25","modified_gmt":"2023-08-24T09:45:25","slug":"falken-sincera-sn110-anuncia-prestacoes-premium-para-veiculos-compactos","status":"publish","type":"post","link":"https:\/\/revistadospneus.com\/pt\/2020\/05\/12\/falken-sincera-sn110-anuncia-prestacoes-premium-para-veiculos-compactos\/","title":{"rendered":"Falken Sincera SN110 anuncia presta\u00e7\u00f5es <em>premium<\/em> para ve\u00edculos compactos"},"content":{"rendered":"<p><img loading=\"lazy\" decoding=\"async\" class=\"alignnone wp-image-9253 size-full\" src=\"https:\/\/revistadospneus.com\/pt\/wp-content\/uploads\/2020\/05\/falkensincerasn110.png\" alt=\"05 - falkensincerasn110\" width=\"1024\" height=\"581\" srcset=\"https:\/\/revistadospneus.com\/pt\/wp-content\/uploads\/2020\/05\/falkensincerasn110.png 1024w, https:\/\/revistadospneus.com\/pt\/wp-content\/uploads\/2020\/05\/falkensincerasn110-300x170.png 300w, https:\/\/revistadospneus.com\/pt\/wp-content\/uploads\/2020\/05\/falkensincerasn110-150x85.png 150w, https:\/\/revistadospneus.com\/pt\/wp-content\/uploads\/2020\/05\/falkensincerasn110-768x436.png 768w\" sizes=\"auto, (max-width: 1024px) 100vw, 1024px\" \/><\/p>\n<p><strong>O novo Sincera SN110, da Falken, marca representada em Portugal pela AB Tyres, promete novos padr\u00f5es de desempenho em condu\u00e7\u00e3o.<\/strong><\/p>\n<p>Dispon\u00edvel durante esta primavera, em diversas dimens\u00f5es, o novo Sincera SN110 \u00e9, segundo a Falken, um pneu ecol\u00f3gico: economiza energia gra\u00e7as \u00e0 sua baixa resist\u00eancia ao rolamento e oferece excelente conforto em condu\u00e7\u00e3o.<\/p>\n<p>Al\u00e9m disso, este novo pneu contribui para uma resposta de dire\u00e7\u00e3o muito direta e uma curta dist\u00e2ncia de travagem, o que aumenta a seguran\u00e7a, mantendo o desgaste reduzido.<\/p>\n<p>&#8220;A <a href=\"https:\/\/www.falkentyre.com\/en\" target=\"_blank\" rel=\"noopener noreferrer\">Falken<\/a>, de acordo com as tend\u00eancias atuais, desenvolveu um novo pneu com baixa resist\u00eancia ao rolamento&#8221;, disse Andreas Giese. &#8220;Conseguimos, uma vez mais, produzir e comercializar em massa um produto de alta tecnologia e elevada qualidade, pensando nos condutores preocupados com o pre\u00e7o, mas que n\u00e3o abdicam do melhor desempenho\u201d, acrescentou.<\/p>\n<p>A tecnologia de desenho NANO-4D do composto do piso oferece maior vida \u00fatil e robustez ao Sincera SN110. No desenvolvimento deste novo pneu, foram utilizados supercomputadores \u200b\u200bpara otimizar a mistura no n\u00edvel das nanopart\u00edculas atrav\u00e9s de simula\u00e7\u00f5es e extrapola\u00e7\u00f5es. Deste modo, obteve-se um composto sob medida, que assegura elevada ader\u00eancia tanto em piso h\u00famido como seco, sempre com resist\u00eancia \u00e0 fric\u00e7\u00e3o.<\/p>\n<p>As nervuras circunferenciais do Falken Sincera SN110 incorporam lamelas de micro corte, que criam um elevado n\u00famero de bordos de ader\u00eancia, o que reduz a dist\u00e2ncia de travagem e garante elevado contacto, independentemente das condi\u00e7\u00f5es da estrada.<\/p>\n<p>Da mesma forma, os blocos exteriores do piso est\u00e3o entrela\u00e7ados, o que reduz as deforma\u00e7\u00f5es nessa \u00e1rea, sujeitas a altas cargas, ao conduzir-se de forma mais desportiva em curva. O que tamb\u00e9m ajuda a diminuir a dist\u00e2ncia de travagem, al\u00e9m de aumentar a precis\u00e3o e a resposta \u00e0 dire\u00e7\u00e3o, sem comprometer o prazer de condu\u00e7\u00e3o.<\/p>\n<p>Este novo pneu disp\u00f5e de paredes laterais especialmente aerodin\u00e2micas que, gra\u00e7as \u00e0 grande precis\u00e3o no seu desenvolvimento, reduzem a turbul\u00eancia e, portanto, a resist\u00eancia do ar. Como tal, o Falken SN110 \u00e9 \u201camigo\u201d da carteira e do meio ambiente.<\/p>\n<p>As lamelas hemisf\u00e9ricas das nervuras s\u00e3o outra das caracter\u00edsticas distintivas do seu <em>design<\/em>. A sua forma reduz a derrapagem e, com isso, a perda de energia, al\u00e9m de melhorar o tempo e o conforto em viagem. Em suma, o Sincera SN110 ostenta a classifica\u00e7\u00e3o \u201cA\u201d na etiqueta respeitante \u00e0 ader\u00eancia em piso molhado.<\/p>\n<p>Durante esta primavera, o novo Falken Sincera SN110, que ser\u00e1 distribu\u00eddo pela <a href=\"https:\/\/www.alvesbandeiratyres.pt\/\" target=\"_blank\" rel=\"noopener noreferrer\">AB Tyres<\/a>, estar\u00e1 dispon\u00edvel em 49 dimens\u00f5es, com c\u00f3digos de velocidade de \u201cT\u201d (190 km\/h) a \u201cH\u201d (210 km\/h) e jantes de 14\u201d a 16\u201d, dando cobertura \u00e0 grande maioria dos modelos do segmento de ve\u00edculos compactos.<\/p>\n<p>Para cargas elevadas, o Sincera SN110 \u00e9 proposto em nove dimens\u00f5es, marcadas com as letras XL. Com isso, os propriet\u00e1rios dos modelos Audi A1, Alfa Romeo Giulietta, Hyundai i10, Ford B-Max, Fiat 500, Mercedes-Benz Classe A, Mitsubishi i-MIEV, Renault Twingo ou Volkswagen Polo, entre outros, poder\u00e3o equipar os seus ve\u00edculos com o novo Falken Sincera SN110.<\/p>\n<!-- AddThis Advanced Settings generic via filter on the_content --><!-- AddThis Share Buttons generic via filter on the_content -->","protected":false},"excerpt":{"rendered":"<p>O novo Sincera SN110, da Falken, marca representada em&#8230;<!-- AddThis Advanced Settings generic via filter on get_the_excerpt --><!-- AddThis Share Buttons generic via filter on get_the_excerpt --><\/p>\n","protected":false},"author":13,"featured_media":9253,"comment_status":"closed","ping_status":"closed","sticky":false,"template":"","format":"standard","meta":{"footnotes":""},"categories":[29,4],"tags":[922,921,912,1419],"class_list":["post-9251","post","type-post","status-publish","format-standard","has-post-thumbnail","hentry","category-empresas","category-ligeiros","tag-ab-tyres","tag-falken","tag-revista-dos-pneus","tag-sincera-sn110"],"yoast_head":"<!-- This site is optimized with the Yoast SEO plugin v27.5 - https:\/\/yoast.com\/product\/yoast-seo-wordpress\/ -->\n<title>Falken Sincera SN110 anuncia presta\u00e7\u00f5es premium para ve\u00edculos compactos - Revista dos Pneus<\/title>\n<meta name=\"robots\" content=\"index, follow, max-snippet:-1, max-image-preview:large, max-video-preview:-1\" \/>\n<link rel=\"canonical\" href=\"https:\/\/revistadospneus.com\/pt\/2020\/05\/12\/falken-sincera-sn110-anuncia-prestacoes-premium-para-veiculos-compactos\/\" \/>\n<meta property=\"og:locale\" content=\"pt_PT\" \/>\n<meta property=\"og:type\" content=\"article\" \/>\n<meta property=\"og:title\" content=\"Falken Sincera SN110 anuncia presta\u00e7\u00f5es premium para ve\u00edculos compactos - Revista dos Pneus\" \/>\n<meta property=\"og:description\" content=\"O novo Sincera SN110, da Falken, marca representada em...\" \/>\n<meta property=\"og:url\" content=\"https:\/\/revistadospneus.com\/pt\/2020\/05\/12\/falken-sincera-sn110-anuncia-prestacoes-premium-para-veiculos-compactos\/\" \/>\n<meta property=\"og:site_name\" content=\"Revista dos Pneus\" \/>\n<meta property=\"article:publisher\" content=\"https:\/\/www.facebook.com\/revistapneus\" \/>\n<meta property=\"article:published_time\" content=\"2020-05-12T00:38:09+00:00\" \/>\n<meta property=\"article:modified_time\" content=\"2023-08-24T09:45:25+00:00\" \/>\n<meta property=\"og:image\" content=\"https:\/\/revistadospneus.com\/pt\/wp-content\/uploads\/2020\/05\/falkensincerasn110.png\" \/>\n\t<meta property=\"og:image:width\" content=\"1024\" \/>\n\t<meta property=\"og:image:height\" content=\"581\" \/>\n\t<meta property=\"og:image:type\" content=\"image\/png\" \/>\n<meta name=\"author\" content=\"Reda\u00e7\u00e3o RP\" \/>\n<meta name=\"twitter:card\" content=\"summary_large_image\" \/>\n<meta name=\"twitter:creator\" content=\"@revistapneus\" \/>\n<meta name=\"twitter:site\" content=\"@revistapneus\" \/>\n<meta name=\"twitter:label1\" content=\"Escrito por\" \/>\n\t<meta name=\"twitter:data1\" content=\"Reda\u00e7\u00e3o RP\" \/>\n\t<meta name=\"twitter:label2\" content=\"Tempo estimado de leitura\" \/>\n\t<meta name=\"twitter:data2\" content=\"3 minutos\" \/>\n<script type=\"application\/ld+json\" class=\"yoast-schema-graph\">{\"@context\":\"https:\\\/\\\/schema.org\",\"@graph\":[{\"@type\":\"Article\",\"@id\":\"https:\\\/\\\/revistadospneus.com\\\/pt\\\/2020\\\/05\\\/12\\\/falken-sincera-sn110-anuncia-prestacoes-premium-para-veiculos-compactos\\\/#article\",\"isPartOf\":{\"@id\":\"https:\\\/\\\/revistadospneus.com\\\/pt\\\/2020\\\/05\\\/12\\\/falken-sincera-sn110-anuncia-prestacoes-premium-para-veiculos-compactos\\\/\"},\"author\":{\"name\":\"Reda\u00e7\u00e3o RP\",\"@id\":\"https:\\\/\\\/revistadospneus.com\\\/pt\\\/#\\\/schema\\\/person\\\/9c602809538a614c26e5569d14ed6442\"},\"headline\":\"Falken Sincera SN110 anuncia presta\u00e7\u00f5es premium para ve\u00edculos compactos\",\"datePublished\":\"2020-05-12T00:38:09+00:00\",\"dateModified\":\"2023-08-24T09:45:25+00:00\",\"mainEntityOfPage\":{\"@id\":\"https:\\\/\\\/revistadospneus.com\\\/pt\\\/2020\\\/05\\\/12\\\/falken-sincera-sn110-anuncia-prestacoes-premium-para-veiculos-compactos\\\/\"},\"wordCount\":541,\"publisher\":{\"@id\":\"https:\\\/\\\/revistadospneus.com\\\/pt\\\/#organization\"},\"image\":{\"@id\":\"https:\\\/\\\/revistadospneus.com\\\/pt\\\/2020\\\/05\\\/12\\\/falken-sincera-sn110-anuncia-prestacoes-premium-para-veiculos-compactos\\\/#primaryimage\"},\"thumbnailUrl\":\"https:\\\/\\\/revistadospneus.com\\\/pt\\\/wp-content\\\/uploads\\\/2020\\\/05\\\/falkensincerasn110.png\",\"keywords\":[\"AB Tyres\",\"Falken\",\"Revista dos Pneus\",\"Sincera SN110\"],\"articleSection\":[\"Empresas\",\"Ligeiros\"],\"inLanguage\":\"pt-PT\"},{\"@type\":\"WebPage\",\"@id\":\"https:\\\/\\\/revistadospneus.com\\\/pt\\\/2020\\\/05\\\/12\\\/falken-sincera-sn110-anuncia-prestacoes-premium-para-veiculos-compactos\\\/\",\"url\":\"https:\\\/\\\/revistadospneus.com\\\/pt\\\/2020\\\/05\\\/12\\\/falken-sincera-sn110-anuncia-prestacoes-premium-para-veiculos-compactos\\\/\",\"name\":\"Falken Sincera SN110 anuncia presta\u00e7\u00f5es premium para ve\u00edculos compactos - Revista dos Pneus\",\"isPartOf\":{\"@id\":\"https:\\\/\\\/revistadospneus.com\\\/pt\\\/#website\"},\"primaryImageOfPage\":{\"@id\":\"https:\\\/\\\/revistadospneus.com\\\/pt\\\/2020\\\/05\\\/12\\\/falken-sincera-sn110-anuncia-prestacoes-premium-para-veiculos-compactos\\\/#primaryimage\"},\"image\":{\"@id\":\"https:\\\/\\\/revistadospneus.com\\\/pt\\\/2020\\\/05\\\/12\\\/falken-sincera-sn110-anuncia-prestacoes-premium-para-veiculos-compactos\\\/#primaryimage\"},\"thumbnailUrl\":\"https:\\\/\\\/revistadospneus.com\\\/pt\\\/wp-content\\\/uploads\\\/2020\\\/05\\\/falkensincerasn110.png\",\"datePublished\":\"2020-05-12T00:38:09+00:00\",\"dateModified\":\"2023-08-24T09:45:25+00:00\",\"breadcrumb\":{\"@id\":\"https:\\\/\\\/revistadospneus.com\\\/pt\\\/2020\\\/05\\\/12\\\/falken-sincera-sn110-anuncia-prestacoes-premium-para-veiculos-compactos\\\/#breadcrumb\"},\"inLanguage\":\"pt-PT\",\"potentialAction\":[{\"@type\":\"ReadAction\",\"target\":[\"https:\\\/\\\/revistadospneus.com\\\/pt\\\/2020\\\/05\\\/12\\\/falken-sincera-sn110-anuncia-prestacoes-premium-para-veiculos-compactos\\\/\"]}]},{\"@type\":\"ImageObject\",\"inLanguage\":\"pt-PT\",\"@id\":\"https:\\\/\\\/revistadospneus.com\\\/pt\\\/2020\\\/05\\\/12\\\/falken-sincera-sn110-anuncia-prestacoes-premium-para-veiculos-compactos\\\/#primaryimage\",\"url\":\"https:\\\/\\\/revistadospneus.com\\\/pt\\\/wp-content\\\/uploads\\\/2020\\\/05\\\/falkensincerasn110.png\",\"contentUrl\":\"https:\\\/\\\/revistadospneus.com\\\/pt\\\/wp-content\\\/uploads\\\/2020\\\/05\\\/falkensincerasn110.png\",\"width\":1024,\"height\":581,\"caption\":\"05 - falkensincerasn110\"},{\"@type\":\"BreadcrumbList\",\"@id\":\"https:\\\/\\\/revistadospneus.com\\\/pt\\\/2020\\\/05\\\/12\\\/falken-sincera-sn110-anuncia-prestacoes-premium-para-veiculos-compactos\\\/#breadcrumb\",\"itemListElement\":[{\"@type\":\"ListItem\",\"position\":1,\"name\":\"In\u00edcio\",\"item\":\"https:\\\/\\\/revistadospneus.com\\\/pt\\\/\"},{\"@type\":\"ListItem\",\"position\":2,\"name\":\"Falken Sincera SN110 anuncia presta\u00e7\u00f5es premium para ve\u00edculos compactos\"}]},{\"@type\":\"WebSite\",\"@id\":\"https:\\\/\\\/revistadospneus.com\\\/pt\\\/#website\",\"url\":\"https:\\\/\\\/revistadospneus.com\\\/pt\\\/\",\"name\":\"Revista dos Pneus\",\"description\":\"Revista independente de pneus e servi\u00e7os r\u00e1pidos\",\"publisher\":{\"@id\":\"https:\\\/\\\/revistadospneus.com\\\/pt\\\/#organization\"},\"potentialAction\":[{\"@type\":\"SearchAction\",\"target\":{\"@type\":\"EntryPoint\",\"urlTemplate\":\"https:\\\/\\\/revistadospneus.com\\\/pt\\\/?s={search_term_string}\"},\"query-input\":{\"@type\":\"PropertyValueSpecification\",\"valueRequired\":true,\"valueName\":\"search_term_string\"}}],\"inLanguage\":\"pt-PT\"},{\"@type\":\"Organization\",\"@id\":\"https:\\\/\\\/revistadospneus.com\\\/pt\\\/#organization\",\"name\":\"Revista dos Pneus\",\"url\":\"https:\\\/\\\/revistadospneus.com\\\/pt\\\/\",\"logo\":{\"@type\":\"ImageObject\",\"inLanguage\":\"pt-PT\",\"@id\":\"https:\\\/\\\/revistadospneus.com\\\/pt\\\/#\\\/schema\\\/logo\\\/image\\\/\",\"url\":\"https:\\\/\\\/revistadospneus.com\\\/pt\\\/wp-content\\\/uploads\\\/logo2-1.png\",\"contentUrl\":\"https:\\\/\\\/revistadospneus.com\\\/pt\\\/wp-content\\\/uploads\\\/logo2-1.png\",\"width\":216,\"height\":70,\"caption\":\"Revista dos Pneus\"},\"image\":{\"@id\":\"https:\\\/\\\/revistadospneus.com\\\/pt\\\/#\\\/schema\\\/logo\\\/image\\\/\"},\"sameAs\":[\"https:\\\/\\\/www.facebook.com\\\/revistapneus\",\"https:\\\/\\\/x.com\\\/revistapneus\",\"https:\\\/\\\/www.linkedin.com\\\/company\\\/jornal-das-oficinas\\\/\",\"https:\\\/\\\/www.youtube.com\\\/channel\\\/UCbQZBqtcvV-oSQrr7RzINGg\"]},{\"@type\":\"Person\",\"@id\":\"https:\\\/\\\/revistadospneus.com\\\/pt\\\/#\\\/schema\\\/person\\\/9c602809538a614c26e5569d14ed6442\",\"name\":\"Reda\u00e7\u00e3o RP\",\"image\":{\"@type\":\"ImageObject\",\"inLanguage\":\"pt-PT\",\"@id\":\"https:\\\/\\\/secure.gravatar.com\\\/avatar\\\/71f2fa71737ad68a84fea94bc708ddac8ea5b0c4788dc2ad202f3ccb2887742f?s=96&d=wp_user_avatar&r=g\",\"url\":\"https:\\\/\\\/secure.gravatar.com\\\/avatar\\\/71f2fa71737ad68a84fea94bc708ddac8ea5b0c4788dc2ad202f3ccb2887742f?s=96&d=wp_user_avatar&r=g\",\"contentUrl\":\"https:\\\/\\\/secure.gravatar.com\\\/avatar\\\/71f2fa71737ad68a84fea94bc708ddac8ea5b0c4788dc2ad202f3ccb2887742f?s=96&d=wp_user_avatar&r=g\",\"caption\":\"Reda\u00e7\u00e3o RP\"},\"url\":\"https:\\\/\\\/revistadospneus.com\\\/pt\\\/author\\\/rpredacao\\\/\"}]}<\/script>\n<!-- \/ Yoast SEO plugin. -->","yoast_head_json":{"title":"Falken Sincera SN110 anuncia presta\u00e7\u00f5es premium para ve\u00edculos compactos - Revista dos Pneus","robots":{"index":"index","follow":"follow","max-snippet":"max-snippet:-1","max-image-preview":"max-image-preview:large","max-video-preview":"max-video-preview:-1"},"canonical":"https:\/\/revistadospneus.com\/pt\/2020\/05\/12\/falken-sincera-sn110-anuncia-prestacoes-premium-para-veiculos-compactos\/","og_locale":"pt_PT","og_type":"article","og_title":"Falken Sincera SN110 anuncia presta\u00e7\u00f5es premium para ve\u00edculos compactos - Revista dos Pneus","og_description":"O novo Sincera SN110, da Falken, marca representada em...","og_url":"https:\/\/revistadospneus.com\/pt\/2020\/05\/12\/falken-sincera-sn110-anuncia-prestacoes-premium-para-veiculos-compactos\/","og_site_name":"Revista dos Pneus","article_publisher":"https:\/\/www.facebook.com\/revistapneus","article_published_time":"2020-05-12T00:38:09+00:00","article_modified_time":"2023-08-24T09:45:25+00:00","og_image":[{"width":1024,"height":581,"url":"https:\/\/revistadospneus.com\/pt\/wp-content\/uploads\/2020\/05\/falkensincerasn110.png","type":"image\/png"}],"author":"Reda\u00e7\u00e3o RP","twitter_card":"summary_large_image","twitter_creator":"@revistapneus","twitter_site":"@revistapneus","twitter_misc":{"Escrito por":"Reda\u00e7\u00e3o RP","Tempo estimado de leitura":"3 minutos"},"schema":{"@context":"https:\/\/schema.org","@graph":[{"@type":"Article","@id":"https:\/\/revistadospneus.com\/pt\/2020\/05\/12\/falken-sincera-sn110-anuncia-prestacoes-premium-para-veiculos-compactos\/#article","isPartOf":{"@id":"https:\/\/revistadospneus.com\/pt\/2020\/05\/12\/falken-sincera-sn110-anuncia-prestacoes-premium-para-veiculos-compactos\/"},"author":{"name":"Reda\u00e7\u00e3o RP","@id":"https:\/\/revistadospneus.com\/pt\/#\/schema\/person\/9c602809538a614c26e5569d14ed6442"},"headline":"Falken Sincera SN110 anuncia presta\u00e7\u00f5es premium para ve\u00edculos compactos","datePublished":"2020-05-12T00:38:09+00:00","dateModified":"2023-08-24T09:45:25+00:00","mainEntityOfPage":{"@id":"https:\/\/revistadospneus.com\/pt\/2020\/05\/12\/falken-sincera-sn110-anuncia-prestacoes-premium-para-veiculos-compactos\/"},"wordCount":541,"publisher":{"@id":"https:\/\/revistadospneus.com\/pt\/#organization"},"image":{"@id":"https:\/\/revistadospneus.com\/pt\/2020\/05\/12\/falken-sincera-sn110-anuncia-prestacoes-premium-para-veiculos-compactos\/#primaryimage"},"thumbnailUrl":"https:\/\/revistadospneus.com\/pt\/wp-content\/uploads\/2020\/05\/falkensincerasn110.png","keywords":["AB Tyres","Falken","Revista dos Pneus","Sincera SN110"],"articleSection":["Empresas","Ligeiros"],"inLanguage":"pt-PT"},{"@type":"WebPage","@id":"https:\/\/revistadospneus.com\/pt\/2020\/05\/12\/falken-sincera-sn110-anuncia-prestacoes-premium-para-veiculos-compactos\/","url":"https:\/\/revistadospneus.com\/pt\/2020\/05\/12\/falken-sincera-sn110-anuncia-prestacoes-premium-para-veiculos-compactos\/","name":"Falken Sincera SN110 anuncia presta\u00e7\u00f5es premium para ve\u00edculos compactos - Revista dos Pneus","isPartOf":{"@id":"https:\/\/revistadospneus.com\/pt\/#website"},"primaryImageOfPage":{"@id":"https:\/\/revistadospneus.com\/pt\/2020\/05\/12\/falken-sincera-sn110-anuncia-prestacoes-premium-para-veiculos-compactos\/#primaryimage"},"image":{"@id":"https:\/\/revistadospneus.com\/pt\/2020\/05\/12\/falken-sincera-sn110-anuncia-prestacoes-premium-para-veiculos-compactos\/#primaryimage"},"thumbnailUrl":"https:\/\/revistadospneus.com\/pt\/wp-content\/uploads\/2020\/05\/falkensincerasn110.png","datePublished":"2020-05-12T00:38:09+00:00","dateModified":"2023-08-24T09:45:25+00:00","breadcrumb":{"@id":"https:\/\/revistadospneus.com\/pt\/2020\/05\/12\/falken-sincera-sn110-anuncia-prestacoes-premium-para-veiculos-compactos\/#breadcrumb"},"inLanguage":"pt-PT","potentialAction":[{"@type":"ReadAction","target":["https:\/\/revistadospneus.com\/pt\/2020\/05\/12\/falken-sincera-sn110-anuncia-prestacoes-premium-para-veiculos-compactos\/"]}]},{"@type":"ImageObject","inLanguage":"pt-PT","@id":"https:\/\/revistadospneus.com\/pt\/2020\/05\/12\/falken-sincera-sn110-anuncia-prestacoes-premium-para-veiculos-compactos\/#primaryimage","url":"https:\/\/revistadospneus.com\/pt\/wp-content\/uploads\/2020\/05\/falkensincerasn110.png","contentUrl":"https:\/\/revistadospneus.com\/pt\/wp-content\/uploads\/2020\/05\/falkensincerasn110.png","width":1024,"height":581,"caption":"05 - falkensincerasn110"},{"@type":"BreadcrumbList","@id":"https:\/\/revistadospneus.com\/pt\/2020\/05\/12\/falken-sincera-sn110-anuncia-prestacoes-premium-para-veiculos-compactos\/#breadcrumb","itemListElement":[{"@type":"ListItem","position":1,"name":"In\u00edcio","item":"https:\/\/revistadospneus.com\/pt\/"},{"@type":"ListItem","position":2,"name":"Falken Sincera SN110 anuncia presta\u00e7\u00f5es premium para ve\u00edculos compactos"}]},{"@type":"WebSite","@id":"https:\/\/revistadospneus.com\/pt\/#website","url":"https:\/\/revistadospneus.com\/pt\/","name":"Revista dos Pneus","description":"Revista independente de pneus e servi\u00e7os r\u00e1pidos","publisher":{"@id":"https:\/\/revistadospneus.com\/pt\/#organization"},"potentialAction":[{"@type":"SearchAction","target":{"@type":"EntryPoint","urlTemplate":"https:\/\/revistadospneus.com\/pt\/?s={search_term_string}"},"query-input":{"@type":"PropertyValueSpecification","valueRequired":true,"valueName":"search_term_string"}}],"inLanguage":"pt-PT"},{"@type":"Organization","@id":"https:\/\/revistadospneus.com\/pt\/#organization","name":"Revista dos Pneus","url":"https:\/\/revistadospneus.com\/pt\/","logo":{"@type":"ImageObject","inLanguage":"pt-PT","@id":"https:\/\/revistadospneus.com\/pt\/#\/schema\/logo\/image\/","url":"https:\/\/revistadospneus.com\/pt\/wp-content\/uploads\/logo2-1.png","contentUrl":"https:\/\/revistadospneus.com\/pt\/wp-content\/uploads\/logo2-1.png","width":216,"height":70,"caption":"Revista dos Pneus"},"image":{"@id":"https:\/\/revistadospneus.com\/pt\/#\/schema\/logo\/image\/"},"sameAs":["https:\/\/www.facebook.com\/revistapneus","https:\/\/x.com\/revistapneus","https:\/\/www.linkedin.com\/company\/jornal-das-oficinas\/","https:\/\/www.youtube.com\/channel\/UCbQZBqtcvV-oSQrr7RzINGg"]},{"@type":"Person","@id":"https:\/\/revistadospneus.com\/pt\/#\/schema\/person\/9c602809538a614c26e5569d14ed6442","name":"Reda\u00e7\u00e3o RP","image":{"@type":"ImageObject","inLanguage":"pt-PT","@id":"https:\/\/secure.gravatar.com\/avatar\/71f2fa71737ad68a84fea94bc708ddac8ea5b0c4788dc2ad202f3ccb2887742f?s=96&d=wp_user_avatar&r=g","url":"https:\/\/secure.gravatar.com\/avatar\/71f2fa71737ad68a84fea94bc708ddac8ea5b0c4788dc2ad202f3ccb2887742f?s=96&d=wp_user_avatar&r=g","contentUrl":"https:\/\/secure.gravatar.com\/avatar\/71f2fa71737ad68a84fea94bc708ddac8ea5b0c4788dc2ad202f3ccb2887742f?s=96&d=wp_user_avatar&r=g","caption":"Reda\u00e7\u00e3o RP"},"url":"https:\/\/revistadospneus.com\/pt\/author\/rpredacao\/"}]}},"_links":{"self":[{"href":"https:\/\/revistadospneus.com\/pt\/wp-json\/wp\/v2\/posts\/9251","targetHints":{"allow":["GET"]}}],"collection":[{"href":"https:\/\/revistadospneus.com\/pt\/wp-json\/wp\/v2\/posts"}],"about":[{"href":"https:\/\/revistadospneus.com\/pt\/wp-json\/wp\/v2\/types\/post"}],"author":[{"embeddable":true,"href":"https:\/\/revistadospneus.com\/pt\/wp-json\/wp\/v2\/users\/13"}],"replies":[{"embeddable":true,"href":"https:\/\/revistadospneus.com\/pt\/wp-json\/wp\/v2\/comments?post=9251"}],"version-history":[{"count":0,"href":"https:\/\/revistadospneus.com\/pt\/wp-json\/wp\/v2\/posts\/9251\/revisions"}],"wp:featuredmedia":[{"embeddable":true,"href":"https:\/\/revistadospneus.com\/pt\/wp-json\/wp\/v2\/media\/9253"}],"wp:attachment":[{"href":"https:\/\/revistadospneus.com\/pt\/wp-json\/wp\/v2\/media?parent=9251"}],"wp:term":[{"taxonomy":"category","embeddable":true,"href":"https:\/\/revistadospneus.com\/pt\/wp-json\/wp\/v2\/categories?post=9251"},{"taxonomy":"post_tag","embeddable":true,"href":"https:\/\/revistadospneus.com\/pt\/wp-json\/wp\/v2\/tags?post=9251"}],"curies":[{"name":"wp","href":"https:\/\/api.w.org\/{rel}","templated":true}]}}