{"id":9395,"date":"2020-06-02T14:38:18","date_gmt":"2020-06-02T13:38:18","guid":{"rendered":"http:\/\/revistadospneus.com\/pt\/?p=9395"},"modified":"2023-08-24T11:09:04","modified_gmt":"2023-08-24T10:09:04","slug":"revista-dos-pneus-realizou-webinar","status":"publish","type":"post","link":"https:\/\/revistadospneus.com\/pt\/2020\/06\/02\/revista-dos-pneus-realizou-webinar\/","title":{"rendered":"Revista dos Pneus realizou Webinar"},"content":{"rendered":"<p><strong><img loading=\"lazy\" decoding=\"async\" class=\"alignnone wp-image-9396 size-full\" src=\"https:\/\/revistadospneus.com\/pt\/wp-content\/uploads\/2020\/06\/foto-noticia-webinar-pneus.png\" alt=\"06 - foto-noticia-webinar-pneus\" width=\"1024\" height=\"581\" srcset=\"https:\/\/revistadospneus.com\/pt\/wp-content\/uploads\/2020\/06\/foto-noticia-webinar-pneus.png 1024w, https:\/\/revistadospneus.com\/pt\/wp-content\/uploads\/2020\/06\/foto-noticia-webinar-pneus-300x170.png 300w, https:\/\/revistadospneus.com\/pt\/wp-content\/uploads\/2020\/06\/foto-noticia-webinar-pneus-150x85.png 150w, https:\/\/revistadospneus.com\/pt\/wp-content\/uploads\/2020\/06\/foto-noticia-webinar-pneus-768x436.png 768w\" sizes=\"auto, (max-width: 1024px) 100vw, 1024px\" \/><\/strong><\/p>\n<p><strong>A Revista dos Pneus, em parceria com a ACAP, realizou no final de maio um Webinar com o tema \u201cA rea\u00e7\u00e3o do setor dos pneus \u00e0 Covid-19\u201d.<\/strong><\/p>\n<p>Moderado por Jo\u00e3o Vieira, diretor da Revista dos Pneus, o Webinar contou com a participa\u00e7\u00e3o de representantes das Comiss\u00f5es Especializadas de Pneus da ACAP:<\/p>\n<p>Nuno Ferreira, da Michelin \u2013 Representantes da CEPP \u2013 Comiss\u00e3o Especializada de Produtores de Pneus da ACAP<\/p>\n<p>Manuel F\u00e9lix, da Euro Tyre \u2013 Representante da CEDP \u2013 Comiss\u00e3o Especializada de Distribuidores de Pneus da ACAP<\/p>\n<p>Pedro Nascimento, da Pneuimpex &#8211; Representante da CERP \u2013 Comiss\u00e3o Especializada de Retalhistas de Pneus da ACAP<\/p>\n<p>Todos os representantes falaram em nome das respetivas comiss\u00f5es da ACAP e responderam \u00e0s quest\u00f5es de Jo\u00e3o Vieira sobre o impacto da pandemia Covid-19 no setor dos pneus.<\/p>\n<p>Os oradores come\u00e7aram por referir a sua experi\u00eancia de trabalhar durante o per\u00edodo de confinamento e da import\u00e2ncia do Governo ter mantido as oficinas e distribuidores de pneus em funcionamento durante o per\u00edodo de \u201cEstado de Emerg\u00eancia\u201d. Anteciparam os efeitos que a crise motivada pela pandemia Covid 19 est\u00e1 ter nos v\u00e1rios players do mercado, nomeadamente nos produtores, distribuidores e retalhistas. O impacto do isolamento social na atividade das oficinas, foi outro dos temas abordados no Webinar, que terminou com uma antevis\u00e3o da retoma do setor e uma mensagem para o futuro.<\/p>\n<p>Pode ver o Webinar completo <a href=\"http:\/\/multimedia.jornaldasoficinas.com\/2020\/05\/30\/webinar-rp-reacao-do-setor-dos-pneus-ao-covid-19\/\" target=\"_blank\" rel=\"noopener noreferrer\"><u>aqui.<\/u><\/a><\/p>\n<!-- AddThis Advanced Settings generic via filter on the_content --><!-- AddThis Share Buttons generic via filter on the_content -->","protected":false},"excerpt":{"rendered":"<p>A Revista dos Pneus, em parceria com a ACAP,&#8230;<!-- AddThis Advanced Settings generic via filter on get_the_excerpt --><!-- AddThis Share Buttons generic via filter on get_the_excerpt --><\/p>\n","protected":false},"author":13,"featured_media":9396,"comment_status":"closed","ping_status":"closed","sticky":false,"template":"","format":"standard","meta":{"footnotes":""},"categories":[39],"tags":[157,946,48,264,912],"class_list":["post-9395","post","type-post","status-publish","format-standard","has-post-thumbnail","hentry","category-eventos","tag-acap","tag-euro-tyre","tag-michelin","tag-pneuimpex","tag-revista-dos-pneus"],"yoast_head":"<!-- This site is optimized with the Yoast SEO plugin v27.5 - https:\/\/yoast.com\/product\/yoast-seo-wordpress\/ -->\n<title>Revista dos Pneus realizou Webinar - Revista dos Pneus<\/title>\n<meta name=\"robots\" content=\"index, follow, max-snippet:-1, max-image-preview:large, max-video-preview:-1\" \/>\n<link rel=\"canonical\" href=\"https:\/\/revistadospneus.com\/pt\/2020\/06\/02\/revista-dos-pneus-realizou-webinar\/\" \/>\n<meta property=\"og:locale\" content=\"pt_PT\" \/>\n<meta property=\"og:type\" content=\"article\" \/>\n<meta property=\"og:title\" content=\"Revista dos Pneus realizou Webinar - Revista dos Pneus\" \/>\n<meta property=\"og:description\" content=\"A Revista dos Pneus, em parceria com a ACAP,...\" \/>\n<meta property=\"og:url\" content=\"https:\/\/revistadospneus.com\/pt\/2020\/06\/02\/revista-dos-pneus-realizou-webinar\/\" \/>\n<meta property=\"og:site_name\" content=\"Revista dos Pneus\" \/>\n<meta property=\"article:publisher\" content=\"https:\/\/www.facebook.com\/revistapneus\" \/>\n<meta property=\"article:published_time\" content=\"2020-06-02T13:38:18+00:00\" \/>\n<meta property=\"article:modified_time\" content=\"2023-08-24T10:09:04+00:00\" \/>\n<meta property=\"og:image\" content=\"https:\/\/revistadospneus.com\/pt\/wp-content\/uploads\/2020\/06\/foto-noticia-webinar-pneus.png\" \/>\n\t<meta property=\"og:image:width\" content=\"1024\" \/>\n\t<meta property=\"og:image:height\" content=\"581\" \/>\n\t<meta property=\"og:image:type\" content=\"image\/png\" \/>\n<meta name=\"author\" content=\"Reda\u00e7\u00e3o RP\" \/>\n<meta name=\"twitter:card\" content=\"summary_large_image\" \/>\n<meta name=\"twitter:creator\" content=\"@revistapneus\" \/>\n<meta name=\"twitter:site\" content=\"@revistapneus\" \/>\n<meta name=\"twitter:label1\" content=\"Escrito por\" \/>\n\t<meta name=\"twitter:data1\" content=\"Reda\u00e7\u00e3o RP\" \/>\n\t<meta name=\"twitter:label2\" content=\"Tempo estimado de leitura\" \/>\n\t<meta name=\"twitter:data2\" content=\"1 minuto\" \/>\n<script type=\"application\/ld+json\" class=\"yoast-schema-graph\">{\"@context\":\"https:\\\/\\\/schema.org\",\"@graph\":[{\"@type\":\"Article\",\"@id\":\"https:\\\/\\\/revistadospneus.com\\\/pt\\\/2020\\\/06\\\/02\\\/revista-dos-pneus-realizou-webinar\\\/#article\",\"isPartOf\":{\"@id\":\"https:\\\/\\\/revistadospneus.com\\\/pt\\\/2020\\\/06\\\/02\\\/revista-dos-pneus-realizou-webinar\\\/\"},\"author\":{\"name\":\"Reda\u00e7\u00e3o RP\",\"@id\":\"https:\\\/\\\/revistadospneus.com\\\/pt\\\/#\\\/schema\\\/person\\\/9c602809538a614c26e5569d14ed6442\"},\"headline\":\"Revista dos Pneus realizou Webinar\",\"datePublished\":\"2020-06-02T13:38:18+00:00\",\"dateModified\":\"2023-08-24T10:09:04+00:00\",\"mainEntityOfPage\":{\"@id\":\"https:\\\/\\\/revistadospneus.com\\\/pt\\\/2020\\\/06\\\/02\\\/revista-dos-pneus-realizou-webinar\\\/\"},\"wordCount\":246,\"publisher\":{\"@id\":\"https:\\\/\\\/revistadospneus.com\\\/pt\\\/#organization\"},\"image\":{\"@id\":\"https:\\\/\\\/revistadospneus.com\\\/pt\\\/2020\\\/06\\\/02\\\/revista-dos-pneus-realizou-webinar\\\/#primaryimage\"},\"thumbnailUrl\":\"https:\\\/\\\/revistadospneus.com\\\/pt\\\/wp-content\\\/uploads\\\/2020\\\/06\\\/foto-noticia-webinar-pneus.png\",\"keywords\":[\"ACAP\",\"Euro Tyre\",\"Michelin\",\"PneuImpex\",\"Revista dos Pneus\"],\"articleSection\":[\"Eventos\"],\"inLanguage\":\"pt-PT\"},{\"@type\":\"WebPage\",\"@id\":\"https:\\\/\\\/revistadospneus.com\\\/pt\\\/2020\\\/06\\\/02\\\/revista-dos-pneus-realizou-webinar\\\/\",\"url\":\"https:\\\/\\\/revistadospneus.com\\\/pt\\\/2020\\\/06\\\/02\\\/revista-dos-pneus-realizou-webinar\\\/\",\"name\":\"Revista dos Pneus realizou Webinar - Revista dos Pneus\",\"isPartOf\":{\"@id\":\"https:\\\/\\\/revistadospneus.com\\\/pt\\\/#website\"},\"primaryImageOfPage\":{\"@id\":\"https:\\\/\\\/revistadospneus.com\\\/pt\\\/2020\\\/06\\\/02\\\/revista-dos-pneus-realizou-webinar\\\/#primaryimage\"},\"image\":{\"@id\":\"https:\\\/\\\/revistadospneus.com\\\/pt\\\/2020\\\/06\\\/02\\\/revista-dos-pneus-realizou-webinar\\\/#primaryimage\"},\"thumbnailUrl\":\"https:\\\/\\\/revistadospneus.com\\\/pt\\\/wp-content\\\/uploads\\\/2020\\\/06\\\/foto-noticia-webinar-pneus.png\",\"datePublished\":\"2020-06-02T13:38:18+00:00\",\"dateModified\":\"2023-08-24T10:09:04+00:00\",\"breadcrumb\":{\"@id\":\"https:\\\/\\\/revistadospneus.com\\\/pt\\\/2020\\\/06\\\/02\\\/revista-dos-pneus-realizou-webinar\\\/#breadcrumb\"},\"inLanguage\":\"pt-PT\",\"potentialAction\":[{\"@type\":\"ReadAction\",\"target\":[\"https:\\\/\\\/revistadospneus.com\\\/pt\\\/2020\\\/06\\\/02\\\/revista-dos-pneus-realizou-webinar\\\/\"]}]},{\"@type\":\"ImageObject\",\"inLanguage\":\"pt-PT\",\"@id\":\"https:\\\/\\\/revistadospneus.com\\\/pt\\\/2020\\\/06\\\/02\\\/revista-dos-pneus-realizou-webinar\\\/#primaryimage\",\"url\":\"https:\\\/\\\/revistadospneus.com\\\/pt\\\/wp-content\\\/uploads\\\/2020\\\/06\\\/foto-noticia-webinar-pneus.png\",\"contentUrl\":\"https:\\\/\\\/revistadospneus.com\\\/pt\\\/wp-content\\\/uploads\\\/2020\\\/06\\\/foto-noticia-webinar-pneus.png\",\"width\":1024,\"height\":581,\"caption\":\"06 - foto-noticia-webinar-pneus\"},{\"@type\":\"BreadcrumbList\",\"@id\":\"https:\\\/\\\/revistadospneus.com\\\/pt\\\/2020\\\/06\\\/02\\\/revista-dos-pneus-realizou-webinar\\\/#breadcrumb\",\"itemListElement\":[{\"@type\":\"ListItem\",\"position\":1,\"name\":\"In\u00edcio\",\"item\":\"https:\\\/\\\/revistadospneus.com\\\/pt\\\/\"},{\"@type\":\"ListItem\",\"position\":2,\"name\":\"Revista dos Pneus realizou Webinar\"}]},{\"@type\":\"WebSite\",\"@id\":\"https:\\\/\\\/revistadospneus.com\\\/pt\\\/#website\",\"url\":\"https:\\\/\\\/revistadospneus.com\\\/pt\\\/\",\"name\":\"Revista dos Pneus\",\"description\":\"Revista independente de pneus e servi\u00e7os r\u00e1pidos\",\"publisher\":{\"@id\":\"https:\\\/\\\/revistadospneus.com\\\/pt\\\/#organization\"},\"potentialAction\":[{\"@type\":\"SearchAction\",\"target\":{\"@type\":\"EntryPoint\",\"urlTemplate\":\"https:\\\/\\\/revistadospneus.com\\\/pt\\\/?s={search_term_string}\"},\"query-input\":{\"@type\":\"PropertyValueSpecification\",\"valueRequired\":true,\"valueName\":\"search_term_string\"}}],\"inLanguage\":\"pt-PT\"},{\"@type\":\"Organization\",\"@id\":\"https:\\\/\\\/revistadospneus.com\\\/pt\\\/#organization\",\"name\":\"Revista dos Pneus\",\"url\":\"https:\\\/\\\/revistadospneus.com\\\/pt\\\/\",\"logo\":{\"@type\":\"ImageObject\",\"inLanguage\":\"pt-PT\",\"@id\":\"https:\\\/\\\/revistadospneus.com\\\/pt\\\/#\\\/schema\\\/logo\\\/image\\\/\",\"url\":\"https:\\\/\\\/revistadospneus.com\\\/pt\\\/wp-content\\\/uploads\\\/logo2-1.png\",\"contentUrl\":\"https:\\\/\\\/revistadospneus.com\\\/pt\\\/wp-content\\\/uploads\\\/logo2-1.png\",\"width\":216,\"height\":70,\"caption\":\"Revista dos Pneus\"},\"image\":{\"@id\":\"https:\\\/\\\/revistadospneus.com\\\/pt\\\/#\\\/schema\\\/logo\\\/image\\\/\"},\"sameAs\":[\"https:\\\/\\\/www.facebook.com\\\/revistapneus\",\"https:\\\/\\\/x.com\\\/revistapneus\",\"https:\\\/\\\/www.linkedin.com\\\/company\\\/jornal-das-oficinas\\\/\",\"https:\\\/\\\/www.youtube.com\\\/channel\\\/UCbQZBqtcvV-oSQrr7RzINGg\"]},{\"@type\":\"Person\",\"@id\":\"https:\\\/\\\/revistadospneus.com\\\/pt\\\/#\\\/schema\\\/person\\\/9c602809538a614c26e5569d14ed6442\",\"name\":\"Reda\u00e7\u00e3o RP\",\"image\":{\"@type\":\"ImageObject\",\"inLanguage\":\"pt-PT\",\"@id\":\"https:\\\/\\\/secure.gravatar.com\\\/avatar\\\/71f2fa71737ad68a84fea94bc708ddac8ea5b0c4788dc2ad202f3ccb2887742f?s=96&d=wp_user_avatar&r=g\",\"url\":\"https:\\\/\\\/secure.gravatar.com\\\/avatar\\\/71f2fa71737ad68a84fea94bc708ddac8ea5b0c4788dc2ad202f3ccb2887742f?s=96&d=wp_user_avatar&r=g\",\"contentUrl\":\"https:\\\/\\\/secure.gravatar.com\\\/avatar\\\/71f2fa71737ad68a84fea94bc708ddac8ea5b0c4788dc2ad202f3ccb2887742f?s=96&d=wp_user_avatar&r=g\",\"caption\":\"Reda\u00e7\u00e3o RP\"},\"url\":\"https:\\\/\\\/revistadospneus.com\\\/pt\\\/author\\\/rpredacao\\\/\"}]}<\/script>\n<!-- \/ Yoast SEO plugin. -->","yoast_head_json":{"title":"Revista dos Pneus realizou Webinar - Revista dos Pneus","robots":{"index":"index","follow":"follow","max-snippet":"max-snippet:-1","max-image-preview":"max-image-preview:large","max-video-preview":"max-video-preview:-1"},"canonical":"https:\/\/revistadospneus.com\/pt\/2020\/06\/02\/revista-dos-pneus-realizou-webinar\/","og_locale":"pt_PT","og_type":"article","og_title":"Revista dos Pneus realizou Webinar - Revista dos Pneus","og_description":"A Revista dos Pneus, em parceria com a ACAP,...","og_url":"https:\/\/revistadospneus.com\/pt\/2020\/06\/02\/revista-dos-pneus-realizou-webinar\/","og_site_name":"Revista dos Pneus","article_publisher":"https:\/\/www.facebook.com\/revistapneus","article_published_time":"2020-06-02T13:38:18+00:00","article_modified_time":"2023-08-24T10:09:04+00:00","og_image":[{"width":1024,"height":581,"url":"https:\/\/revistadospneus.com\/pt\/wp-content\/uploads\/2020\/06\/foto-noticia-webinar-pneus.png","type":"image\/png"}],"author":"Reda\u00e7\u00e3o RP","twitter_card":"summary_large_image","twitter_creator":"@revistapneus","twitter_site":"@revistapneus","twitter_misc":{"Escrito por":"Reda\u00e7\u00e3o RP","Tempo estimado de leitura":"1 minuto"},"schema":{"@context":"https:\/\/schema.org","@graph":[{"@type":"Article","@id":"https:\/\/revistadospneus.com\/pt\/2020\/06\/02\/revista-dos-pneus-realizou-webinar\/#article","isPartOf":{"@id":"https:\/\/revistadospneus.com\/pt\/2020\/06\/02\/revista-dos-pneus-realizou-webinar\/"},"author":{"name":"Reda\u00e7\u00e3o RP","@id":"https:\/\/revistadospneus.com\/pt\/#\/schema\/person\/9c602809538a614c26e5569d14ed6442"},"headline":"Revista dos Pneus realizou Webinar","datePublished":"2020-06-02T13:38:18+00:00","dateModified":"2023-08-24T10:09:04+00:00","mainEntityOfPage":{"@id":"https:\/\/revistadospneus.com\/pt\/2020\/06\/02\/revista-dos-pneus-realizou-webinar\/"},"wordCount":246,"publisher":{"@id":"https:\/\/revistadospneus.com\/pt\/#organization"},"image":{"@id":"https:\/\/revistadospneus.com\/pt\/2020\/06\/02\/revista-dos-pneus-realizou-webinar\/#primaryimage"},"thumbnailUrl":"https:\/\/revistadospneus.com\/pt\/wp-content\/uploads\/2020\/06\/foto-noticia-webinar-pneus.png","keywords":["ACAP","Euro Tyre","Michelin","PneuImpex","Revista dos Pneus"],"articleSection":["Eventos"],"inLanguage":"pt-PT"},{"@type":"WebPage","@id":"https:\/\/revistadospneus.com\/pt\/2020\/06\/02\/revista-dos-pneus-realizou-webinar\/","url":"https:\/\/revistadospneus.com\/pt\/2020\/06\/02\/revista-dos-pneus-realizou-webinar\/","name":"Revista dos Pneus realizou Webinar - Revista dos Pneus","isPartOf":{"@id":"https:\/\/revistadospneus.com\/pt\/#website"},"primaryImageOfPage":{"@id":"https:\/\/revistadospneus.com\/pt\/2020\/06\/02\/revista-dos-pneus-realizou-webinar\/#primaryimage"},"image":{"@id":"https:\/\/revistadospneus.com\/pt\/2020\/06\/02\/revista-dos-pneus-realizou-webinar\/#primaryimage"},"thumbnailUrl":"https:\/\/revistadospneus.com\/pt\/wp-content\/uploads\/2020\/06\/foto-noticia-webinar-pneus.png","datePublished":"2020-06-02T13:38:18+00:00","dateModified":"2023-08-24T10:09:04+00:00","breadcrumb":{"@id":"https:\/\/revistadospneus.com\/pt\/2020\/06\/02\/revista-dos-pneus-realizou-webinar\/#breadcrumb"},"inLanguage":"pt-PT","potentialAction":[{"@type":"ReadAction","target":["https:\/\/revistadospneus.com\/pt\/2020\/06\/02\/revista-dos-pneus-realizou-webinar\/"]}]},{"@type":"ImageObject","inLanguage":"pt-PT","@id":"https:\/\/revistadospneus.com\/pt\/2020\/06\/02\/revista-dos-pneus-realizou-webinar\/#primaryimage","url":"https:\/\/revistadospneus.com\/pt\/wp-content\/uploads\/2020\/06\/foto-noticia-webinar-pneus.png","contentUrl":"https:\/\/revistadospneus.com\/pt\/wp-content\/uploads\/2020\/06\/foto-noticia-webinar-pneus.png","width":1024,"height":581,"caption":"06 - foto-noticia-webinar-pneus"},{"@type":"BreadcrumbList","@id":"https:\/\/revistadospneus.com\/pt\/2020\/06\/02\/revista-dos-pneus-realizou-webinar\/#breadcrumb","itemListElement":[{"@type":"ListItem","position":1,"name":"In\u00edcio","item":"https:\/\/revistadospneus.com\/pt\/"},{"@type":"ListItem","position":2,"name":"Revista dos Pneus realizou Webinar"}]},{"@type":"WebSite","@id":"https:\/\/revistadospneus.com\/pt\/#website","url":"https:\/\/revistadospneus.com\/pt\/","name":"Revista dos Pneus","description":"Revista independente de pneus e servi\u00e7os r\u00e1pidos","publisher":{"@id":"https:\/\/revistadospneus.com\/pt\/#organization"},"potentialAction":[{"@type":"SearchAction","target":{"@type":"EntryPoint","urlTemplate":"https:\/\/revistadospneus.com\/pt\/?s={search_term_string}"},"query-input":{"@type":"PropertyValueSpecification","valueRequired":true,"valueName":"search_term_string"}}],"inLanguage":"pt-PT"},{"@type":"Organization","@id":"https:\/\/revistadospneus.com\/pt\/#organization","name":"Revista dos Pneus","url":"https:\/\/revistadospneus.com\/pt\/","logo":{"@type":"ImageObject","inLanguage":"pt-PT","@id":"https:\/\/revistadospneus.com\/pt\/#\/schema\/logo\/image\/","url":"https:\/\/revistadospneus.com\/pt\/wp-content\/uploads\/logo2-1.png","contentUrl":"https:\/\/revistadospneus.com\/pt\/wp-content\/uploads\/logo2-1.png","width":216,"height":70,"caption":"Revista dos Pneus"},"image":{"@id":"https:\/\/revistadospneus.com\/pt\/#\/schema\/logo\/image\/"},"sameAs":["https:\/\/www.facebook.com\/revistapneus","https:\/\/x.com\/revistapneus","https:\/\/www.linkedin.com\/company\/jornal-das-oficinas\/","https:\/\/www.youtube.com\/channel\/UCbQZBqtcvV-oSQrr7RzINGg"]},{"@type":"Person","@id":"https:\/\/revistadospneus.com\/pt\/#\/schema\/person\/9c602809538a614c26e5569d14ed6442","name":"Reda\u00e7\u00e3o RP","image":{"@type":"ImageObject","inLanguage":"pt-PT","@id":"https:\/\/secure.gravatar.com\/avatar\/71f2fa71737ad68a84fea94bc708ddac8ea5b0c4788dc2ad202f3ccb2887742f?s=96&d=wp_user_avatar&r=g","url":"https:\/\/secure.gravatar.com\/avatar\/71f2fa71737ad68a84fea94bc708ddac8ea5b0c4788dc2ad202f3ccb2887742f?s=96&d=wp_user_avatar&r=g","contentUrl":"https:\/\/secure.gravatar.com\/avatar\/71f2fa71737ad68a84fea94bc708ddac8ea5b0c4788dc2ad202f3ccb2887742f?s=96&d=wp_user_avatar&r=g","caption":"Reda\u00e7\u00e3o RP"},"url":"https:\/\/revistadospneus.com\/pt\/author\/rpredacao\/"}]}},"_links":{"self":[{"href":"https:\/\/revistadospneus.com\/pt\/wp-json\/wp\/v2\/posts\/9395","targetHints":{"allow":["GET"]}}],"collection":[{"href":"https:\/\/revistadospneus.com\/pt\/wp-json\/wp\/v2\/posts"}],"about":[{"href":"https:\/\/revistadospneus.com\/pt\/wp-json\/wp\/v2\/types\/post"}],"author":[{"embeddable":true,"href":"https:\/\/revistadospneus.com\/pt\/wp-json\/wp\/v2\/users\/13"}],"replies":[{"embeddable":true,"href":"https:\/\/revistadospneus.com\/pt\/wp-json\/wp\/v2\/comments?post=9395"}],"version-history":[{"count":0,"href":"https:\/\/revistadospneus.com\/pt\/wp-json\/wp\/v2\/posts\/9395\/revisions"}],"wp:featuredmedia":[{"embeddable":true,"href":"https:\/\/revistadospneus.com\/pt\/wp-json\/wp\/v2\/media\/9396"}],"wp:attachment":[{"href":"https:\/\/revistadospneus.com\/pt\/wp-json\/wp\/v2\/media?parent=9395"}],"wp:term":[{"taxonomy":"category","embeddable":true,"href":"https:\/\/revistadospneus.com\/pt\/wp-json\/wp\/v2\/categories?post=9395"},{"taxonomy":"post_tag","embeddable":true,"href":"https:\/\/revistadospneus.com\/pt\/wp-json\/wp\/v2\/tags?post=9395"}],"curies":[{"name":"wp","href":"https:\/\/api.w.org\/{rel}","templated":true}]}}