{"id":9496,"date":"2020-06-16T10:00:25","date_gmt":"2020-06-16T09:00:25","guid":{"rendered":"http:\/\/revistadospneus.com\/pt\/?p=9496"},"modified":"2020-06-15T14:08:53","modified_gmt":"2020-06-15T13:08:53","slug":"bkt-patrocina-premio-trator-do-ano","status":"publish","type":"post","link":"https:\/\/revistadospneus.com\/pt\/2020\/06\/16\/bkt-patrocina-premio-trator-do-ano\/","title":{"rendered":"BKT patrocina Pr\u00e9mio Trator do Ano"},"content":{"rendered":"<p><strong><img loading=\"lazy\" decoding=\"async\" class=\"alignnone wp-image-9480 size-full\" src=\"https:\/\/revistadospneus.com\/pt\/wp-content\/uploads\/2020\/06\/BKT-patrocina-Premio.jpg\" alt=\"06 - BKT-patrocina-Premio\" width=\"1024\" height=\"581\" srcset=\"https:\/\/revistadospneus.com\/pt\/wp-content\/uploads\/2020\/06\/BKT-patrocina-Premio.jpg 1024w, https:\/\/revistadospneus.com\/pt\/wp-content\/uploads\/2020\/06\/BKT-patrocina-Premio-300x170.jpg 300w, https:\/\/revistadospneus.com\/pt\/wp-content\/uploads\/2020\/06\/BKT-patrocina-Premio-150x85.jpg 150w, https:\/\/revistadospneus.com\/pt\/wp-content\/uploads\/2020\/06\/BKT-patrocina-Premio-768x436.jpg 768w\" sizes=\"auto, (max-width: 1024px) 100vw, 1024px\" \/><\/strong><\/p>\n<p><strong>Gra\u00e7as ao impulso impar\u00e1vel da BKT, o hist\u00f3rico galard\u00e3o para o melhor trator europeu ser\u00e1 conduzido num formato totalmente digital, em v\u00e1rios epis\u00f3dios.<\/strong><\/p>\n<p>Um passo decisivo rumo ao futuro. Esta poderia ser a defini\u00e7\u00e3o da nova vers\u00e3o totalmente digital que a BKT, enquanto patrocinadora principal para os pr\u00f3ximos quatro anos, criou juntamente com os organizadores do pr\u00e9mio Trator do Ano (TotY). A multinacional indiana, uma das principais fabricantes do mundo especializada em pneus Off-Highway, colaborou na realiza\u00e7\u00e3o de um projeto que vai decorrer, pela primeira vez, num formato digital com v\u00e1rios epis\u00f3dios onde os participantes e o j\u00fari podem interagir remotamente, de todos os cantos da Europa.<\/p>\n<p>O Trator do Ano (TotY) \u00e9 um pr\u00e9mio internacional criado em 1998, que re\u00fane anualmente as principais publica\u00e7\u00f5es mundiais da ind\u00fastria de mecaniza\u00e7\u00e3o agr\u00edcola, agregando um j\u00fari de 26 especialistas que, atrav\u00e9s de an\u00e1lises, debates e testes em campo, entregam o pr\u00e9mio ao melhor trator europeu.<\/p>\n<p>Mas este ano, em virtude das circunst\u00e2ncias especiais, o TotY teve de encontrar outro &#8220;caminho&#8221;. Foi assim que nasceu a ideia de o organizar numa nova vers\u00e3o digital, com um programa de eventos dispon\u00edveis numa plataforma dedicada: www.totydigital.com<\/p>\n<p>O Pr\u00e9mio TotY teve in\u00edcio oficial no dia 10 de junho com o evento de lan\u00e7amento do Pr\u00e9mio TotY, que est\u00e1 dispon\u00edvel para visualiza\u00e7\u00e3o na plataforma por todos: p\u00fablico, fabricantes e membros do j\u00fari.<\/p>\n<p>Ser\u00e3o exibidos os epis\u00f3dios dedicados ao j\u00fari, quando os participantes na competi\u00e7\u00e3o apresentarem os seus prot\u00f3tipos e produtos mais recentes. Depois, o trabalho do j\u00fari centra-se na an\u00e1lise dos tratores que disputam o pr\u00e9mio. Tudo ir\u00e1 decorrer em &#8220;modo&#8221; digital atrav\u00e9s da plataforma conforme um programa claramente definido. As empresas concorrentes ir\u00e3o apresentar os seus tratores, disponibilizando v\u00eddeos dos testes em campo, bem como os resultados dos testes e coment\u00e1rios de especialistas.<\/p>\n<p>&#8220;Pretendemos tornar o TotY num verdadeiro desafio que desperte o interesse do p\u00fablico. Al\u00e9m disso, queremos abordar as atuais e principais quest\u00f5es agr\u00edcolas, tais como a conectividade, sustentabilidade e agricultura 4.0, apresentadas ao p\u00fablico atrav\u00e9s da nova plataforma TotY em vez de estarem reservadas apenas aos operadores&#8221;, afirmou Lucia Salmaso, CEO da <a href=\"https:\/\/www.bkt-tires.com\/pt\/pt\/\" target=\"_blank\" rel=\"noopener noreferrer\">BKT<\/a> Europa. &#8220;Em termos de conte\u00fados, temos imenso a oferecer no mundo dos pneus, um componente essencial num sistema de maquinaria.&#8221;<\/p>\n<p>A outra grande novidade s\u00e3o os tr\u00eas epis\u00f3dios a n\u00e3o perder, dedicados aos principais temas de debate na agricultura: o epis\u00f3dio &#8220;Connectivity&#8221; (Conectividade) ser\u00e1 lan\u00e7ado a 17 de junho, seguindo &#8220;Driving Experience&#8221; (Experi\u00eancia de condu\u00e7\u00e3o) a 24 de junho e &#8220;Agriculture 4.0&#8221; (Agricultura 4.0) a 1 de julho.<\/p>\n<p>Estes temas foram tamb\u00e9m abordados no livro branco &#8220;White Book TotY 2020&#8221;, um estudo abrangente sobre as quest\u00f5es mais pertinentes para quem trabalha na mecaniza\u00e7\u00e3o agr\u00edcola. Os autores analisam os dados mais recentes e quest\u00f5es de sentimento do mercado como a import\u00e2ncia da mecaniza\u00e7\u00e3o para o desenvolvimento da ind\u00fastria agroalimentar, a agricultura de precis\u00e3o, o futuro da agricultura 4.0, a inova\u00e7\u00e3o no consumo, os novos combust\u00edveis e os processos de descarboniza\u00e7\u00e3o.<\/p>\n<p>Tecnologia, partilha, de ponta: estas s\u00e3o as tr\u00eas palavras-chave que descrevem a nova alian\u00e7a entre o TotY e a BKT, uma alian\u00e7a que se torna no s\u00edmbolo de uma vis\u00e3o comum do futuro, cada vez mais inovador e sustent\u00e1vel.<\/p>\n<p>A partir de hoje, o Trator do Ano deixa de ser apenas um pr\u00e9mio. Com a BKT, torna-se um centro de informa\u00e7\u00f5es e conhecimentos acerca da mecaniza\u00e7\u00e3o agr\u00edcola, onde poder\u00e1 encontrar ideias, sugest\u00f5es e informa\u00e7\u00f5es e manter-se a par das mudan\u00e7as muito r\u00e1pidas no setor agr\u00edcola mundial.<\/p>\n<!-- AddThis Advanced Settings generic via filter on the_content --><!-- AddThis Share Buttons generic via filter on the_content -->","protected":false},"excerpt":{"rendered":"<p>Gra\u00e7as ao impulso impar\u00e1vel da BKT, o hist\u00f3rico galard\u00e3o&#8230;<!-- AddThis Advanced Settings generic via filter on get_the_excerpt --><!-- AddThis Share Buttons generic via filter on get_the_excerpt --><\/p>\n","protected":false},"author":9,"featured_media":9480,"comment_status":"closed","ping_status":"closed","sticky":false,"template":"","format":"standard","meta":{"footnotes":""},"categories":[39],"tags":[989,912],"class_list":["post-9496","post","type-post","status-publish","format-standard","has-post-thumbnail","hentry","category-eventos","tag-bkt","tag-revista-dos-pneus"],"yoast_head":"<!-- This site is optimized with the Yoast SEO plugin v27.5 - https:\/\/yoast.com\/product\/yoast-seo-wordpress\/ -->\n<title>BKT patrocina Pr\u00e9mio Trator do Ano - Revista dos Pneus<\/title>\n<meta name=\"robots\" content=\"index, follow, max-snippet:-1, max-image-preview:large, max-video-preview:-1\" \/>\n<link rel=\"canonical\" href=\"https:\/\/revistadospneus.com\/pt\/2020\/06\/16\/bkt-patrocina-premio-trator-do-ano\/\" \/>\n<meta property=\"og:locale\" content=\"pt_PT\" \/>\n<meta property=\"og:type\" content=\"article\" \/>\n<meta property=\"og:title\" content=\"BKT patrocina Pr\u00e9mio Trator do Ano - Revista dos Pneus\" \/>\n<meta property=\"og:description\" content=\"Gra\u00e7as ao impulso impar\u00e1vel da BKT, o hist\u00f3rico galard\u00e3o...\" \/>\n<meta property=\"og:url\" content=\"https:\/\/revistadospneus.com\/pt\/2020\/06\/16\/bkt-patrocina-premio-trator-do-ano\/\" \/>\n<meta property=\"og:site_name\" content=\"Revista dos Pneus\" \/>\n<meta property=\"article:publisher\" content=\"https:\/\/www.facebook.com\/revistapneus\" \/>\n<meta property=\"article:published_time\" content=\"2020-06-16T09:00:25+00:00\" \/>\n<meta property=\"og:image\" content=\"https:\/\/revistadospneus.com\/pt\/wp-content\/uploads\/2020\/06\/BKT-patrocina-Premio.jpg\" \/>\n\t<meta property=\"og:image:width\" content=\"1024\" \/>\n\t<meta property=\"og:image:height\" content=\"581\" \/>\n\t<meta property=\"og:image:type\" content=\"image\/jpeg\" \/>\n<meta name=\"author\" content=\"Jo\u00e3o Vieira\" \/>\n<meta name=\"twitter:card\" content=\"summary_large_image\" \/>\n<meta name=\"twitter:creator\" content=\"@revistapneus\" \/>\n<meta name=\"twitter:site\" content=\"@revistapneus\" \/>\n<meta name=\"twitter:label1\" content=\"Escrito por\" \/>\n\t<meta name=\"twitter:data1\" content=\"Jo\u00e3o Vieira\" \/>\n\t<meta name=\"twitter:label2\" content=\"Tempo estimado de leitura\" \/>\n\t<meta name=\"twitter:data2\" content=\"3 minutos\" \/>\n<script type=\"application\/ld+json\" class=\"yoast-schema-graph\">{\"@context\":\"https:\\\/\\\/schema.org\",\"@graph\":[{\"@type\":\"Article\",\"@id\":\"https:\\\/\\\/revistadospneus.com\\\/pt\\\/2020\\\/06\\\/16\\\/bkt-patrocina-premio-trator-do-ano\\\/#article\",\"isPartOf\":{\"@id\":\"https:\\\/\\\/revistadospneus.com\\\/pt\\\/2020\\\/06\\\/16\\\/bkt-patrocina-premio-trator-do-ano\\\/\"},\"author\":{\"name\":\"Jo\u00e3o Vieira\",\"@id\":\"https:\\\/\\\/revistadospneus.com\\\/pt\\\/#\\\/schema\\\/person\\\/d145387c983f10ff81c1598f59ccd8b2\"},\"headline\":\"BKT patrocina Pr\u00e9mio Trator do Ano\",\"datePublished\":\"2020-06-16T09:00:25+00:00\",\"mainEntityOfPage\":{\"@id\":\"https:\\\/\\\/revistadospneus.com\\\/pt\\\/2020\\\/06\\\/16\\\/bkt-patrocina-premio-trator-do-ano\\\/\"},\"wordCount\":662,\"publisher\":{\"@id\":\"https:\\\/\\\/revistadospneus.com\\\/pt\\\/#organization\"},\"image\":{\"@id\":\"https:\\\/\\\/revistadospneus.com\\\/pt\\\/2020\\\/06\\\/16\\\/bkt-patrocina-premio-trator-do-ano\\\/#primaryimage\"},\"thumbnailUrl\":\"https:\\\/\\\/revistadospneus.com\\\/pt\\\/wp-content\\\/uploads\\\/2020\\\/06\\\/BKT-patrocina-Premio.jpg\",\"keywords\":[\"BKT\",\"Revista dos Pneus\"],\"articleSection\":[\"Eventos\"],\"inLanguage\":\"pt-PT\"},{\"@type\":\"WebPage\",\"@id\":\"https:\\\/\\\/revistadospneus.com\\\/pt\\\/2020\\\/06\\\/16\\\/bkt-patrocina-premio-trator-do-ano\\\/\",\"url\":\"https:\\\/\\\/revistadospneus.com\\\/pt\\\/2020\\\/06\\\/16\\\/bkt-patrocina-premio-trator-do-ano\\\/\",\"name\":\"BKT patrocina Pr\u00e9mio Trator do Ano - Revista dos Pneus\",\"isPartOf\":{\"@id\":\"https:\\\/\\\/revistadospneus.com\\\/pt\\\/#website\"},\"primaryImageOfPage\":{\"@id\":\"https:\\\/\\\/revistadospneus.com\\\/pt\\\/2020\\\/06\\\/16\\\/bkt-patrocina-premio-trator-do-ano\\\/#primaryimage\"},\"image\":{\"@id\":\"https:\\\/\\\/revistadospneus.com\\\/pt\\\/2020\\\/06\\\/16\\\/bkt-patrocina-premio-trator-do-ano\\\/#primaryimage\"},\"thumbnailUrl\":\"https:\\\/\\\/revistadospneus.com\\\/pt\\\/wp-content\\\/uploads\\\/2020\\\/06\\\/BKT-patrocina-Premio.jpg\",\"datePublished\":\"2020-06-16T09:00:25+00:00\",\"breadcrumb\":{\"@id\":\"https:\\\/\\\/revistadospneus.com\\\/pt\\\/2020\\\/06\\\/16\\\/bkt-patrocina-premio-trator-do-ano\\\/#breadcrumb\"},\"inLanguage\":\"pt-PT\",\"potentialAction\":[{\"@type\":\"ReadAction\",\"target\":[\"https:\\\/\\\/revistadospneus.com\\\/pt\\\/2020\\\/06\\\/16\\\/bkt-patrocina-premio-trator-do-ano\\\/\"]}]},{\"@type\":\"ImageObject\",\"inLanguage\":\"pt-PT\",\"@id\":\"https:\\\/\\\/revistadospneus.com\\\/pt\\\/2020\\\/06\\\/16\\\/bkt-patrocina-premio-trator-do-ano\\\/#primaryimage\",\"url\":\"https:\\\/\\\/revistadospneus.com\\\/pt\\\/wp-content\\\/uploads\\\/2020\\\/06\\\/BKT-patrocina-Premio.jpg\",\"contentUrl\":\"https:\\\/\\\/revistadospneus.com\\\/pt\\\/wp-content\\\/uploads\\\/2020\\\/06\\\/BKT-patrocina-Premio.jpg\",\"width\":1024,\"height\":581,\"caption\":\"06 - BKT-patrocina-Premio\"},{\"@type\":\"BreadcrumbList\",\"@id\":\"https:\\\/\\\/revistadospneus.com\\\/pt\\\/2020\\\/06\\\/16\\\/bkt-patrocina-premio-trator-do-ano\\\/#breadcrumb\",\"itemListElement\":[{\"@type\":\"ListItem\",\"position\":1,\"name\":\"In\u00edcio\",\"item\":\"https:\\\/\\\/revistadospneus.com\\\/pt\\\/\"},{\"@type\":\"ListItem\",\"position\":2,\"name\":\"BKT patrocina Pr\u00e9mio Trator do Ano\"}]},{\"@type\":\"WebSite\",\"@id\":\"https:\\\/\\\/revistadospneus.com\\\/pt\\\/#website\",\"url\":\"https:\\\/\\\/revistadospneus.com\\\/pt\\\/\",\"name\":\"Revista dos Pneus\",\"description\":\"Revista independente de pneus e servi\u00e7os r\u00e1pidos\",\"publisher\":{\"@id\":\"https:\\\/\\\/revistadospneus.com\\\/pt\\\/#organization\"},\"potentialAction\":[{\"@type\":\"SearchAction\",\"target\":{\"@type\":\"EntryPoint\",\"urlTemplate\":\"https:\\\/\\\/revistadospneus.com\\\/pt\\\/?s={search_term_string}\"},\"query-input\":{\"@type\":\"PropertyValueSpecification\",\"valueRequired\":true,\"valueName\":\"search_term_string\"}}],\"inLanguage\":\"pt-PT\"},{\"@type\":\"Organization\",\"@id\":\"https:\\\/\\\/revistadospneus.com\\\/pt\\\/#organization\",\"name\":\"Revista dos Pneus\",\"url\":\"https:\\\/\\\/revistadospneus.com\\\/pt\\\/\",\"logo\":{\"@type\":\"ImageObject\",\"inLanguage\":\"pt-PT\",\"@id\":\"https:\\\/\\\/revistadospneus.com\\\/pt\\\/#\\\/schema\\\/logo\\\/image\\\/\",\"url\":\"https:\\\/\\\/revistadospneus.com\\\/pt\\\/wp-content\\\/uploads\\\/logo2-1.png\",\"contentUrl\":\"https:\\\/\\\/revistadospneus.com\\\/pt\\\/wp-content\\\/uploads\\\/logo2-1.png\",\"width\":216,\"height\":70,\"caption\":\"Revista dos Pneus\"},\"image\":{\"@id\":\"https:\\\/\\\/revistadospneus.com\\\/pt\\\/#\\\/schema\\\/logo\\\/image\\\/\"},\"sameAs\":[\"https:\\\/\\\/www.facebook.com\\\/revistapneus\",\"https:\\\/\\\/x.com\\\/revistapneus\",\"https:\\\/\\\/www.linkedin.com\\\/company\\\/jornal-das-oficinas\\\/\",\"https:\\\/\\\/www.youtube.com\\\/channel\\\/UCbQZBqtcvV-oSQrr7RzINGg\"]},{\"@type\":\"Person\",\"@id\":\"https:\\\/\\\/revistadospneus.com\\\/pt\\\/#\\\/schema\\\/person\\\/d145387c983f10ff81c1598f59ccd8b2\",\"name\":\"Jo\u00e3o Vieira\",\"image\":{\"@type\":\"ImageObject\",\"inLanguage\":\"pt-PT\",\"@id\":\"https:\\\/\\\/secure.gravatar.com\\\/avatar\\\/441adcd63c03ba65286942d287eb8208a031ac45c48eecb30d63bf4cc7f790ee?s=96&d=wp_user_avatar&r=g\",\"url\":\"https:\\\/\\\/secure.gravatar.com\\\/avatar\\\/441adcd63c03ba65286942d287eb8208a031ac45c48eecb30d63bf4cc7f790ee?s=96&d=wp_user_avatar&r=g\",\"contentUrl\":\"https:\\\/\\\/secure.gravatar.com\\\/avatar\\\/441adcd63c03ba65286942d287eb8208a031ac45c48eecb30d63bf4cc7f790ee?s=96&d=wp_user_avatar&r=g\",\"caption\":\"Jo\u00e3o Vieira\"},\"url\":\"https:\\\/\\\/revistadospneus.com\\\/pt\\\/author\\\/joaovieira\\\/\"}]}<\/script>\n<!-- \/ Yoast SEO plugin. -->","yoast_head_json":{"title":"BKT patrocina Pr\u00e9mio Trator do Ano - Revista dos Pneus","robots":{"index":"index","follow":"follow","max-snippet":"max-snippet:-1","max-image-preview":"max-image-preview:large","max-video-preview":"max-video-preview:-1"},"canonical":"https:\/\/revistadospneus.com\/pt\/2020\/06\/16\/bkt-patrocina-premio-trator-do-ano\/","og_locale":"pt_PT","og_type":"article","og_title":"BKT patrocina Pr\u00e9mio Trator do Ano - Revista dos Pneus","og_description":"Gra\u00e7as ao impulso impar\u00e1vel da BKT, o hist\u00f3rico galard\u00e3o...","og_url":"https:\/\/revistadospneus.com\/pt\/2020\/06\/16\/bkt-patrocina-premio-trator-do-ano\/","og_site_name":"Revista dos Pneus","article_publisher":"https:\/\/www.facebook.com\/revistapneus","article_published_time":"2020-06-16T09:00:25+00:00","og_image":[{"width":1024,"height":581,"url":"https:\/\/revistadospneus.com\/pt\/wp-content\/uploads\/2020\/06\/BKT-patrocina-Premio.jpg","type":"image\/jpeg"}],"author":"Jo\u00e3o Vieira","twitter_card":"summary_large_image","twitter_creator":"@revistapneus","twitter_site":"@revistapneus","twitter_misc":{"Escrito por":"Jo\u00e3o Vieira","Tempo estimado de leitura":"3 minutos"},"schema":{"@context":"https:\/\/schema.org","@graph":[{"@type":"Article","@id":"https:\/\/revistadospneus.com\/pt\/2020\/06\/16\/bkt-patrocina-premio-trator-do-ano\/#article","isPartOf":{"@id":"https:\/\/revistadospneus.com\/pt\/2020\/06\/16\/bkt-patrocina-premio-trator-do-ano\/"},"author":{"name":"Jo\u00e3o Vieira","@id":"https:\/\/revistadospneus.com\/pt\/#\/schema\/person\/d145387c983f10ff81c1598f59ccd8b2"},"headline":"BKT patrocina Pr\u00e9mio Trator do Ano","datePublished":"2020-06-16T09:00:25+00:00","mainEntityOfPage":{"@id":"https:\/\/revistadospneus.com\/pt\/2020\/06\/16\/bkt-patrocina-premio-trator-do-ano\/"},"wordCount":662,"publisher":{"@id":"https:\/\/revistadospneus.com\/pt\/#organization"},"image":{"@id":"https:\/\/revistadospneus.com\/pt\/2020\/06\/16\/bkt-patrocina-premio-trator-do-ano\/#primaryimage"},"thumbnailUrl":"https:\/\/revistadospneus.com\/pt\/wp-content\/uploads\/2020\/06\/BKT-patrocina-Premio.jpg","keywords":["BKT","Revista dos Pneus"],"articleSection":["Eventos"],"inLanguage":"pt-PT"},{"@type":"WebPage","@id":"https:\/\/revistadospneus.com\/pt\/2020\/06\/16\/bkt-patrocina-premio-trator-do-ano\/","url":"https:\/\/revistadospneus.com\/pt\/2020\/06\/16\/bkt-patrocina-premio-trator-do-ano\/","name":"BKT patrocina Pr\u00e9mio Trator do Ano - Revista dos Pneus","isPartOf":{"@id":"https:\/\/revistadospneus.com\/pt\/#website"},"primaryImageOfPage":{"@id":"https:\/\/revistadospneus.com\/pt\/2020\/06\/16\/bkt-patrocina-premio-trator-do-ano\/#primaryimage"},"image":{"@id":"https:\/\/revistadospneus.com\/pt\/2020\/06\/16\/bkt-patrocina-premio-trator-do-ano\/#primaryimage"},"thumbnailUrl":"https:\/\/revistadospneus.com\/pt\/wp-content\/uploads\/2020\/06\/BKT-patrocina-Premio.jpg","datePublished":"2020-06-16T09:00:25+00:00","breadcrumb":{"@id":"https:\/\/revistadospneus.com\/pt\/2020\/06\/16\/bkt-patrocina-premio-trator-do-ano\/#breadcrumb"},"inLanguage":"pt-PT","potentialAction":[{"@type":"ReadAction","target":["https:\/\/revistadospneus.com\/pt\/2020\/06\/16\/bkt-patrocina-premio-trator-do-ano\/"]}]},{"@type":"ImageObject","inLanguage":"pt-PT","@id":"https:\/\/revistadospneus.com\/pt\/2020\/06\/16\/bkt-patrocina-premio-trator-do-ano\/#primaryimage","url":"https:\/\/revistadospneus.com\/pt\/wp-content\/uploads\/2020\/06\/BKT-patrocina-Premio.jpg","contentUrl":"https:\/\/revistadospneus.com\/pt\/wp-content\/uploads\/2020\/06\/BKT-patrocina-Premio.jpg","width":1024,"height":581,"caption":"06 - BKT-patrocina-Premio"},{"@type":"BreadcrumbList","@id":"https:\/\/revistadospneus.com\/pt\/2020\/06\/16\/bkt-patrocina-premio-trator-do-ano\/#breadcrumb","itemListElement":[{"@type":"ListItem","position":1,"name":"In\u00edcio","item":"https:\/\/revistadospneus.com\/pt\/"},{"@type":"ListItem","position":2,"name":"BKT patrocina Pr\u00e9mio Trator do Ano"}]},{"@type":"WebSite","@id":"https:\/\/revistadospneus.com\/pt\/#website","url":"https:\/\/revistadospneus.com\/pt\/","name":"Revista dos Pneus","description":"Revista independente de pneus e servi\u00e7os r\u00e1pidos","publisher":{"@id":"https:\/\/revistadospneus.com\/pt\/#organization"},"potentialAction":[{"@type":"SearchAction","target":{"@type":"EntryPoint","urlTemplate":"https:\/\/revistadospneus.com\/pt\/?s={search_term_string}"},"query-input":{"@type":"PropertyValueSpecification","valueRequired":true,"valueName":"search_term_string"}}],"inLanguage":"pt-PT"},{"@type":"Organization","@id":"https:\/\/revistadospneus.com\/pt\/#organization","name":"Revista dos Pneus","url":"https:\/\/revistadospneus.com\/pt\/","logo":{"@type":"ImageObject","inLanguage":"pt-PT","@id":"https:\/\/revistadospneus.com\/pt\/#\/schema\/logo\/image\/","url":"https:\/\/revistadospneus.com\/pt\/wp-content\/uploads\/logo2-1.png","contentUrl":"https:\/\/revistadospneus.com\/pt\/wp-content\/uploads\/logo2-1.png","width":216,"height":70,"caption":"Revista dos Pneus"},"image":{"@id":"https:\/\/revistadospneus.com\/pt\/#\/schema\/logo\/image\/"},"sameAs":["https:\/\/www.facebook.com\/revistapneus","https:\/\/x.com\/revistapneus","https:\/\/www.linkedin.com\/company\/jornal-das-oficinas\/","https:\/\/www.youtube.com\/channel\/UCbQZBqtcvV-oSQrr7RzINGg"]},{"@type":"Person","@id":"https:\/\/revistadospneus.com\/pt\/#\/schema\/person\/d145387c983f10ff81c1598f59ccd8b2","name":"Jo\u00e3o Vieira","image":{"@type":"ImageObject","inLanguage":"pt-PT","@id":"https:\/\/secure.gravatar.com\/avatar\/441adcd63c03ba65286942d287eb8208a031ac45c48eecb30d63bf4cc7f790ee?s=96&d=wp_user_avatar&r=g","url":"https:\/\/secure.gravatar.com\/avatar\/441adcd63c03ba65286942d287eb8208a031ac45c48eecb30d63bf4cc7f790ee?s=96&d=wp_user_avatar&r=g","contentUrl":"https:\/\/secure.gravatar.com\/avatar\/441adcd63c03ba65286942d287eb8208a031ac45c48eecb30d63bf4cc7f790ee?s=96&d=wp_user_avatar&r=g","caption":"Jo\u00e3o Vieira"},"url":"https:\/\/revistadospneus.com\/pt\/author\/joaovieira\/"}]}},"_links":{"self":[{"href":"https:\/\/revistadospneus.com\/pt\/wp-json\/wp\/v2\/posts\/9496","targetHints":{"allow":["GET"]}}],"collection":[{"href":"https:\/\/revistadospneus.com\/pt\/wp-json\/wp\/v2\/posts"}],"about":[{"href":"https:\/\/revistadospneus.com\/pt\/wp-json\/wp\/v2\/types\/post"}],"author":[{"embeddable":true,"href":"https:\/\/revistadospneus.com\/pt\/wp-json\/wp\/v2\/users\/9"}],"replies":[{"embeddable":true,"href":"https:\/\/revistadospneus.com\/pt\/wp-json\/wp\/v2\/comments?post=9496"}],"version-history":[{"count":0,"href":"https:\/\/revistadospneus.com\/pt\/wp-json\/wp\/v2\/posts\/9496\/revisions"}],"wp:featuredmedia":[{"embeddable":true,"href":"https:\/\/revistadospneus.com\/pt\/wp-json\/wp\/v2\/media\/9480"}],"wp:attachment":[{"href":"https:\/\/revistadospneus.com\/pt\/wp-json\/wp\/v2\/media?parent=9496"}],"wp:term":[{"taxonomy":"category","embeddable":true,"href":"https:\/\/revistadospneus.com\/pt\/wp-json\/wp\/v2\/categories?post=9496"},{"taxonomy":"post_tag","embeddable":true,"href":"https:\/\/revistadospneus.com\/pt\/wp-json\/wp\/v2\/tags?post=9496"}],"curies":[{"name":"wp","href":"https:\/\/api.w.org\/{rel}","templated":true}]}}