{"id":9539,"date":"2020-06-23T08:00:23","date_gmt":"2020-06-23T07:00:23","guid":{"rendered":"http:\/\/revistadospneus.com\/pt\/?p=9539"},"modified":"2020-06-22T10:49:08","modified_gmt":"2020-06-22T09:49:08","slug":"hankook-e-real-madrid-levam-voz-dos-adeptos-ao-estadio","status":"publish","type":"post","link":"https:\/\/revistadospneus.com\/pt\/2020\/06\/23\/hankook-e-real-madrid-levam-voz-dos-adeptos-ao-estadio\/","title":{"rendered":"Hankook e Real Madrid levam voz dos adeptos ao est\u00e1dio"},"content":{"rendered":"<p><img loading=\"lazy\" decoding=\"async\" class=\"alignnone wp-image-9521 size-full\" src=\"https:\/\/revistadospneus.com\/pt\/wp-content\/uploads\/2020\/06\/Hankook-e-Real-Madrid-.png\" alt=\"06 - Hankook-e-Real-Madrid-\" width=\"1024\" height=\"581\" srcset=\"https:\/\/revistadospneus.com\/pt\/wp-content\/uploads\/2020\/06\/Hankook-e-Real-Madrid-.png 1024w, https:\/\/revistadospneus.com\/pt\/wp-content\/uploads\/2020\/06\/Hankook-e-Real-Madrid--300x170.png 300w, https:\/\/revistadospneus.com\/pt\/wp-content\/uploads\/2020\/06\/Hankook-e-Real-Madrid--150x85.png 150w, https:\/\/revistadospneus.com\/pt\/wp-content\/uploads\/2020\/06\/Hankook-e-Real-Madrid--768x436.png 768w\" sizes=\"auto, (max-width: 1024px) 100vw, 1024px\" \/><\/p>\n<p><strong>A Hankook, patrocinador do Real Madrid, decidiu unir jogadores e adeptos para enfrentar a parte final do La Liga Santander 19\/20. O clube e o patrocinador propuseram minimizar o m\u00e1ximo poss\u00edvel o efeito de jogar com as portas fechadas, motivado pela pandemia do Covid-19.<\/strong><\/p>\n<p>Os adeptos ter\u00e3o \u00e0 sua disposi\u00e7\u00e3o uma plataforma digital atrav\u00e9s da qual eles se tornar\u00e3o os &#8220;oradores&#8221; oficiais do clube para anunciar a convoca\u00e7\u00e3o dos jogadores do Real Madrid nos momentos antes do in\u00edcio dos seis jogos da equipe de Zinedine Zidane que se ir\u00e3o disputar em casa no est\u00e1dio Alfredo Di Stefano. A voz de todos os adeptos do Real Madrid junta-se \u00e0 do orador oficial do clube, reproduzindo a cerim\u00f3nia habitual que ocorre em todas as partidas disputadas no Santiago Bernab\u00e9u antes que os jogadores entrem no campo. Desta forma, o sistema aproximar\u00e1 os adeptos do Real Madrid de seus jogadores de futebol num momento chave da temporada.<\/p>\n<p>Gritos de encorajamento podem ser enviados atrav\u00e9s de:<\/p>\n<p><a href=\"http:\/\/www.Facebook.com\/HankookSpain\" target=\"_blank\" rel=\"noopener noreferrer\">www.Facebook.com\/HankookSpain<\/a><br \/>\n<a href=\"http:\/\/www.Facebook.com\/RealMadrid\" target=\"_blank\" rel=\"noopener noreferrer\">www.Facebook.com\/RealMadrid<\/a><br \/>\n<a href=\"https:\/\/url2.cl\/5UADG\" target=\"_blank\" rel=\"noopener noreferrer\">https:\/\/url2.cl\/5UADG<\/a><\/p>\n<p>A Hankook Tire, uma empresa com clara voca\u00e7\u00e3o para inova\u00e7\u00e3o e tecnologia, est\u00e1 a apostar na ativa\u00e7\u00e3o de seus direitos on-line para fortalecer seus la\u00e7os com o Real Madrid, clube patrocinado desde 2016 e cujo contrato foi renovado no in\u00edcio de 2020 at\u00e9 ano de 2023.<\/p>\n<p>A Hankook tem uma boa posi\u00e7\u00e3o na ind\u00fastria aut\u00f3vel com os seus pneus premium e est\u00e1 autorizada a fabricar equipamentos originais para v\u00e1rios fabricantes de autom\u00f3veis e ve\u00edculos comerciais reconhecidos internacionalmente.<\/p>\n<p>Com a sua estrat\u00e9gia de marketing, a Hankook implementa um conceito de v\u00e1rios n\u00edveis, que consiste em compromissos de patroc\u00ednio locais, continentais e internacionais. Essa estrat\u00e9gia permite integrar de maneira ideal v\u00e1rias situa\u00e7\u00f5es individuais do mercado e refor\u00e7ar a lealdade do cliente e a visibilidade da marca por meio de segmenta\u00e7\u00e3o direcionada. Para al\u00e9m do seu compromisso global com o Real Madrid C.F., a Hankook tamb\u00e9m patrocina a UEFA Europa League desde 2012. A n\u00edvel local, por exemplo, patrocina grandes clubes de futebol como o Borussia Dortmund, o AS Monaco e o SSC Napoli.<\/p>\n<!-- AddThis Advanced Settings generic via filter on the_content --><!-- AddThis Share Buttons generic via filter on the_content -->","protected":false},"excerpt":{"rendered":"<p>A Hankook, patrocinador do Real Madrid, decidiu unir jogadores&#8230;<!-- AddThis Advanced Settings generic via filter on get_the_excerpt --><!-- AddThis Share Buttons generic via filter on get_the_excerpt --><\/p>\n","protected":false},"author":9,"featured_media":9521,"comment_status":"closed","ping_status":"closed","sticky":false,"template":"","format":"standard","meta":{"footnotes":""},"categories":[29],"tags":[935],"class_list":["post-9539","post","type-post","status-publish","format-standard","has-post-thumbnail","hentry","category-empresas","tag-hankook"],"yoast_head":"<!-- This site is optimized with the Yoast SEO plugin v27.5 - https:\/\/yoast.com\/product\/yoast-seo-wordpress\/ -->\n<title>Hankook e Real Madrid levam voz dos adeptos ao est\u00e1dio - Revista dos Pneus<\/title>\n<meta name=\"robots\" content=\"index, follow, max-snippet:-1, max-image-preview:large, max-video-preview:-1\" \/>\n<link rel=\"canonical\" href=\"https:\/\/revistadospneus.com\/pt\/2020\/06\/23\/hankook-e-real-madrid-levam-voz-dos-adeptos-ao-estadio\/\" \/>\n<meta property=\"og:locale\" content=\"pt_PT\" \/>\n<meta property=\"og:type\" content=\"article\" \/>\n<meta property=\"og:title\" content=\"Hankook e Real Madrid levam voz dos adeptos ao est\u00e1dio - Revista dos Pneus\" \/>\n<meta property=\"og:description\" content=\"A Hankook, patrocinador do Real Madrid, decidiu unir jogadores...\" \/>\n<meta property=\"og:url\" content=\"https:\/\/revistadospneus.com\/pt\/2020\/06\/23\/hankook-e-real-madrid-levam-voz-dos-adeptos-ao-estadio\/\" \/>\n<meta property=\"og:site_name\" content=\"Revista dos Pneus\" \/>\n<meta property=\"article:publisher\" content=\"https:\/\/www.facebook.com\/revistapneus\" \/>\n<meta property=\"article:published_time\" content=\"2020-06-23T07:00:23+00:00\" \/>\n<meta property=\"og:image\" content=\"https:\/\/revistadospneus.com\/pt\/wp-content\/uploads\/2020\/06\/Hankook-e-Real-Madrid-.png\" \/>\n\t<meta property=\"og:image:width\" content=\"1024\" \/>\n\t<meta property=\"og:image:height\" content=\"581\" \/>\n\t<meta property=\"og:image:type\" content=\"image\/png\" \/>\n<meta name=\"author\" content=\"Jo\u00e3o Vieira\" \/>\n<meta name=\"twitter:card\" content=\"summary_large_image\" \/>\n<meta name=\"twitter:creator\" content=\"@revistapneus\" \/>\n<meta name=\"twitter:site\" content=\"@revistapneus\" \/>\n<meta name=\"twitter:label1\" content=\"Escrito por\" \/>\n\t<meta name=\"twitter:data1\" content=\"Jo\u00e3o Vieira\" \/>\n\t<meta name=\"twitter:label2\" content=\"Tempo estimado de leitura\" \/>\n\t<meta name=\"twitter:data2\" content=\"2 minutos\" \/>\n<script type=\"application\/ld+json\" class=\"yoast-schema-graph\">{\"@context\":\"https:\\\/\\\/schema.org\",\"@graph\":[{\"@type\":\"Article\",\"@id\":\"https:\\\/\\\/revistadospneus.com\\\/pt\\\/2020\\\/06\\\/23\\\/hankook-e-real-madrid-levam-voz-dos-adeptos-ao-estadio\\\/#article\",\"isPartOf\":{\"@id\":\"https:\\\/\\\/revistadospneus.com\\\/pt\\\/2020\\\/06\\\/23\\\/hankook-e-real-madrid-levam-voz-dos-adeptos-ao-estadio\\\/\"},\"author\":{\"name\":\"Jo\u00e3o Vieira\",\"@id\":\"https:\\\/\\\/revistadospneus.com\\\/pt\\\/#\\\/schema\\\/person\\\/d145387c983f10ff81c1598f59ccd8b2\"},\"headline\":\"Hankook e Real Madrid levam voz dos adeptos ao est\u00e1dio\",\"datePublished\":\"2020-06-23T07:00:23+00:00\",\"mainEntityOfPage\":{\"@id\":\"https:\\\/\\\/revistadospneus.com\\\/pt\\\/2020\\\/06\\\/23\\\/hankook-e-real-madrid-levam-voz-dos-adeptos-ao-estadio\\\/\"},\"wordCount\":386,\"publisher\":{\"@id\":\"https:\\\/\\\/revistadospneus.com\\\/pt\\\/#organization\"},\"image\":{\"@id\":\"https:\\\/\\\/revistadospneus.com\\\/pt\\\/2020\\\/06\\\/23\\\/hankook-e-real-madrid-levam-voz-dos-adeptos-ao-estadio\\\/#primaryimage\"},\"thumbnailUrl\":\"https:\\\/\\\/revistadospneus.com\\\/pt\\\/wp-content\\\/uploads\\\/2020\\\/06\\\/Hankook-e-Real-Madrid-.png\",\"keywords\":[\"Hankook\"],\"articleSection\":[\"Empresas\"],\"inLanguage\":\"pt-PT\"},{\"@type\":\"WebPage\",\"@id\":\"https:\\\/\\\/revistadospneus.com\\\/pt\\\/2020\\\/06\\\/23\\\/hankook-e-real-madrid-levam-voz-dos-adeptos-ao-estadio\\\/\",\"url\":\"https:\\\/\\\/revistadospneus.com\\\/pt\\\/2020\\\/06\\\/23\\\/hankook-e-real-madrid-levam-voz-dos-adeptos-ao-estadio\\\/\",\"name\":\"Hankook e Real Madrid levam voz dos adeptos ao est\u00e1dio - Revista dos Pneus\",\"isPartOf\":{\"@id\":\"https:\\\/\\\/revistadospneus.com\\\/pt\\\/#website\"},\"primaryImageOfPage\":{\"@id\":\"https:\\\/\\\/revistadospneus.com\\\/pt\\\/2020\\\/06\\\/23\\\/hankook-e-real-madrid-levam-voz-dos-adeptos-ao-estadio\\\/#primaryimage\"},\"image\":{\"@id\":\"https:\\\/\\\/revistadospneus.com\\\/pt\\\/2020\\\/06\\\/23\\\/hankook-e-real-madrid-levam-voz-dos-adeptos-ao-estadio\\\/#primaryimage\"},\"thumbnailUrl\":\"https:\\\/\\\/revistadospneus.com\\\/pt\\\/wp-content\\\/uploads\\\/2020\\\/06\\\/Hankook-e-Real-Madrid-.png\",\"datePublished\":\"2020-06-23T07:00:23+00:00\",\"breadcrumb\":{\"@id\":\"https:\\\/\\\/revistadospneus.com\\\/pt\\\/2020\\\/06\\\/23\\\/hankook-e-real-madrid-levam-voz-dos-adeptos-ao-estadio\\\/#breadcrumb\"},\"inLanguage\":\"pt-PT\",\"potentialAction\":[{\"@type\":\"ReadAction\",\"target\":[\"https:\\\/\\\/revistadospneus.com\\\/pt\\\/2020\\\/06\\\/23\\\/hankook-e-real-madrid-levam-voz-dos-adeptos-ao-estadio\\\/\"]}]},{\"@type\":\"ImageObject\",\"inLanguage\":\"pt-PT\",\"@id\":\"https:\\\/\\\/revistadospneus.com\\\/pt\\\/2020\\\/06\\\/23\\\/hankook-e-real-madrid-levam-voz-dos-adeptos-ao-estadio\\\/#primaryimage\",\"url\":\"https:\\\/\\\/revistadospneus.com\\\/pt\\\/wp-content\\\/uploads\\\/2020\\\/06\\\/Hankook-e-Real-Madrid-.png\",\"contentUrl\":\"https:\\\/\\\/revistadospneus.com\\\/pt\\\/wp-content\\\/uploads\\\/2020\\\/06\\\/Hankook-e-Real-Madrid-.png\",\"width\":1024,\"height\":581,\"caption\":\"06 - Hankook-e-Real-Madrid-\"},{\"@type\":\"BreadcrumbList\",\"@id\":\"https:\\\/\\\/revistadospneus.com\\\/pt\\\/2020\\\/06\\\/23\\\/hankook-e-real-madrid-levam-voz-dos-adeptos-ao-estadio\\\/#breadcrumb\",\"itemListElement\":[{\"@type\":\"ListItem\",\"position\":1,\"name\":\"In\u00edcio\",\"item\":\"https:\\\/\\\/revistadospneus.com\\\/pt\\\/\"},{\"@type\":\"ListItem\",\"position\":2,\"name\":\"Hankook e Real Madrid levam voz dos adeptos ao est\u00e1dio\"}]},{\"@type\":\"WebSite\",\"@id\":\"https:\\\/\\\/revistadospneus.com\\\/pt\\\/#website\",\"url\":\"https:\\\/\\\/revistadospneus.com\\\/pt\\\/\",\"name\":\"Revista dos Pneus\",\"description\":\"Revista independente de pneus e servi\u00e7os r\u00e1pidos\",\"publisher\":{\"@id\":\"https:\\\/\\\/revistadospneus.com\\\/pt\\\/#organization\"},\"potentialAction\":[{\"@type\":\"SearchAction\",\"target\":{\"@type\":\"EntryPoint\",\"urlTemplate\":\"https:\\\/\\\/revistadospneus.com\\\/pt\\\/?s={search_term_string}\"},\"query-input\":{\"@type\":\"PropertyValueSpecification\",\"valueRequired\":true,\"valueName\":\"search_term_string\"}}],\"inLanguage\":\"pt-PT\"},{\"@type\":\"Organization\",\"@id\":\"https:\\\/\\\/revistadospneus.com\\\/pt\\\/#organization\",\"name\":\"Revista dos Pneus\",\"url\":\"https:\\\/\\\/revistadospneus.com\\\/pt\\\/\",\"logo\":{\"@type\":\"ImageObject\",\"inLanguage\":\"pt-PT\",\"@id\":\"https:\\\/\\\/revistadospneus.com\\\/pt\\\/#\\\/schema\\\/logo\\\/image\\\/\",\"url\":\"https:\\\/\\\/revistadospneus.com\\\/pt\\\/wp-content\\\/uploads\\\/logo2-1.png\",\"contentUrl\":\"https:\\\/\\\/revistadospneus.com\\\/pt\\\/wp-content\\\/uploads\\\/logo2-1.png\",\"width\":216,\"height\":70,\"caption\":\"Revista dos Pneus\"},\"image\":{\"@id\":\"https:\\\/\\\/revistadospneus.com\\\/pt\\\/#\\\/schema\\\/logo\\\/image\\\/\"},\"sameAs\":[\"https:\\\/\\\/www.facebook.com\\\/revistapneus\",\"https:\\\/\\\/x.com\\\/revistapneus\",\"https:\\\/\\\/www.linkedin.com\\\/company\\\/jornal-das-oficinas\\\/\",\"https:\\\/\\\/www.youtube.com\\\/channel\\\/UCbQZBqtcvV-oSQrr7RzINGg\"]},{\"@type\":\"Person\",\"@id\":\"https:\\\/\\\/revistadospneus.com\\\/pt\\\/#\\\/schema\\\/person\\\/d145387c983f10ff81c1598f59ccd8b2\",\"name\":\"Jo\u00e3o Vieira\",\"image\":{\"@type\":\"ImageObject\",\"inLanguage\":\"pt-PT\",\"@id\":\"https:\\\/\\\/secure.gravatar.com\\\/avatar\\\/441adcd63c03ba65286942d287eb8208a031ac45c48eecb30d63bf4cc7f790ee?s=96&d=wp_user_avatar&r=g\",\"url\":\"https:\\\/\\\/secure.gravatar.com\\\/avatar\\\/441adcd63c03ba65286942d287eb8208a031ac45c48eecb30d63bf4cc7f790ee?s=96&d=wp_user_avatar&r=g\",\"contentUrl\":\"https:\\\/\\\/secure.gravatar.com\\\/avatar\\\/441adcd63c03ba65286942d287eb8208a031ac45c48eecb30d63bf4cc7f790ee?s=96&d=wp_user_avatar&r=g\",\"caption\":\"Jo\u00e3o Vieira\"},\"url\":\"https:\\\/\\\/revistadospneus.com\\\/pt\\\/author\\\/joaovieira\\\/\"}]}<\/script>\n<!-- \/ Yoast SEO plugin. -->","yoast_head_json":{"title":"Hankook e Real Madrid levam voz dos adeptos ao est\u00e1dio - Revista dos Pneus","robots":{"index":"index","follow":"follow","max-snippet":"max-snippet:-1","max-image-preview":"max-image-preview:large","max-video-preview":"max-video-preview:-1"},"canonical":"https:\/\/revistadospneus.com\/pt\/2020\/06\/23\/hankook-e-real-madrid-levam-voz-dos-adeptos-ao-estadio\/","og_locale":"pt_PT","og_type":"article","og_title":"Hankook e Real Madrid levam voz dos adeptos ao est\u00e1dio - Revista dos Pneus","og_description":"A Hankook, patrocinador do Real Madrid, decidiu unir jogadores...","og_url":"https:\/\/revistadospneus.com\/pt\/2020\/06\/23\/hankook-e-real-madrid-levam-voz-dos-adeptos-ao-estadio\/","og_site_name":"Revista dos Pneus","article_publisher":"https:\/\/www.facebook.com\/revistapneus","article_published_time":"2020-06-23T07:00:23+00:00","og_image":[{"width":1024,"height":581,"url":"https:\/\/revistadospneus.com\/pt\/wp-content\/uploads\/2020\/06\/Hankook-e-Real-Madrid-.png","type":"image\/png"}],"author":"Jo\u00e3o Vieira","twitter_card":"summary_large_image","twitter_creator":"@revistapneus","twitter_site":"@revistapneus","twitter_misc":{"Escrito por":"Jo\u00e3o Vieira","Tempo estimado de leitura":"2 minutos"},"schema":{"@context":"https:\/\/schema.org","@graph":[{"@type":"Article","@id":"https:\/\/revistadospneus.com\/pt\/2020\/06\/23\/hankook-e-real-madrid-levam-voz-dos-adeptos-ao-estadio\/#article","isPartOf":{"@id":"https:\/\/revistadospneus.com\/pt\/2020\/06\/23\/hankook-e-real-madrid-levam-voz-dos-adeptos-ao-estadio\/"},"author":{"name":"Jo\u00e3o Vieira","@id":"https:\/\/revistadospneus.com\/pt\/#\/schema\/person\/d145387c983f10ff81c1598f59ccd8b2"},"headline":"Hankook e Real Madrid levam voz dos adeptos ao est\u00e1dio","datePublished":"2020-06-23T07:00:23+00:00","mainEntityOfPage":{"@id":"https:\/\/revistadospneus.com\/pt\/2020\/06\/23\/hankook-e-real-madrid-levam-voz-dos-adeptos-ao-estadio\/"},"wordCount":386,"publisher":{"@id":"https:\/\/revistadospneus.com\/pt\/#organization"},"image":{"@id":"https:\/\/revistadospneus.com\/pt\/2020\/06\/23\/hankook-e-real-madrid-levam-voz-dos-adeptos-ao-estadio\/#primaryimage"},"thumbnailUrl":"https:\/\/revistadospneus.com\/pt\/wp-content\/uploads\/2020\/06\/Hankook-e-Real-Madrid-.png","keywords":["Hankook"],"articleSection":["Empresas"],"inLanguage":"pt-PT"},{"@type":"WebPage","@id":"https:\/\/revistadospneus.com\/pt\/2020\/06\/23\/hankook-e-real-madrid-levam-voz-dos-adeptos-ao-estadio\/","url":"https:\/\/revistadospneus.com\/pt\/2020\/06\/23\/hankook-e-real-madrid-levam-voz-dos-adeptos-ao-estadio\/","name":"Hankook e Real Madrid levam voz dos adeptos ao est\u00e1dio - Revista dos Pneus","isPartOf":{"@id":"https:\/\/revistadospneus.com\/pt\/#website"},"primaryImageOfPage":{"@id":"https:\/\/revistadospneus.com\/pt\/2020\/06\/23\/hankook-e-real-madrid-levam-voz-dos-adeptos-ao-estadio\/#primaryimage"},"image":{"@id":"https:\/\/revistadospneus.com\/pt\/2020\/06\/23\/hankook-e-real-madrid-levam-voz-dos-adeptos-ao-estadio\/#primaryimage"},"thumbnailUrl":"https:\/\/revistadospneus.com\/pt\/wp-content\/uploads\/2020\/06\/Hankook-e-Real-Madrid-.png","datePublished":"2020-06-23T07:00:23+00:00","breadcrumb":{"@id":"https:\/\/revistadospneus.com\/pt\/2020\/06\/23\/hankook-e-real-madrid-levam-voz-dos-adeptos-ao-estadio\/#breadcrumb"},"inLanguage":"pt-PT","potentialAction":[{"@type":"ReadAction","target":["https:\/\/revistadospneus.com\/pt\/2020\/06\/23\/hankook-e-real-madrid-levam-voz-dos-adeptos-ao-estadio\/"]}]},{"@type":"ImageObject","inLanguage":"pt-PT","@id":"https:\/\/revistadospneus.com\/pt\/2020\/06\/23\/hankook-e-real-madrid-levam-voz-dos-adeptos-ao-estadio\/#primaryimage","url":"https:\/\/revistadospneus.com\/pt\/wp-content\/uploads\/2020\/06\/Hankook-e-Real-Madrid-.png","contentUrl":"https:\/\/revistadospneus.com\/pt\/wp-content\/uploads\/2020\/06\/Hankook-e-Real-Madrid-.png","width":1024,"height":581,"caption":"06 - Hankook-e-Real-Madrid-"},{"@type":"BreadcrumbList","@id":"https:\/\/revistadospneus.com\/pt\/2020\/06\/23\/hankook-e-real-madrid-levam-voz-dos-adeptos-ao-estadio\/#breadcrumb","itemListElement":[{"@type":"ListItem","position":1,"name":"In\u00edcio","item":"https:\/\/revistadospneus.com\/pt\/"},{"@type":"ListItem","position":2,"name":"Hankook e Real Madrid levam voz dos adeptos ao est\u00e1dio"}]},{"@type":"WebSite","@id":"https:\/\/revistadospneus.com\/pt\/#website","url":"https:\/\/revistadospneus.com\/pt\/","name":"Revista dos Pneus","description":"Revista independente de pneus e servi\u00e7os r\u00e1pidos","publisher":{"@id":"https:\/\/revistadospneus.com\/pt\/#organization"},"potentialAction":[{"@type":"SearchAction","target":{"@type":"EntryPoint","urlTemplate":"https:\/\/revistadospneus.com\/pt\/?s={search_term_string}"},"query-input":{"@type":"PropertyValueSpecification","valueRequired":true,"valueName":"search_term_string"}}],"inLanguage":"pt-PT"},{"@type":"Organization","@id":"https:\/\/revistadospneus.com\/pt\/#organization","name":"Revista dos Pneus","url":"https:\/\/revistadospneus.com\/pt\/","logo":{"@type":"ImageObject","inLanguage":"pt-PT","@id":"https:\/\/revistadospneus.com\/pt\/#\/schema\/logo\/image\/","url":"https:\/\/revistadospneus.com\/pt\/wp-content\/uploads\/logo2-1.png","contentUrl":"https:\/\/revistadospneus.com\/pt\/wp-content\/uploads\/logo2-1.png","width":216,"height":70,"caption":"Revista dos Pneus"},"image":{"@id":"https:\/\/revistadospneus.com\/pt\/#\/schema\/logo\/image\/"},"sameAs":["https:\/\/www.facebook.com\/revistapneus","https:\/\/x.com\/revistapneus","https:\/\/www.linkedin.com\/company\/jornal-das-oficinas\/","https:\/\/www.youtube.com\/channel\/UCbQZBqtcvV-oSQrr7RzINGg"]},{"@type":"Person","@id":"https:\/\/revistadospneus.com\/pt\/#\/schema\/person\/d145387c983f10ff81c1598f59ccd8b2","name":"Jo\u00e3o Vieira","image":{"@type":"ImageObject","inLanguage":"pt-PT","@id":"https:\/\/secure.gravatar.com\/avatar\/441adcd63c03ba65286942d287eb8208a031ac45c48eecb30d63bf4cc7f790ee?s=96&d=wp_user_avatar&r=g","url":"https:\/\/secure.gravatar.com\/avatar\/441adcd63c03ba65286942d287eb8208a031ac45c48eecb30d63bf4cc7f790ee?s=96&d=wp_user_avatar&r=g","contentUrl":"https:\/\/secure.gravatar.com\/avatar\/441adcd63c03ba65286942d287eb8208a031ac45c48eecb30d63bf4cc7f790ee?s=96&d=wp_user_avatar&r=g","caption":"Jo\u00e3o Vieira"},"url":"https:\/\/revistadospneus.com\/pt\/author\/joaovieira\/"}]}},"_links":{"self":[{"href":"https:\/\/revistadospneus.com\/pt\/wp-json\/wp\/v2\/posts\/9539","targetHints":{"allow":["GET"]}}],"collection":[{"href":"https:\/\/revistadospneus.com\/pt\/wp-json\/wp\/v2\/posts"}],"about":[{"href":"https:\/\/revistadospneus.com\/pt\/wp-json\/wp\/v2\/types\/post"}],"author":[{"embeddable":true,"href":"https:\/\/revistadospneus.com\/pt\/wp-json\/wp\/v2\/users\/9"}],"replies":[{"embeddable":true,"href":"https:\/\/revistadospneus.com\/pt\/wp-json\/wp\/v2\/comments?post=9539"}],"version-history":[{"count":0,"href":"https:\/\/revistadospneus.com\/pt\/wp-json\/wp\/v2\/posts\/9539\/revisions"}],"wp:featuredmedia":[{"embeddable":true,"href":"https:\/\/revistadospneus.com\/pt\/wp-json\/wp\/v2\/media\/9521"}],"wp:attachment":[{"href":"https:\/\/revistadospneus.com\/pt\/wp-json\/wp\/v2\/media?parent=9539"}],"wp:term":[{"taxonomy":"category","embeddable":true,"href":"https:\/\/revistadospneus.com\/pt\/wp-json\/wp\/v2\/categories?post=9539"},{"taxonomy":"post_tag","embeddable":true,"href":"https:\/\/revistadospneus.com\/pt\/wp-json\/wp\/v2\/tags?post=9539"}],"curies":[{"name":"wp","href":"https:\/\/api.w.org\/{rel}","templated":true}]}}