{"id":9585,"date":"2020-07-03T09:00:18","date_gmt":"2020-07-03T08:00:18","guid":{"rendered":"http:\/\/revistadospneus.com\/pt\/?p=9585"},"modified":"2020-06-30T09:22:51","modified_gmt":"2020-06-30T08:22:51","slug":"a-ab-tyres-tem-enfrentado-a-pandemia-sem-receios-filipe-bandeira-ab-tyres","status":"publish","type":"post","link":"https:\/\/revistadospneus.com\/pt\/2020\/07\/03\/a-ab-tyres-tem-enfrentado-a-pandemia-sem-receios-filipe-bandeira-ab-tyres\/","title":{"rendered":"\u201cA AB Tyres tem enfrentado a pandemia sem receios\u201d, Filipe Bandeira,  AB Tyres"},"content":{"rendered":"<p><img loading=\"lazy\" decoding=\"async\" class=\"alignnone size-medium\" src=\"https:\/\/revistadospneus.com\/pt\/wp-content\/uploads\/2020\/04\/filipebandeira.png\" width=\"1024\" height=\"581\" \/><\/p>\n<p><strong>A AB Tyres est\u00e1 a enfrentar esta situa\u00e7\u00e3o com as dificuldades inerentes de quem est\u00e1 a combater um inimigo invis\u00edvel e imprevis\u00edvel. Est\u00e1\u00a0 tamb\u00e9m a aproveitar para renovar formas de trabalho e inovar atrav\u00e9s da implementa\u00e7\u00e3o de novas ferramentas tecnol\u00f3gicas que lhe permitam continuar a estar presentes, de forma diferente no dia a dia dos seus clientes, com contributos positivos, incluindo a continuidade do Clube AB Tyres, para ajudar a melhorar a performance do neg\u00f3cio.<\/strong><\/p>\n<p><strong>O que mudou na atividade da AB Tyres?<br \/>\n<\/strong>Muitas coisas relacionadas com o nosso m\u00e9todo de trabalho e com a realidade antes COVID e p\u00f3s COVID, mas acima de tudo a nossa forma de pensar e agir, sabemos que estamos a travar, mais uma batalha, mas agora contra um inimigo desconhecido, em que a palavra \u201cresili\u00eancia\u201d \u00e9 a nossa forma de pensar como \u201cant\u00eddoto\u201d para ganhar esta guerra. Um dos pontos importantes que para nos \u00e9 crucial, que \u00e9 o acompanhamento pela nossa equipa comercial, teve que ser ajustada.<\/p>\n<p><strong>Como est\u00e1 a necessidade de isolamento social a impactar na atividade da AB Tyres?<br \/>\n<\/strong>Na sequ\u00eancia de algumas altera\u00e7\u00f5es efetuadas, em termos de m\u00e9todo de trabalho e simultaneamente na quest\u00e3o operacional, temos conseguido, como se diz \u201clevar \u00e1gua ao moinho\u201d. No entanto, os danos colaterais da \u201cfalta de clientes\u201d, em virtude desse mesmo isolamento social, est\u00e1 a provocar danos, nunca antes vistos, na atividade dos n\/clientes, que por sua vez se reflete na nossa, com efeitos tamb\u00e9m extremamente negativos.<\/p>\n<p><strong>Como est\u00e3o a apoiar os vossos clientes neste momento dif\u00edcil que o mercado est\u00e1 a viver?<br \/>\n<\/strong>De v\u00e1rias formas, no entanto, destacaria a que consideramos mais importante, o facto de termos montado \u201cum gabinete de crise\u201d, no qual disponibilizamos o servi\u00e7o de um t\u00e9cnico especializada nas \u201cmedidas de apoio \u2013 Covid 19\u201d, que o governo, entretanto lan\u00e7ou, para prestar todo o tipo de apoio, que os nossos clientes necessitem.<\/p>\n<p><strong>Que boas pr\u00e1ticas est\u00e3o a ser implementadas pela AB Tyres\u00a0 para conseguir manter a atividade em seguran\u00e7a?<br \/>\n<\/strong>Acima de tudo, fazemos com que, sejam cumpridas,\u00a0 escrupulosamente, as diretrizes emanadas no \u201cPlano Nacional de Conting\u00eancia | COVID-19 \u2013 SNS\u201d, paralelamente, fazemos tamb\u00e9m, com que, essas mesmas normas de seguran\u00e7a, sejam cumpridas, por todos os intervenientes, ao longo de toda a cadeia de fornecimento, ou seja, desde quando o \u201cpneu\u201d \u00e9 entregue no n\/armaz\u00e9m at\u00e9 chegar ao n\/cliente.<\/p>\n<p><strong>\u00c9 poss\u00edvel contabilizar j\u00e1 os preju\u00edzos causados pela Covid-19?<br \/>\n<\/strong>Ainda \u00e9 um pouco prematuro, para fazer esses c\u00e1lculos, com seguran\u00e7a e exatid\u00e3o, o que podemos desde j\u00e1 adiantar \u00e9 que no imediato, nos trouxe \u201cquebras\u201d na fatura\u00e7\u00e3o superiores a 55%. Existem, ainda outros preju\u00edzos colaterais, que ser\u00e3o mais tarde objeto de avalia\u00e7\u00e3o e contabiliza\u00e7\u00e3o.<\/p>\n<p><strong>Para quando antev\u00ea a retoma do setor? E de que forma?<br \/>\n<\/strong>Julgamos que ir\u00e1 ser lenta e progressiva. No entanto, e na sequ\u00eancia de algumas altera\u00e7\u00f5es, que prevemos que ir\u00e3o acontecer, no inicio, do m\u00eas de Maio, ter\u00e3o j\u00e1, algumas repercuss\u00f5es positivas, mas pensamos n\u00f3s, que ser\u00e3o mais evidentes a partir do m\u00eas de Junho. No entanto e para voltarmos aos valores \u201cnormais de mercado\u201d iremos necessitar de mais alguns meses, para o efeito, que n\u00e3o antevemos que se verifique antes de Setembro\/Outubro.<\/p>\n<p><strong>Na sua opini\u00e3o, o que vai acontecer ao setor dos pneus em Portugal p\u00f3s Covid-19?<br \/>\n<\/strong>Prevemos algumas altera\u00e7\u00f5es, mas julgamos que ser\u00e3o mais evidentes, ao n\u00edvel do retalho, nalguns dos intervenientes, nesta \u00e1rea de neg\u00f3cio e neste canal. Muito destes pontos de venda, aproveitaram esta fase \u201cpand\u00eamica\u201d, para refletir sobre v\u00e1rias mat\u00e9rias, nomeadamente sobre a quest\u00e3o de \u201ccomo \u00e9 que tenho montado o meu neg\u00f3cio\u201d e muitos chegaram \u00e0 conclus\u00e3o, que ter\u00e3o de modificar alguns dos aspetos a esse n\u00edvel. Verificamos tamb\u00e9m, que os casos diferem, cada caso \u00e9 um caso, ou seja, estes aspetos, sujeitos a altera\u00e7\u00e3o, n\u00e3o ser\u00e3o os mesmos, para todos, e n\u00e3o ter\u00e3o a mesma dimens\u00e3o.<\/p>\n<p>Resumindo, \u00e9 neste canal, que julgamos que ir\u00e1 haver altera\u00e7\u00f5es, mais evidentes, nomeadamente, no formato de funcionamento o que implicar\u00e1, evidentemente, outras altera\u00e7\u00f5es a n\u00edvel da sua pr\u00f3pria gest\u00e3o. Por fim, achamos que 2021 possa ser um ano positivo em termos de vendas de pneus, com consequ\u00eancia do menor numero de carros novos vendidos em 2020.<\/p>\n<p><strong>Que mensagem deseja transmitir ao setor para o futuro?<br \/>\n<\/strong>Acima de tudo uma mensagem de tranquilidade, esperan\u00e7a e confian\u00e7a!<\/p>\n<p>Apelando a todos \u00e0 uni\u00e3o, e fazendo votos, para que este momento \u201cdif\u00edcil\u201d, seja ultrapassado por todos o mais r\u00e1pido poss\u00edvel, e que de alguma forma, tenha contribu\u00eddo, para\u00a0 refletirmos, valorizando, alguns dos pormenores do quotidiano da nossa vida, pessoal e profissional, dado que em circunst\u00e2ncias normais, nunca o fazemos!<\/p>\n<p>Queremos tamb\u00e9m passar uma mensagem de apoio da AB Tyres, aproveitando esta crise para cimentar la\u00e7os mais fortes com nossos Parceiros e Clientes.<\/p>\n<p>&nbsp;<\/p>\n<p>&nbsp;<\/p>\n<p>&nbsp;<\/p>\n<p>&nbsp;<\/p>\n<!-- AddThis Advanced Settings generic via filter on the_content --><!-- AddThis Share Buttons generic via filter on the_content -->","protected":false},"excerpt":{"rendered":"<p>A AB Tyres est\u00e1 a enfrentar esta situa\u00e7\u00e3o com&#8230;<!-- AddThis Advanced Settings generic via filter on get_the_excerpt --><!-- AddThis Share Buttons generic via filter on get_the_excerpt --><\/p>\n","protected":false},"author":9,"featured_media":9042,"comment_status":"closed","ping_status":"closed","sticky":false,"template":"","format":"standard","meta":{"footnotes":""},"categories":[38],"tags":[1475,912],"class_list":["post-9585","post","type-post","status-publish","format-standard","has-post-thumbnail","hentry","category-entrevistas","tag-ab-tyre","tag-revista-dos-pneus"],"yoast_head":"<!-- This site is optimized with the Yoast SEO plugin v27.5 - https:\/\/yoast.com\/product\/yoast-seo-wordpress\/ -->\n<title>\u201cA AB Tyres tem enfrentado a pandemia sem receios\u201d, Filipe Bandeira, AB Tyres - Revista dos Pneus<\/title>\n<meta name=\"robots\" content=\"index, follow, max-snippet:-1, max-image-preview:large, max-video-preview:-1\" \/>\n<link rel=\"canonical\" href=\"https:\/\/revistadospneus.com\/pt\/2020\/07\/03\/a-ab-tyres-tem-enfrentado-a-pandemia-sem-receios-filipe-bandeira-ab-tyres\/\" \/>\n<meta property=\"og:locale\" content=\"pt_PT\" \/>\n<meta property=\"og:type\" content=\"article\" \/>\n<meta property=\"og:title\" content=\"\u201cA AB Tyres tem enfrentado a pandemia sem receios\u201d, Filipe Bandeira, AB Tyres - Revista dos Pneus\" \/>\n<meta property=\"og:description\" content=\"A AB Tyres est\u00e1 a enfrentar esta situa\u00e7\u00e3o com...\" \/>\n<meta property=\"og:url\" content=\"https:\/\/revistadospneus.com\/pt\/2020\/07\/03\/a-ab-tyres-tem-enfrentado-a-pandemia-sem-receios-filipe-bandeira-ab-tyres\/\" \/>\n<meta property=\"og:site_name\" content=\"Revista dos Pneus\" \/>\n<meta property=\"article:publisher\" content=\"https:\/\/www.facebook.com\/revistapneus\" \/>\n<meta property=\"article:published_time\" content=\"2020-07-03T08:00:18+00:00\" \/>\n<meta property=\"og:image\" content=\"https:\/\/revistadospneus.com\/pt\/wp-content\/uploads\/2020\/04\/filipebandeira.png\" \/>\n\t<meta property=\"og:image:width\" content=\"1024\" \/>\n\t<meta property=\"og:image:height\" content=\"581\" \/>\n\t<meta property=\"og:image:type\" content=\"image\/png\" \/>\n<meta name=\"author\" content=\"Jo\u00e3o Vieira\" \/>\n<meta name=\"twitter:card\" content=\"summary_large_image\" \/>\n<meta name=\"twitter:creator\" content=\"@revistapneus\" \/>\n<meta name=\"twitter:site\" content=\"@revistapneus\" \/>\n<meta name=\"twitter:label1\" content=\"Escrito por\" \/>\n\t<meta name=\"twitter:data1\" content=\"Jo\u00e3o Vieira\" \/>\n\t<meta name=\"twitter:label2\" content=\"Tempo estimado de leitura\" \/>\n\t<meta name=\"twitter:data2\" content=\"4 minutos\" \/>\n<script type=\"application\/ld+json\" class=\"yoast-schema-graph\">{\"@context\":\"https:\\\/\\\/schema.org\",\"@graph\":[{\"@type\":\"Article\",\"@id\":\"https:\\\/\\\/revistadospneus.com\\\/pt\\\/2020\\\/07\\\/03\\\/a-ab-tyres-tem-enfrentado-a-pandemia-sem-receios-filipe-bandeira-ab-tyres\\\/#article\",\"isPartOf\":{\"@id\":\"https:\\\/\\\/revistadospneus.com\\\/pt\\\/2020\\\/07\\\/03\\\/a-ab-tyres-tem-enfrentado-a-pandemia-sem-receios-filipe-bandeira-ab-tyres\\\/\"},\"author\":{\"name\":\"Jo\u00e3o Vieira\",\"@id\":\"https:\\\/\\\/revistadospneus.com\\\/pt\\\/#\\\/schema\\\/person\\\/d145387c983f10ff81c1598f59ccd8b2\"},\"headline\":\"\u201cA AB Tyres tem enfrentado a pandemia sem receios\u201d, Filipe Bandeira, AB Tyres\",\"datePublished\":\"2020-07-03T08:00:18+00:00\",\"mainEntityOfPage\":{\"@id\":\"https:\\\/\\\/revistadospneus.com\\\/pt\\\/2020\\\/07\\\/03\\\/a-ab-tyres-tem-enfrentado-a-pandemia-sem-receios-filipe-bandeira-ab-tyres\\\/\"},\"wordCount\":872,\"publisher\":{\"@id\":\"https:\\\/\\\/revistadospneus.com\\\/pt\\\/#organization\"},\"image\":{\"@id\":\"https:\\\/\\\/revistadospneus.com\\\/pt\\\/2020\\\/07\\\/03\\\/a-ab-tyres-tem-enfrentado-a-pandemia-sem-receios-filipe-bandeira-ab-tyres\\\/#primaryimage\"},\"thumbnailUrl\":\"https:\\\/\\\/revistadospneus.com\\\/pt\\\/wp-content\\\/uploads\\\/2020\\\/04\\\/filipebandeira.png\",\"keywords\":[\"AB Tyre\",\"Revista dos Pneus\"],\"articleSection\":[\"Entrevistas\"],\"inLanguage\":\"pt-PT\"},{\"@type\":\"WebPage\",\"@id\":\"https:\\\/\\\/revistadospneus.com\\\/pt\\\/2020\\\/07\\\/03\\\/a-ab-tyres-tem-enfrentado-a-pandemia-sem-receios-filipe-bandeira-ab-tyres\\\/\",\"url\":\"https:\\\/\\\/revistadospneus.com\\\/pt\\\/2020\\\/07\\\/03\\\/a-ab-tyres-tem-enfrentado-a-pandemia-sem-receios-filipe-bandeira-ab-tyres\\\/\",\"name\":\"\u201cA AB Tyres tem enfrentado a pandemia sem receios\u201d, Filipe Bandeira, AB Tyres - Revista dos Pneus\",\"isPartOf\":{\"@id\":\"https:\\\/\\\/revistadospneus.com\\\/pt\\\/#website\"},\"primaryImageOfPage\":{\"@id\":\"https:\\\/\\\/revistadospneus.com\\\/pt\\\/2020\\\/07\\\/03\\\/a-ab-tyres-tem-enfrentado-a-pandemia-sem-receios-filipe-bandeira-ab-tyres\\\/#primaryimage\"},\"image\":{\"@id\":\"https:\\\/\\\/revistadospneus.com\\\/pt\\\/2020\\\/07\\\/03\\\/a-ab-tyres-tem-enfrentado-a-pandemia-sem-receios-filipe-bandeira-ab-tyres\\\/#primaryimage\"},\"thumbnailUrl\":\"https:\\\/\\\/revistadospneus.com\\\/pt\\\/wp-content\\\/uploads\\\/2020\\\/04\\\/filipebandeira.png\",\"datePublished\":\"2020-07-03T08:00:18+00:00\",\"breadcrumb\":{\"@id\":\"https:\\\/\\\/revistadospneus.com\\\/pt\\\/2020\\\/07\\\/03\\\/a-ab-tyres-tem-enfrentado-a-pandemia-sem-receios-filipe-bandeira-ab-tyres\\\/#breadcrumb\"},\"inLanguage\":\"pt-PT\",\"potentialAction\":[{\"@type\":\"ReadAction\",\"target\":[\"https:\\\/\\\/revistadospneus.com\\\/pt\\\/2020\\\/07\\\/03\\\/a-ab-tyres-tem-enfrentado-a-pandemia-sem-receios-filipe-bandeira-ab-tyres\\\/\"]}]},{\"@type\":\"ImageObject\",\"inLanguage\":\"pt-PT\",\"@id\":\"https:\\\/\\\/revistadospneus.com\\\/pt\\\/2020\\\/07\\\/03\\\/a-ab-tyres-tem-enfrentado-a-pandemia-sem-receios-filipe-bandeira-ab-tyres\\\/#primaryimage\",\"url\":\"https:\\\/\\\/revistadospneus.com\\\/pt\\\/wp-content\\\/uploads\\\/2020\\\/04\\\/filipebandeira.png\",\"contentUrl\":\"https:\\\/\\\/revistadospneus.com\\\/pt\\\/wp-content\\\/uploads\\\/2020\\\/04\\\/filipebandeira.png\",\"width\":1024,\"height\":581,\"caption\":\"04 - filipebandeira\"},{\"@type\":\"BreadcrumbList\",\"@id\":\"https:\\\/\\\/revistadospneus.com\\\/pt\\\/2020\\\/07\\\/03\\\/a-ab-tyres-tem-enfrentado-a-pandemia-sem-receios-filipe-bandeira-ab-tyres\\\/#breadcrumb\",\"itemListElement\":[{\"@type\":\"ListItem\",\"position\":1,\"name\":\"In\u00edcio\",\"item\":\"https:\\\/\\\/revistadospneus.com\\\/pt\\\/\"},{\"@type\":\"ListItem\",\"position\":2,\"name\":\"\u201cA AB Tyres tem enfrentado a pandemia sem receios\u201d, Filipe Bandeira, AB Tyres\"}]},{\"@type\":\"WebSite\",\"@id\":\"https:\\\/\\\/revistadospneus.com\\\/pt\\\/#website\",\"url\":\"https:\\\/\\\/revistadospneus.com\\\/pt\\\/\",\"name\":\"Revista dos Pneus\",\"description\":\"Revista independente de pneus e servi\u00e7os r\u00e1pidos\",\"publisher\":{\"@id\":\"https:\\\/\\\/revistadospneus.com\\\/pt\\\/#organization\"},\"potentialAction\":[{\"@type\":\"SearchAction\",\"target\":{\"@type\":\"EntryPoint\",\"urlTemplate\":\"https:\\\/\\\/revistadospneus.com\\\/pt\\\/?s={search_term_string}\"},\"query-input\":{\"@type\":\"PropertyValueSpecification\",\"valueRequired\":true,\"valueName\":\"search_term_string\"}}],\"inLanguage\":\"pt-PT\"},{\"@type\":\"Organization\",\"@id\":\"https:\\\/\\\/revistadospneus.com\\\/pt\\\/#organization\",\"name\":\"Revista dos Pneus\",\"url\":\"https:\\\/\\\/revistadospneus.com\\\/pt\\\/\",\"logo\":{\"@type\":\"ImageObject\",\"inLanguage\":\"pt-PT\",\"@id\":\"https:\\\/\\\/revistadospneus.com\\\/pt\\\/#\\\/schema\\\/logo\\\/image\\\/\",\"url\":\"https:\\\/\\\/revistadospneus.com\\\/pt\\\/wp-content\\\/uploads\\\/logo2-1.png\",\"contentUrl\":\"https:\\\/\\\/revistadospneus.com\\\/pt\\\/wp-content\\\/uploads\\\/logo2-1.png\",\"width\":216,\"height\":70,\"caption\":\"Revista dos Pneus\"},\"image\":{\"@id\":\"https:\\\/\\\/revistadospneus.com\\\/pt\\\/#\\\/schema\\\/logo\\\/image\\\/\"},\"sameAs\":[\"https:\\\/\\\/www.facebook.com\\\/revistapneus\",\"https:\\\/\\\/x.com\\\/revistapneus\",\"https:\\\/\\\/www.linkedin.com\\\/company\\\/jornal-das-oficinas\\\/\",\"https:\\\/\\\/www.youtube.com\\\/channel\\\/UCbQZBqtcvV-oSQrr7RzINGg\"]},{\"@type\":\"Person\",\"@id\":\"https:\\\/\\\/revistadospneus.com\\\/pt\\\/#\\\/schema\\\/person\\\/d145387c983f10ff81c1598f59ccd8b2\",\"name\":\"Jo\u00e3o Vieira\",\"image\":{\"@type\":\"ImageObject\",\"inLanguage\":\"pt-PT\",\"@id\":\"https:\\\/\\\/secure.gravatar.com\\\/avatar\\\/441adcd63c03ba65286942d287eb8208a031ac45c48eecb30d63bf4cc7f790ee?s=96&d=wp_user_avatar&r=g\",\"url\":\"https:\\\/\\\/secure.gravatar.com\\\/avatar\\\/441adcd63c03ba65286942d287eb8208a031ac45c48eecb30d63bf4cc7f790ee?s=96&d=wp_user_avatar&r=g\",\"contentUrl\":\"https:\\\/\\\/secure.gravatar.com\\\/avatar\\\/441adcd63c03ba65286942d287eb8208a031ac45c48eecb30d63bf4cc7f790ee?s=96&d=wp_user_avatar&r=g\",\"caption\":\"Jo\u00e3o Vieira\"},\"url\":\"https:\\\/\\\/revistadospneus.com\\\/pt\\\/author\\\/joaovieira\\\/\"}]}<\/script>\n<!-- \/ Yoast SEO plugin. -->","yoast_head_json":{"title":"\u201cA AB Tyres tem enfrentado a pandemia sem receios\u201d, Filipe Bandeira, AB Tyres - Revista dos Pneus","robots":{"index":"index","follow":"follow","max-snippet":"max-snippet:-1","max-image-preview":"max-image-preview:large","max-video-preview":"max-video-preview:-1"},"canonical":"https:\/\/revistadospneus.com\/pt\/2020\/07\/03\/a-ab-tyres-tem-enfrentado-a-pandemia-sem-receios-filipe-bandeira-ab-tyres\/","og_locale":"pt_PT","og_type":"article","og_title":"\u201cA AB Tyres tem enfrentado a pandemia sem receios\u201d, Filipe Bandeira, AB Tyres - Revista dos Pneus","og_description":"A AB Tyres est\u00e1 a enfrentar esta situa\u00e7\u00e3o com...","og_url":"https:\/\/revistadospneus.com\/pt\/2020\/07\/03\/a-ab-tyres-tem-enfrentado-a-pandemia-sem-receios-filipe-bandeira-ab-tyres\/","og_site_name":"Revista dos Pneus","article_publisher":"https:\/\/www.facebook.com\/revistapneus","article_published_time":"2020-07-03T08:00:18+00:00","og_image":[{"width":1024,"height":581,"url":"https:\/\/revistadospneus.com\/pt\/wp-content\/uploads\/2020\/04\/filipebandeira.png","type":"image\/png"}],"author":"Jo\u00e3o Vieira","twitter_card":"summary_large_image","twitter_creator":"@revistapneus","twitter_site":"@revistapneus","twitter_misc":{"Escrito por":"Jo\u00e3o Vieira","Tempo estimado de leitura":"4 minutos"},"schema":{"@context":"https:\/\/schema.org","@graph":[{"@type":"Article","@id":"https:\/\/revistadospneus.com\/pt\/2020\/07\/03\/a-ab-tyres-tem-enfrentado-a-pandemia-sem-receios-filipe-bandeira-ab-tyres\/#article","isPartOf":{"@id":"https:\/\/revistadospneus.com\/pt\/2020\/07\/03\/a-ab-tyres-tem-enfrentado-a-pandemia-sem-receios-filipe-bandeira-ab-tyres\/"},"author":{"name":"Jo\u00e3o Vieira","@id":"https:\/\/revistadospneus.com\/pt\/#\/schema\/person\/d145387c983f10ff81c1598f59ccd8b2"},"headline":"\u201cA AB Tyres tem enfrentado a pandemia sem receios\u201d, Filipe Bandeira, AB Tyres","datePublished":"2020-07-03T08:00:18+00:00","mainEntityOfPage":{"@id":"https:\/\/revistadospneus.com\/pt\/2020\/07\/03\/a-ab-tyres-tem-enfrentado-a-pandemia-sem-receios-filipe-bandeira-ab-tyres\/"},"wordCount":872,"publisher":{"@id":"https:\/\/revistadospneus.com\/pt\/#organization"},"image":{"@id":"https:\/\/revistadospneus.com\/pt\/2020\/07\/03\/a-ab-tyres-tem-enfrentado-a-pandemia-sem-receios-filipe-bandeira-ab-tyres\/#primaryimage"},"thumbnailUrl":"https:\/\/revistadospneus.com\/pt\/wp-content\/uploads\/2020\/04\/filipebandeira.png","keywords":["AB Tyre","Revista dos Pneus"],"articleSection":["Entrevistas"],"inLanguage":"pt-PT"},{"@type":"WebPage","@id":"https:\/\/revistadospneus.com\/pt\/2020\/07\/03\/a-ab-tyres-tem-enfrentado-a-pandemia-sem-receios-filipe-bandeira-ab-tyres\/","url":"https:\/\/revistadospneus.com\/pt\/2020\/07\/03\/a-ab-tyres-tem-enfrentado-a-pandemia-sem-receios-filipe-bandeira-ab-tyres\/","name":"\u201cA AB Tyres tem enfrentado a pandemia sem receios\u201d, Filipe Bandeira, AB Tyres - Revista dos Pneus","isPartOf":{"@id":"https:\/\/revistadospneus.com\/pt\/#website"},"primaryImageOfPage":{"@id":"https:\/\/revistadospneus.com\/pt\/2020\/07\/03\/a-ab-tyres-tem-enfrentado-a-pandemia-sem-receios-filipe-bandeira-ab-tyres\/#primaryimage"},"image":{"@id":"https:\/\/revistadospneus.com\/pt\/2020\/07\/03\/a-ab-tyres-tem-enfrentado-a-pandemia-sem-receios-filipe-bandeira-ab-tyres\/#primaryimage"},"thumbnailUrl":"https:\/\/revistadospneus.com\/pt\/wp-content\/uploads\/2020\/04\/filipebandeira.png","datePublished":"2020-07-03T08:00:18+00:00","breadcrumb":{"@id":"https:\/\/revistadospneus.com\/pt\/2020\/07\/03\/a-ab-tyres-tem-enfrentado-a-pandemia-sem-receios-filipe-bandeira-ab-tyres\/#breadcrumb"},"inLanguage":"pt-PT","potentialAction":[{"@type":"ReadAction","target":["https:\/\/revistadospneus.com\/pt\/2020\/07\/03\/a-ab-tyres-tem-enfrentado-a-pandemia-sem-receios-filipe-bandeira-ab-tyres\/"]}]},{"@type":"ImageObject","inLanguage":"pt-PT","@id":"https:\/\/revistadospneus.com\/pt\/2020\/07\/03\/a-ab-tyres-tem-enfrentado-a-pandemia-sem-receios-filipe-bandeira-ab-tyres\/#primaryimage","url":"https:\/\/revistadospneus.com\/pt\/wp-content\/uploads\/2020\/04\/filipebandeira.png","contentUrl":"https:\/\/revistadospneus.com\/pt\/wp-content\/uploads\/2020\/04\/filipebandeira.png","width":1024,"height":581,"caption":"04 - filipebandeira"},{"@type":"BreadcrumbList","@id":"https:\/\/revistadospneus.com\/pt\/2020\/07\/03\/a-ab-tyres-tem-enfrentado-a-pandemia-sem-receios-filipe-bandeira-ab-tyres\/#breadcrumb","itemListElement":[{"@type":"ListItem","position":1,"name":"In\u00edcio","item":"https:\/\/revistadospneus.com\/pt\/"},{"@type":"ListItem","position":2,"name":"\u201cA AB Tyres tem enfrentado a pandemia sem receios\u201d, Filipe Bandeira, AB Tyres"}]},{"@type":"WebSite","@id":"https:\/\/revistadospneus.com\/pt\/#website","url":"https:\/\/revistadospneus.com\/pt\/","name":"Revista dos Pneus","description":"Revista independente de pneus e servi\u00e7os r\u00e1pidos","publisher":{"@id":"https:\/\/revistadospneus.com\/pt\/#organization"},"potentialAction":[{"@type":"SearchAction","target":{"@type":"EntryPoint","urlTemplate":"https:\/\/revistadospneus.com\/pt\/?s={search_term_string}"},"query-input":{"@type":"PropertyValueSpecification","valueRequired":true,"valueName":"search_term_string"}}],"inLanguage":"pt-PT"},{"@type":"Organization","@id":"https:\/\/revistadospneus.com\/pt\/#organization","name":"Revista dos Pneus","url":"https:\/\/revistadospneus.com\/pt\/","logo":{"@type":"ImageObject","inLanguage":"pt-PT","@id":"https:\/\/revistadospneus.com\/pt\/#\/schema\/logo\/image\/","url":"https:\/\/revistadospneus.com\/pt\/wp-content\/uploads\/logo2-1.png","contentUrl":"https:\/\/revistadospneus.com\/pt\/wp-content\/uploads\/logo2-1.png","width":216,"height":70,"caption":"Revista dos Pneus"},"image":{"@id":"https:\/\/revistadospneus.com\/pt\/#\/schema\/logo\/image\/"},"sameAs":["https:\/\/www.facebook.com\/revistapneus","https:\/\/x.com\/revistapneus","https:\/\/www.linkedin.com\/company\/jornal-das-oficinas\/","https:\/\/www.youtube.com\/channel\/UCbQZBqtcvV-oSQrr7RzINGg"]},{"@type":"Person","@id":"https:\/\/revistadospneus.com\/pt\/#\/schema\/person\/d145387c983f10ff81c1598f59ccd8b2","name":"Jo\u00e3o Vieira","image":{"@type":"ImageObject","inLanguage":"pt-PT","@id":"https:\/\/secure.gravatar.com\/avatar\/441adcd63c03ba65286942d287eb8208a031ac45c48eecb30d63bf4cc7f790ee?s=96&d=wp_user_avatar&r=g","url":"https:\/\/secure.gravatar.com\/avatar\/441adcd63c03ba65286942d287eb8208a031ac45c48eecb30d63bf4cc7f790ee?s=96&d=wp_user_avatar&r=g","contentUrl":"https:\/\/secure.gravatar.com\/avatar\/441adcd63c03ba65286942d287eb8208a031ac45c48eecb30d63bf4cc7f790ee?s=96&d=wp_user_avatar&r=g","caption":"Jo\u00e3o Vieira"},"url":"https:\/\/revistadospneus.com\/pt\/author\/joaovieira\/"}]}},"_links":{"self":[{"href":"https:\/\/revistadospneus.com\/pt\/wp-json\/wp\/v2\/posts\/9585","targetHints":{"allow":["GET"]}}],"collection":[{"href":"https:\/\/revistadospneus.com\/pt\/wp-json\/wp\/v2\/posts"}],"about":[{"href":"https:\/\/revistadospneus.com\/pt\/wp-json\/wp\/v2\/types\/post"}],"author":[{"embeddable":true,"href":"https:\/\/revistadospneus.com\/pt\/wp-json\/wp\/v2\/users\/9"}],"replies":[{"embeddable":true,"href":"https:\/\/revistadospneus.com\/pt\/wp-json\/wp\/v2\/comments?post=9585"}],"version-history":[{"count":0,"href":"https:\/\/revistadospneus.com\/pt\/wp-json\/wp\/v2\/posts\/9585\/revisions"}],"wp:featuredmedia":[{"embeddable":true,"href":"https:\/\/revistadospneus.com\/pt\/wp-json\/wp\/v2\/media\/9042"}],"wp:attachment":[{"href":"https:\/\/revistadospneus.com\/pt\/wp-json\/wp\/v2\/media?parent=9585"}],"wp:term":[{"taxonomy":"category","embeddable":true,"href":"https:\/\/revistadospneus.com\/pt\/wp-json\/wp\/v2\/categories?post=9585"},{"taxonomy":"post_tag","embeddable":true,"href":"https:\/\/revistadospneus.com\/pt\/wp-json\/wp\/v2\/tags?post=9585"}],"curies":[{"name":"wp","href":"https:\/\/api.w.org\/{rel}","templated":true}]}}